{"id":20423,"date":"2024-05-02T18:10:16","date_gmt":"2024-05-03T00:10:16","guid":{"rendered":"https:\/\/www.aquilaguna.com\/?p=20423"},"modified":"2024-05-02T18:10:16","modified_gmt":"2024-05-03T00:10:16","slug":"invitan-a-nuevos-talleres-del-dif-torreon","status":"publish","type":"post","link":"https:\/\/www.aquilaguna.com\/index.php\/2024\/05\/02\/invitan-a-nuevos-talleres-del-dif-torreon\/","title":{"rendered":"Invitan a nuevos talleres del DIF Torre\u00f3n."},"content":{"rendered":"\n<p>Torre\u00f3n, Coahuila. A 02 de mayo de 2024.<\/p>\n\n\n\n<p>Como parte de la oferta de talleres que programa el Sistema para el Desarrollo<br>Integral de la Familia (DIF) Torre\u00f3n, para que los asistentes adquieran el<br>aprendizaje y desarrollo de habilidades que les permitan acceder a mejores<br>ofertas laborales o emprender un negocio, hoy comenz\u00f3 un nuevo curso de<br>capacitaci\u00f3n.<\/p>\n\n\n\n<p>Marlene Mart\u00ednez Vald\u00e9s, directora general del DIF Torre\u00f3n, inform\u00f3 que este<br>jueves dio inicio el curso \u201cClave 612\u201d, enfocado en la presentaci\u00f3n de pagos<br>provisionales para personas f\u00edsicas con actividad empresarial desde cero.<\/p>\n\n\n\n<p>Adem\u00e1s, los participantes recibieron preparaci\u00f3n en materia de c\u00e1lculo, orientada<br>hacia el tema fiscal para la presentaci\u00f3n de pagos y con ello tener mayor control<br>de sus finanzas empresariales.<\/p>\n\n\n\n<p>La actividad forma parte de los talleres Tonantzin que se imparten en las<br>instalaciones del DIF Revoluci\u00f3n y concluir\u00e1 el 18 de julio.<\/p>\n\n\n\n<p>El costo del curso se cubrir\u00e1 con una cuota mensual de 250 pesos y los requisitos<br>para integrarse es presentar copia de su identificaci\u00f3n, y en el caso de ser menor<br>de edad la de su tutor, adem\u00e1s de la CURP del menor.<\/p>\n\n\n\n<p>De igual forma, la funcionaria invit\u00f3 a la ciudadan\u00eda interesada en aprender alg\u00fan<br>oficio como barber\u00eda o carpinter\u00eda, a acercarse al DIF Torre\u00f3n y solicitar<br>informaci\u00f3n ya que se tienen preparados nuevos cursos con estas tem\u00e1ticas.<\/p>\n\n\n\n<p>Cabe mencionar que los talleres que programa del DIF Torre\u00f3n, se disponen en<br>diferentes horarios y en ocasiones se abren dos grupos, con el objetivo de que los<br>usuarios reciban una mejor atenci\u00f3n y encuentren mayor oportunidad de aclarar<br>sus dudas.<\/p>\n\n\n\n<p>Recientemente, alumnas del segundo del taller de corte y confecci\u00f3n, realizaron<br>una visita guiada a la f\u00e1brica SALPER Torre\u00f3n, donde conocieron de cerca los<br>procesos de producci\u00f3n, selecci\u00f3n de materiales, dise\u00f1o y fabricaci\u00f3n de prendas.<br>Para mayor informaci\u00f3n sobre los talleres Tonantzin, los interesados pueden<br>comunicarse al tel\u00e9fono 871 893 11 28 o v\u00eda WhatsApp al 871 347 76 87.<\/p>\n","protected":false},"excerpt":{"rendered":"<p>Torre\u00f3n, Coahuila. A 02 de mayo de 2024. Como parte de la oferta de talleres que programa el Sistema para el DesarrolloIntegral de la Familia (DIF) Torre\u00f3n, para que los asistentes adquieran elaprendizaje y desarrollo de habilidades que les permitan acceder a mejoresofertas laborales o emprender un negocio, hoy comenz\u00f3 un nuevo curso decapacitaci\u00f3n. Marlene Mart\u00ednez Vald\u00e9s, directora general del DIF Torre\u00f3n, inform\u00f3 que estejueves dio inicio el curso \u201cClave&#8230;<\/p>\n","protected":false},"author":1,"featured_media":20424,"comment_status":"closed","ping_status":"closed","sticky":false,"template":"","format":"standard","meta":{"footnotes":""},"categories":[5,28,7],"tags":[],"class_list":["post-20423","post","type-post","status-publish","format-standard","has-post-thumbnail","hentry","category-coahuila","category-la-laguna","category-torreon","wpcat-5-id","wpcat-28-id","wpcat-7-id"],"_links":{"self":[{"href":"https:\/\/www.aquilaguna.com\/index.php\/wp-json\/wp\/v2\/posts\/20423","targetHints":{"allow":["GET"]}}],"collection":[{"href":"https:\/\/www.aquilaguna.com\/index.php\/wp-json\/wp\/v2\/posts"}],"about":[{"href":"https:\/\/www.aquilaguna.com\/index.php\/wp-json\/wp\/v2\/types\/post"}],"author":[{"embeddable":true,"href":"https:\/\/www.aquilaguna.com\/index.php\/wp-json\/wp\/v2\/users\/1"}],"replies":[{"embeddable":true,"href":"https:\/\/www.aquilaguna.com\/index.php\/wp-json\/wp\/v2\/comments?post=20423"}],"version-history":[{"count":1,"href":"https:\/\/www.aquilaguna.com\/index.php\/wp-json\/wp\/v2\/posts\/20423\/revisions"}],"predecessor-version":[{"id":20425,"href":"https:\/\/www.aquilaguna.com\/index.php\/wp-json\/wp\/v2\/posts\/20423\/revisions\/20425"}],"wp:featuredmedia":[{"embeddable":true,"href":"https:\/\/www.aquilaguna.com\/index.php\/wp-json\/wp\/v2\/media\/20424"}],"wp:attachment":[{"href":"https:\/\/www.aquilaguna.com\/index.php\/wp-json\/wp\/v2\/media?parent=20423"}],"wp:term":[{"taxonomy":"category","embeddable":true,"href":"https:\/\/www.aquilaguna.com\/index.php\/wp-json\/wp\/v2\/categories?post=20423"},{"taxonomy":"post_tag","embeddable":true,"href":"https:\/\/www.aquilaguna.com\/index.php\/wp-json\/wp\/v2\/tags?post=20423"}],"curies":[{"name":"wp","href":"https:\/\/api.w.org\/{rel}","templated":true}]}}