{"id":20432,"date":"2024-05-02T18:14:55","date_gmt":"2024-05-03T00:14:55","guid":{"rendered":"https:\/\/www.aquilaguna.com\/?p=20432"},"modified":"2024-05-02T18:14:56","modified_gmt":"2024-05-03T00:14:56","slug":"se-pronostican-chubascos-y-caida-de-granizo-en-coahuila","status":"publish","type":"post","link":"https:\/\/www.aquilaguna.com\/index.php\/2024\/05\/02\/se-pronostican-chubascos-y-caida-de-granizo-en-coahuila\/","title":{"rendered":"SE PRONOSTICAN CHUBASCOS Y CA\u00cdDA DE GRANIZO EN COAHUILA."},"content":{"rendered":"\n<p>Saltillo, Coahuila de Zaragoza, 02 mayo de 2024.- La Subsecretar\u00eda de Protecci\u00f3n Civil del Estado (PC) ha anunciado que la interacci\u00f3n de una l\u00ednea seca en el norte de Coahuila con la corriente en chorro subtropical y la inestabilidad atmosf\u00e9rica en altitudes elevadas dar\u00e1 lugar a chubascos, descargas el\u00e9ctricas y la posible formaci\u00f3n de granizo.<\/p>\n\n\n\n<p>El Servicio Meteorol\u00f3gico Nacional anticipa temperaturas m\u00e1ximas de entre 35 y 40\u00b0C, con chubascos que podr\u00edan acumular entre 5 y 25 mm de lluvia. Tambi\u00e9n se espera que los vientos alcancen r\u00e1fagas de 40 a 60 km\/h y puedan generar tolvaneras, especialmente en las regiones norte y carbon\u00edfera de Coahuila.<\/p>\n\n\n\n<p>Estas precipitaciones estar\u00e1n acompa\u00f1adas de actividad el\u00e9ctrica y potencial ca\u00edda de granizo.<\/p>\n\n\n\n<p>Ante la ola de calor, Protecci\u00f3n Civil emite las siguientes recomendaciones:<\/p>\n\n\n\n<p>Evitar exponerse entre las 11 AM y las 4 PM, ya que durante ese periodo se alcanzan las temperaturas m\u00e1s altas.<\/p>\n\n\n\n<p>\u2022\u00a0\u00a0\u00a0\u00a0\u00a0\u00a0\u00a0\u00a0\u00a0\u00a0\u00a0\u00a0\u00a0\u00a0Usar ropa de tonos claros y de preferencia manga larga.<\/p>\n\n\n\n<p>\u2022\u00a0\u00a0\u00a0\u00a0\u00a0\u00a0\u00a0\u00a0\u00a0\u00a0\u00a0\u00a0\u00a0\u00a0Tomar abundantes l\u00edquidos, de preferencia agua simple, aun cuando no se tenga sed.<\/p>\n\n\n\n<p>\u2022\u00a0\u00a0\u00a0\u00a0\u00a0\u00a0\u00a0\u00a0\u00a0\u00a0\u00a0\u00a0\u00a0\u00a0\u00a0Usar bloqueador solar con FPS mayor a 15.<\/p>\n\n\n\n<p>\u2022\u00a0\u00a0\u00a0\u00a0\u00a0\u00a0\u00a0\u00a0\u00a0\u00a0\u00a0\u00a0\u00a0\u00a0\u00a0No realizar actividades bajo el sol.<\/p>\n\n\n\n<p>\u2022\u00a0\u00a0\u00a0\u00a0\u00a0\u00a0\u00a0\u00a0\u00a0\u00a0\u00a0\u00a0\u00a0\u00a0\u00a0Evitar realizar ejercicio intenso en las horas m\u00e1s intensas de sol.<\/p>\n\n\n\n<p>Ante el pron\u00f3stico de lluvia y fuertes vientos, se exhorta a la poblaci\u00f3n a tomar precauciones y estar atenta a los avisos emitidos por el Servicio Meteorol\u00f3gico Nacional.<\/p>\n\n\n\n<p><strong>EN TU VIVIENDA<\/strong><\/p>\n\n\n\n<p>&#8211;&nbsp;&nbsp;&nbsp;&nbsp;&nbsp;&nbsp;&nbsp;&nbsp;&nbsp;&nbsp;&nbsp;&nbsp;&nbsp;&nbsp;Cierra y asegura puertas, ventanas o toldos.<\/p>\n\n\n\n<p>&#8211;&nbsp;&nbsp;&nbsp;&nbsp;&nbsp;&nbsp;&nbsp;&nbsp;&nbsp;&nbsp;&nbsp;&nbsp;&nbsp;&nbsp;Retira todos aquellos objetos que puedan caer a la calle y provocar un accidente.<\/p>\n\n\n\n<p>&#8211;&nbsp;&nbsp;&nbsp;&nbsp;&nbsp;&nbsp;&nbsp;&nbsp;&nbsp;&nbsp;&nbsp;&nbsp;&nbsp;&nbsp;Si los vidrios de las ventanas no son tan fuertes, coloca cinta adhesiva transparente en la parte interior para evitar que al romperse los vidrios provoquen da\u00f1os.<\/p>\n\n\n\n<p>&#8211;&nbsp;&nbsp;&nbsp;&nbsp;&nbsp;&nbsp;&nbsp;&nbsp;&nbsp;&nbsp;&nbsp;&nbsp;&nbsp;&nbsp;Evita salir de casa si no es necesario.<\/p>\n\n\n\n<p><strong>EN LA CALLE O EL CAMPO<\/strong><\/p>\n\n\n\n<p>&#8211;&nbsp;&nbsp;&nbsp;&nbsp;&nbsp;&nbsp;&nbsp;&nbsp;&nbsp;&nbsp;&nbsp;&nbsp;&nbsp;&nbsp;Al\u00e9jate de cornisas, muros o \u00e1rboles que puedan desprenderse.<\/p>\n\n\n\n<p>&#8211;&nbsp;&nbsp;&nbsp;&nbsp;&nbsp;&nbsp;&nbsp;&nbsp;&nbsp;&nbsp;&nbsp;&nbsp;&nbsp;&nbsp;Toma precauciones frente a edificaciones en construcci\u00f3n o en mal estado.<\/p>\n\n\n\n<p>&#8211;&nbsp;&nbsp;&nbsp;&nbsp;&nbsp;&nbsp;&nbsp;&nbsp;&nbsp;&nbsp;&nbsp;&nbsp;&nbsp;&nbsp;Abstente de subir andamios sin las adecuadas medidas de protecci\u00f3n.<\/p>\n\n\n\n<p>&#8211;&nbsp;&nbsp;&nbsp;&nbsp;&nbsp;&nbsp;&nbsp;&nbsp;&nbsp;&nbsp;&nbsp;&nbsp;&nbsp;&nbsp;No te resguardes del viento en zonas cercanas a muros, \u00e1rboles o edificios en mal estado o en construcci\u00f3n.<\/p>\n\n\n\n<p><strong>SI EST\u00c1S CONDUCIENDO<\/strong><\/p>\n\n\n\n<p>&#8211;&nbsp;&nbsp;&nbsp;&nbsp;&nbsp;&nbsp;&nbsp;&nbsp;&nbsp;&nbsp;&nbsp;&nbsp;&nbsp;&nbsp;Evita manejar por \u00e1reas inundadas y agua estancada.<\/p>\n\n\n\n<p>&#8211;&nbsp;&nbsp;&nbsp;&nbsp;&nbsp;&nbsp;&nbsp;&nbsp;&nbsp;&nbsp;&nbsp;&nbsp;&nbsp;&nbsp;Ten precauci\u00f3n, ya que son frecuentes los cortes en v\u00edas debido a la ca\u00edda de \u00e1rboles y cables el\u00e9ctricos.<\/p>\n\n\n\n<p>&#8211;&nbsp;&nbsp;&nbsp;&nbsp;&nbsp;&nbsp;&nbsp;&nbsp;&nbsp;&nbsp;&nbsp;&nbsp;&nbsp;&nbsp;Conduce con precauci\u00f3n debido a la posibilidad de formaci\u00f3n de nubes de polvo.<\/p>\n\n\n\n<p>&#8211;&nbsp;&nbsp;&nbsp;&nbsp;&nbsp;&nbsp;&nbsp;&nbsp;&nbsp;&nbsp;&nbsp;&nbsp;&nbsp;&nbsp;Si tu auto se ve afectado por la fuerza del viento, evita los rebases y ten precauci\u00f3n en los cruces y puentes.<\/p>\n\n\n\n<p>&#8211;&nbsp;&nbsp;&nbsp;&nbsp;&nbsp;&nbsp;&nbsp;&nbsp;&nbsp;&nbsp;&nbsp;&nbsp;&nbsp;&nbsp;Conduce con precauci\u00f3n, disminuyendo la velocidad y con las luces encendidas si la visibilidad es escasa.<\/p>\n\n\n\n<p>&#8211;&nbsp;&nbsp;&nbsp;&nbsp;&nbsp;&nbsp;&nbsp;&nbsp;&nbsp;&nbsp;&nbsp;&nbsp;&nbsp;&nbsp;Ten precauci\u00f3n al adelantar veh\u00edculos de carga pesada, ya que pueden hacer movimientos imprevistos.<\/p>\n\n\n\n<p>&#8211;&nbsp;&nbsp;&nbsp;&nbsp;&nbsp;&nbsp;&nbsp;&nbsp;&nbsp;&nbsp;&nbsp;&nbsp;&nbsp;&nbsp;Localiza con anticipaci\u00f3n los Refugios Temporales habilitados por las autoridades en la p\u00e1gina&nbsp;<a href=\"http:\/\/proteccioncivil.sfpcoahuila.gob.mx\/modulo22.php?opcion=8\" target=\"_blank\" rel=\"noreferrer noopener\">http:\/\/proteccioncivil.sfpcoahuila.gob.mx\/modulo22.php?opcion=8<\/a>.<\/p>\n","protected":false},"excerpt":{"rendered":"<p>Saltillo, Coahuila de Zaragoza, 02 mayo de 2024.- La Subsecretar\u00eda de Protecci\u00f3n Civil del Estado (PC) ha anunciado que la interacci\u00f3n de una l\u00ednea seca en el norte de Coahuila con la corriente en chorro subtropical y la inestabilidad atmosf\u00e9rica en altitudes elevadas dar\u00e1 lugar a chubascos, descargas el\u00e9ctricas y la posible formaci\u00f3n de granizo. El Servicio Meteorol\u00f3gico Nacional anticipa temperaturas m\u00e1ximas de entre 35 y 40\u00b0C, con chubascos que&#8230;<\/p>\n","protected":false},"author":1,"featured_media":20433,"comment_status":"closed","ping_status":"closed","sticky":false,"template":"","format":"standard","meta":{"footnotes":""},"categories":[27,5,15,54],"tags":[],"class_list":["post-20432","post","type-post","status-publish","format-standard","has-post-thumbnail","hentry","category-clima","category-coahuila","category-gobierno-de-coahuila","category-proteccion-civil","wpcat-27-id","wpcat-5-id","wpcat-15-id","wpcat-54-id"],"_links":{"self":[{"href":"https:\/\/www.aquilaguna.com\/index.php\/wp-json\/wp\/v2\/posts\/20432","targetHints":{"allow":["GET"]}}],"collection":[{"href":"https:\/\/www.aquilaguna.com\/index.php\/wp-json\/wp\/v2\/posts"}],"about":[{"href":"https:\/\/www.aquilaguna.com\/index.php\/wp-json\/wp\/v2\/types\/post"}],"author":[{"embeddable":true,"href":"https:\/\/www.aquilaguna.com\/index.php\/wp-json\/wp\/v2\/users\/1"}],"replies":[{"embeddable":true,"href":"https:\/\/www.aquilaguna.com\/index.php\/wp-json\/wp\/v2\/comments?post=20432"}],"version-history":[{"count":1,"href":"https:\/\/www.aquilaguna.com\/index.php\/wp-json\/wp\/v2\/posts\/20432\/revisions"}],"predecessor-version":[{"id":20434,"href":"https:\/\/www.aquilaguna.com\/index.php\/wp-json\/wp\/v2\/posts\/20432\/revisions\/20434"}],"wp:featuredmedia":[{"embeddable":true,"href":"https:\/\/www.aquilaguna.com\/index.php\/wp-json\/wp\/v2\/media\/20433"}],"wp:attachment":[{"href":"https:\/\/www.aquilaguna.com\/index.php\/wp-json\/wp\/v2\/media?parent=20432"}],"wp:term":[{"taxonomy":"category","embeddable":true,"href":"https:\/\/www.aquilaguna.com\/index.php\/wp-json\/wp\/v2\/categories?post=20432"},{"taxonomy":"post_tag","embeddable":true,"href":"https:\/\/www.aquilaguna.com\/index.php\/wp-json\/wp\/v2\/tags?post=20432"}],"curies":[{"name":"wp","href":"https:\/\/api.w.org\/{rel}","templated":true}]}}