{"id":20484,"date":"2024-05-06T20:06:15","date_gmt":"2024-05-07T02:06:15","guid":{"rendered":"https:\/\/www.aquilaguna.com\/?p=20484"},"modified":"2024-05-06T20:06:15","modified_gmt":"2024-05-07T02:06:15","slug":"inicia-uadec-maestria-en-ciencias-alimentarias-y-sostenibilidad","status":"publish","type":"post","link":"https:\/\/www.aquilaguna.com\/index.php\/2024\/05\/06\/inicia-uadec-maestria-en-ciencias-alimentarias-y-sostenibilidad\/","title":{"rendered":"Inicia UAdeC maestr\u00eda en Ciencias Alimentarias\u00a0 y Sostenibilidad."},"content":{"rendered":"\n<p>Torre\u00f3n, Coahuila.- Con\u00a0 10 aspirantes para cursar y\u00a0 alcanzar su Maestria en Ciencias Alimentarias\u00a0 y Sostenibilidad, este mediod\u00eda,\u00a0 se pusieron\u00a0 en marcha los trabajos\u00a0 en\u00a0 evento registrado en uno de los salones de la\u00a0 Infoteca de la Cuidad Universitaria, por su Rector, el Ingeniero Octavio Pimenel Mart\u00ednez y otros funcionarios de la Universidad Aut\u00f3noma de Coahuila.<\/p>\n\n\n\n<p>En su intervenci\u00f3n, el Rector Pimentel Martinez,\u00a0 dijo que, &#8220;el\u00a0 objetivo a alcanzar\u00a0 es el desarrollo del conocimiento, y que se hagan cumplir los requisitos m\u00ednimos\u00a0 necesarios para estar en condiciones\u00a0 de calidad, de condiciones \u00f3ptimas\u00a0 para aplicar estos conocimientos&#8221;.<\/p>\n\n\n\n<p>&#8220;Muchos de estos tienen que ver,\u00a0 en como insertarnos\u00a0 en la medida de lo posible\u00a0 en los padrones de post grado del CONACYT&#8221;.\u00a0<\/p>\n\n\n\n<p>Y tambi\u00e9n, agregaba, &#8220;como podemos nosotros,\u00a0 ofertar a trav\u00e9s de nuestro modelo educativo\u00a0 flexible, las oportunidades\u00a0 para los estudiantes a trav\u00e9s de programas en l\u00ednea, programas h\u00edbridos, hacer vistas al CIJE, a Centros de Investigaci\u00f3n, as\u00ed como\u00a0 interactuar con otros\u00a0centros de este tipo, con otros posgrados de nuestra universidad\u00a0 y de otras universidades&#8221;.<\/p>\n\n\n\n<p>De tal manera, agreg\u00f3, &#8220;que\u00a0 podamos enriquecer\u00a0 el nivel acad\u00e9mico de nuestros estudiantes y poder competir\u00a0 de manera nacional e internacional\u00a0 y que eso genere impacto\u00a0 positivo en diversos sectores, en este caso en el sector agroalimentario\u00a0 de la regi\u00f3n en lo particular y tambi\u00e9n en otros&#8221;.<\/p>\n\n\n\n<p>Asegur\u00f3 contar con un gran equipo para lograrlo, &#8220;contando con los Centros de Investigaci\u00f3n\u00a0 que nos lleven y nos orienten a cumplir con los compromisos. Eso es lo importante&#8221;.<\/p>\n\n\n\n<p>&#8220;As\u00ed como pedir a los estudiantes el confiar en la Universidad Aut\u00f3noma de Coahuila,\u00a0 a los productores de que estamos haciendo las cosas en equipo y lo estamos haciendo bien y que esto nos lleve a tener m\u00e1s estudiantes, a fortalecer nuestro posgrados, nuestros ingresos y generar un impacto positivo a toda las regiones elevando su capacidad competitiva&#8221;.\u00a0<\/p>\n\n\n\n<p><strong>COMPETENCIA.<\/strong><\/p>\n\n\n\n<p>Mas adelante, abordado, el Rector Pimentel Martinez, \u00a0aseguro que, &#8220;en esta Universidad, ya no hay m\u00e1s divisiones, ni grupos. Somos un solo grupo y asi lo debemos entender, pues la competencia\u00a0 no es dentro de la Universidad, la competencia\u00a0 es con el exterior&#8221;.<\/p>\n\n\n\n<p>Dijo luego que, &#8220;vienen\u00a0 empresas importantes\u00a0 a diferentes regiones, nos demandan un mayor trabajo en equipo. Tenemos situaciones complejas en el uso eficiente de los recursos, pues tenemos que ser m\u00e1s responsables, y creo que eso, nos demanda mucha creatividad, mucho trabajo en equipo y much\u00edsimo responsabilidad&#8221;.<\/p>\n\n\n\n<p>Para ello, admiti\u00f3, &#8220;hay cosas que tenemos que hacer, es importante hacerlas&#8221;.<\/p>\n\n\n\n<p>Cit\u00f3 entre estas, como urgentes, &#8220;una reingenier\u00eda administrativa, tenemos que arreglar\u00a0 el tema de la Tesorer\u00eda, de la Contralor\u00eda, de tal suerte que tengamos un proceso m\u00e1s\u00a0 eficiente\u00a0 en la administraci\u00f3n de los recursos&#8221;.<\/p>\n\n\n\n<p>Analiz\u00f3 que en este tema,\u00a0 &#8220;se trata de tener la posibilidad\u00a0 de generar nuestros propios\u00a0 recursos como universidad a trav\u00e9s\u00a0 de los servicios que ofrecemos a los diferentes sectores&#8221;.<\/p>\n\n\n\n<p>Estos recursos, dijo, &#8220;que se generen se etiquetar\u00e1n y no se llevaran a la Tesorer\u00eda y luego se regresan, sino que se quedar\u00e1n en el plantel, en el instituto, en el Centro de Investigaciones que los genere, de tal suerte que puedan oxigenarse y operar de una manera amas eficiente&#8221;.<\/p>\n\n\n\n<p>Por otro lado, dijo, &#8220;tenemos que generar un sistema de informaci\u00f3n, como el que tiene el Gobierno del Estado, como el que tienen los municipios para poder transparentar en uso de los recursos en tiempo y forma&#8221;.<\/p>\n\n\n\n<p>&#8220;Esto es importante tenerlo, y por otra parte, hacer una revisi\u00f3n cuidadosa\u00a0 de la n\u00f3mina, toda vez que\u00a0 el 89% \u00a0 del presupuesto es de n\u00f3mina&#8221;.<\/p>\n\n\n\n<p>Tenemos, dijo, &#8220;una n\u00f3mina muy alta, tenemos que hacer una revisi\u00f3n m\u00e1s eficiente, que no exista duplicidades de funciones, que tengamos bien delimitadas\u00a0 las fronteras entre los departamentos y buscar con ello, lo primero, que\u00a0 no haya, pues no debe de haber aviadores en la UAdeC&#8221;.<\/p>\n\n\n\n<p>&#8220;El segundo tema es revisar a todos aquellos que est\u00e9n por contrato, que no tengan base, \u00a0 a ver si realmente las funciones que realizan tienen un nivel sustantivo,\u00a0 puesto que debemos hacer m\u00e1s eficiente el proceso&#8221;.<\/p>\n\n\n\n<p>&#8220;Y despu\u00e9s de ah\u00ed pues estaremos viendo el tema de las jubilaciones con nuestros queridos universitarios, sin dejar de tomar en cuenta el compromiso que tenemos con nuestro queridos jubilados, que hay que garantizarles el apoyo al cien por ciento a todos ellos. Esos, son los temas\u00a0 que tenemos que ver&#8221;.<\/p>\n\n\n\n<p>Adicional a lo anterior\u00a0 sostuvo, &#8220;tenemos que fortalecer el tema acad\u00e9mico, pues no podemos quedarnos de brazos cruzados\u00a0 y decir que por que no tenemos dinero no podemos generar m\u00e1s maestr\u00edas, o no vamos a garantizar la calidad\u00a0 de la educaci\u00f3n, sino al contrario&#8221;.<\/p>\n\n\n\n<p>&#8220;Hay que tener\u00a0 espacios dignos, aulas\u00a0 dignas,\u00a0 equipamiento de laboratorios, del mantenimiento\u00a0 de los planteles y esto nos lleva a ser m\u00e1s eficientes\u00a0 y m\u00e1s responsables&#8221;.<\/p>\n\n\n\n<p>Habl\u00f3 luego del factor &#8220;competencia&#8221;, aclarando\u00a0 que, &#8220;en relaci\u00f3n al resto de instituciones de educaci\u00f3n superior existentes en esta zona y el resto del Estado, somos\u00a0 \u00a0 organismos hermanos, pero tenemos que ofrecer alternativas de calidad en materia de recurso humano, con capacitaci\u00f3n y servicio a las empresas que vienen&#8221;.<\/p>\n\n\n\n<p>Un tercer eje, importante, se\u00f1al\u00f3, &#8220;es hacer un eficiente acompa\u00f1amiento a las actividades que est\u00e1 haciendo nuestro Gobernador Manolo Jim\u00e9nez Salinas&#8221;.<\/p>\n","protected":false},"excerpt":{"rendered":"<p>Torre\u00f3n, Coahuila.- Con\u00a0 10 aspirantes para cursar y\u00a0 alcanzar su Maestria en Ciencias Alimentarias\u00a0 y Sostenibilidad, este mediod\u00eda,\u00a0 se pusieron\u00a0 en marcha los trabajos\u00a0 en\u00a0 evento registrado en uno de los salones de la\u00a0 Infoteca de la Cuidad Universitaria, por su Rector, el Ingeniero Octavio Pimenel Mart\u00ednez y otros funcionarios de la Universidad Aut\u00f3noma de Coahuila. En su intervenci\u00f3n, el Rector Pimentel Martinez,\u00a0 dijo que, &#8220;el\u00a0 objetivo a alcanzar\u00a0 es&#8230;<\/p>\n","protected":false},"author":2,"featured_media":0,"comment_status":"closed","ping_status":"","sticky":false,"template":"","format":"standard","meta":{"footnotes":""},"categories":[5,28,7,2],"tags":[],"class_list":["post-20484","post","type-post","status-publish","format-standard","hentry","category-coahuila","category-la-laguna","category-torreon","category-uadec","wpcat-5-id","wpcat-28-id","wpcat-7-id","wpcat-2-id"],"_links":{"self":[{"href":"https:\/\/www.aquilaguna.com\/index.php\/wp-json\/wp\/v2\/posts\/20484","targetHints":{"allow":["GET"]}}],"collection":[{"href":"https:\/\/www.aquilaguna.com\/index.php\/wp-json\/wp\/v2\/posts"}],"about":[{"href":"https:\/\/www.aquilaguna.com\/index.php\/wp-json\/wp\/v2\/types\/post"}],"author":[{"embeddable":true,"href":"https:\/\/www.aquilaguna.com\/index.php\/wp-json\/wp\/v2\/users\/2"}],"replies":[{"embeddable":true,"href":"https:\/\/www.aquilaguna.com\/index.php\/wp-json\/wp\/v2\/comments?post=20484"}],"version-history":[{"count":1,"href":"https:\/\/www.aquilaguna.com\/index.php\/wp-json\/wp\/v2\/posts\/20484\/revisions"}],"predecessor-version":[{"id":20485,"href":"https:\/\/www.aquilaguna.com\/index.php\/wp-json\/wp\/v2\/posts\/20484\/revisions\/20485"}],"wp:attachment":[{"href":"https:\/\/www.aquilaguna.com\/index.php\/wp-json\/wp\/v2\/media?parent=20484"}],"wp:term":[{"taxonomy":"category","embeddable":true,"href":"https:\/\/www.aquilaguna.com\/index.php\/wp-json\/wp\/v2\/categories?post=20484"},{"taxonomy":"post_tag","embeddable":true,"href":"https:\/\/www.aquilaguna.com\/index.php\/wp-json\/wp\/v2\/tags?post=20484"}],"curies":[{"name":"wp","href":"https:\/\/api.w.org\/{rel}","templated":true}]}}