{"id":20520,"date":"2024-05-08T20:30:43","date_gmt":"2024-05-09T02:30:43","guid":{"rendered":"https:\/\/www.aquilaguna.com\/?p=20520"},"modified":"2024-05-08T20:30:43","modified_gmt":"2024-05-09T02:30:43","slug":"aqui-laguna-316","status":"publish","type":"post","link":"https:\/\/www.aquilaguna.com\/index.php\/2024\/05\/08\/aqui-laguna-316\/","title":{"rendered":"Aqu\u00ed Laguna."},"content":{"rendered":"\n<p>\u00a1Compre velas, candelas, estopas! etc., pues\u00a0 el futuro nos alcanz\u00f3 y los apagones, como el registrado\u00a0 \u00a0 hace algunas horas en por lo menos 10 Estados del pais, pueden\u00a0 presentarse en estas tierras norte\u00f1as, donde\u00a0 la demanda en el periodo\u00a0 de verano\u00a0 que se atraviesa registra los mayores consumos registrados de energ\u00eda el\u00e9ctrica, solo por lo que respecta a la demanda domiciliaria,\u00a0 sin considerar la mayor que registra\u00a0 el resto de las actividades\u00a0 industriales, comerciales, etc., y que \u00a0 solo en Torre\u00f3n, registra intermitentes fallas en el suministro que se hacen notables\u00a0 en los impactos que\u00a0 registra la operaci\u00f3n de los pozos de abasto del Sistema Municipal de Aguas y Saneamiento, por m\u00e1s y que\u00a0 no solo por parte de los funcionarios responsables d el CFE en la regi\u00f3n,\u00a0 cuyas identidades adem\u00e1s, son una inc\u00f3gnita, sigan sin dar la cara a los usuarios\u00a0de CFE, sino tambi\u00e9n por el propio\u00a0 SIMAS-Torre\u00f3n, justificando peregrinamente\u00a0 tales fallos\u00a0 con\u00a0 todo y que carguen\u00a0 con el costo pol\u00edtico que le significa a la poblaci\u00f3n carecer, as\u00ed sea por horas, el suministro de agua \u00a0 al verse afectada la extracci\u00f3n de liquido, am\u00e9n de los costos econ\u00f3micos en el da\u00f1o a los equipos de extracci\u00f3n y distribuci\u00f3n, amen\u00a0 a los\u00a0 enseres dom\u00e9sticos de la\u00a0 poblaci\u00f3n, y m\u00e1s ahora, cuando\u00a0 lanza una\u00a0 singular \u00a1alerta! a todos el pa\u00eds, el Sistema El\u00e9ctrico Nacional, \u00a0 advertencia con la que se reconoce t\u00e1citamente por parte del gobierno federal, que\u00a0 carece ya de capacidad suficiente de generaci\u00f3n de energ\u00eda el\u00e9ctrica\u00a0 para\u00a0 dar suficiencia al consumo nacional. \u00bfQu\u00e9 sigue ?, no se conoce aun respuesta oficial, ante tan importante\u00a0 advertencia, y lo que signifique el carecer ya, de\u00a0 \u00a0 capacidad para generar la energ\u00eda el\u00e9ctrica requerida para el pa\u00eds y sus habitantes. Veremos que \u00a0 sale a decir, si es que lo hace, el titular de la\u00a0 CFE\u00a0 y m\u00e1s aun el Presidente AMLO a quien al parecer ya se le acabaron &#8220;los malos&#8221; a quien responsabilizar por tan graves\u00a0 problemas en puerta, a solo cinco meses de que el poder\u00a0 que parece omn\u00edmodo\u00a0 y que ejerce, esta por alcanzar su fin, al menos en lo que respecta al ejercicio oficial, formal del mismo.<\/p>\n\n\n\n<p>Dicen en broma que la falta de\u00a0 luz no ser\u00e1 tanta, de seguir\u00a0 los alumbramientos que\u00a0 se generan con\u00a0 el &#8220;llano el llamas&#8221; en caminos, carreteras y poblaciones iluminadas por el fuego que generan los enfrentamientos \u00a0 de\u00a0 bandas de criminales \u00a0 y autoridades que dicen combatirlos\u00a0 con muy poco \u00e9xito, seg\u00fan se advierte,\u00a0 y como lo\u00a0 estamos viendo en estas horas en el vecino Estado m\u00e1rtir, es decir Zacatecas, a cargo por cierto,\u00a0 de por lo menos tres miembros de la Familia Monreal,\u00a0 que por lo visto y ante tal problem\u00e1tica, dir\u00edamos que &#8220;de los tres, no se hace uno&#8221;.<\/p>\n\n\n\n<p>En fin, que ni el mundo, ni el tiempo detienen su marcha y ya se ve, que se agota el que las leyes electorales vigentes marcan en este pais, y en cada Estado para realizar las campa\u00f1as electorales de quienes aspiren a detentar alguno de los mas de 19,000 cargos p\u00fablicos que estar\u00e1n en juego el primer domingo de junio pr\u00f3ximo. Poco mas de 20 d\u00edas y el ruido y la furia se deber\u00e1n silenciar \u00a0 para dar paso, en los tres \u00faltimos d\u00edas de tal per\u00edodo a la reflexi\u00f3n ciudadana, y de paso\u00a0 las ultimas tareas a cargo de los\u00a0 organismos partidistas en materia de organizaci\u00f3n que\u00a0 logre llevar el voto\u00a0 ciudadano a las urnas, claro que a su favor segun espera cada uno de los as organizaciones participantes, si bien\u00a0 el INE\u00a0 deber\u00e1 rendir informe\u00a0 pormenorizado, informe de las actividades que con recursos p\u00fablicos\u00a0 est\u00e1n realizando los diversos candidatos de los partidos en contienda, y detectar, las simulaciones, seg\u00fan se advierte al menos en el escenario regional, donde\u00a0 tales tiempos &#8220;de\u00a0 campa\u00f1a&#8221; se\u00a0 han ido agotando en\u00a0 meros\u00a0 montajes de\u00a0 fuego fatuos, algunos en\u00a0 realidad, por la belicosidad que est\u00e1n exhibiendo aun, por montarse en los lugares preferentes de las candidaturas en juego y en donde el ejemplo mas claro lo constituye la f\u00f3rmula que presento MORENA y sus aliados en pos de la Senadur\u00eda\u00a0 de Coahuila, \u00a0 una vez que el enfrentamiento por el\u00a0 \u1e55rimer sitio de la misma es objeto de\u00a0 litigio entre Luis Fernando Salazar Fern\u00e1ndez y\u00a0Cecilia Guadiana, agotan fuerzas\u00a0 ante un tribunal, que defina\u00a0 el sitio\u00a0 que ocupar\u00e1n finalmente, MORENA decidi\u00f3 ponerlos a jugar a &#8220;las sillitas&#8221;.<\/p>\n\n\n\n<p>Es fecha, que los coahuilenses no conocen propuesta alguna de parte de ambos, mas all\u00e1 de &#8220;ser la voz&#8221; de las mujeres que prometen como oferta de campa\u00f1a -como si en estos tiempos \u00a0 voz\u00a0 faltara a las f\u00e9minas-, la heredera del desaparecido Armando Guadiana, menos aun del ex p\u00e1nista Salazar Fern\u00e1ndez, quien\u00a0 anhela alcanzar\u00a0 de nueva cuenta,\u00a0 la beca senatorial, as\u00ed sea\u00a0 coleando el cargo para seguir durmiendo y no en sus l\u00e1ureles. Hasta ahora, la mayor\u00eda de la poblaci\u00f3n desconoce si hay otros aspirantes al cargo de Senado,\u00a0 pues la escena\u00a0 medi\u00e1tica es dominada por la f\u00f3rmula que integran Miguel Angel Riquelme y Barbara\u00a0 Cepeda,\u00a0 y m\u00e1s aun, por\u00a0 uno de sus suplentes\u00a0 calificado como el joven maravilla del actual gabinete estatal, Gabriel Elizondo, que por cierto, \u00e9sta semana se hizo presente en un acto de campa\u00f1a de Hugo D\u00e1vila Prado\u00a0 y\u00a0 quien fuera \u00a0 muy agasajado\u00a0 como asistente a la comida que la familia del candidato\u00a0 a diputado federal por el V Distrito \u00a0 ofreci\u00f3 a algunos candidatos y\u00a0 muy selecto grupo de invitados, que de paso pudieron saludar a Paco Davila, relativamente alejando de toda actividad partidista.<\/p>\n\n\n\n<p>Por cierto y con todo y que\u00a0 su nombre\u00a0 este propuesto en el lugar preferente\u00a0 en el listado plurinominal para diputados federales en la II Circunspecci\u00f3n\u00a0 que abarca Coahuila, avalado por\u00a0 su partido, el Revolucionario Institucional, la actual Senadora\u00a0 Ver\u00f3nica Martinez, no\u00a0 destaca, al menos p\u00fablicamente en sus actividades proselitistas abonando a su partido y Aliados en Fuerza y Coraz\u00f3n por M\u00e9xico,\u00a0 su trayectoria.<\/p>\n\n\n\n<p>Hasta hoy m\u00e1s que infructuosos han resultado los esfuerzos de Jorge Torres el &#8220;Soli&#8221;, \u00a0 por acuerpar medi\u00e1ticamente sus\u00a0 propuestas, en pos de la presidencia que ahora ocupa Rom\u00e1n Alberto Cepeda Gonz\u00e1lez,\u00a0 bajo los colores fosfo fosfo, que quiz\u00e1s logre sacarles alg\u00fan brillo con la anunciada visita a esta regi\u00f3n, del candidato\u00a0 mandarina\u00a0 Jorge Alvarez M\u00e1ynez el pr\u00f3ximo 21 del presente.<\/p>\n\n\n\n<p>Recuerda Usted lector, los tiempos en la que\u00a0 los diarios regionales, dictaban\u00a0 y sostenian la existencia feliz de la \u00e9lite\u00a0 social, via la promoci\u00f3n de sus\u00a0 nacimientos, enlaces y decesos, y que luego,\u00a0 con los cambios, que especialmente en la Laguna impuso la violencia criminal que asol\u00f3\u00a0 las primeras dos decadas del\u00a0 presente siglo, quedaron mas que extintas, para dar paso\u00a0 al surgimiento de revistas especializadas\u00a0 en mostrar \u00a0 a todo color y en impecables ediciones los exitos\u00a0 de algunos \u00a0 de sus \u00a0 conspicuos \u00a0miembros,  en las que se estampan en logradas fotografias los momentos felices y mostrables, a una sociedad fuertemente aspiracionista.<\/p>\n\n\n\n<p>Bueno ya publicadas, resulta que\u00a0 tambi\u00e9n constituyen una efectiva herramienta para\u00a0 conocer\u00a0 y establecer\u00a0 algunos tramos de la cerrada trama\u00a0 social revelando relaciones e intereses, y m\u00e1s cuando alguno de tales personajes\u00a0 pertenecen al \u00e1mbito pol\u00edtico. As\u00ed las cosas, resulta que\u00a0ya vemos que la inclusi\u00f3n -hoy hecha p\u00fablica\u00a0 en su columna pol\u00edtica por un peri\u00f3dico regional-, de la saltillense Cordelia Guti\u00e9rrez Belden\u00a0 no es para nada nuera del alcalde con licencia Rom\u00e1n Alberto Cepeda Gonz\u00e1lez como ah\u00ed se se\u00f1ala, sino que s\u00ed\u00a0 en cambio\u00a0 la nuera del alcalde, pero de Saltillo; Jose Maria Fraustro Siller. La dama\u00a0 es de profesi\u00f3n nutri\u00f3loga\u00a0 y en efecto aparece como\u00a0 empleada en el\u00a0 \u00e1rea de inform\u00e1tica seg\u00fan registro en la n\u00f3mina de la administraci\u00f3n del municipio de Torre\u00f3n, sin que nadie de los que ah\u00ed laboran\u00a0 la conozca aun. Al parecer, es una muy competente\u00a0 aviadora, pero no de cualquier\u00a0 avioncito, pues ha de pilotear\u00a0 algun Boeing, que le permita vivir en Saltillo y\u00a0 trabajar en Torre\u00f3n, digo, si es que su c\u00f3nyuge\u00a0 con quien contrajo matrimonio el pasado mes\u00a0 de octubre del 2022, y quien es uno de los v\u00e1stagos del alcalde de Saltillo Jos\u00e9 Maria\u00a0 Fraustro, rumbosa\u00a0 boda\u00a0 a la que asisti\u00f3 el\u00a0 qui\u00e9n es qui\u00e9n en Coahuila, seg\u00fan se puede ver en la\u00a0 revista de &#8220;sociales&#8221; que la glorifica.<\/p>\n\n\n\n<p>Y\u00a0 ya en puerta la inminente\u00a0 arribo del &#8220;D\u00eda nacional de la culpa&#8221; es decir, del Dia de la Madre,\u00a0 solo resta a todas que lo son, un feliz celebraci\u00f3n y un poco aparte, un abrazo fraternal y solidario a todas aquellas mujeres, madres que\u00a0 buscan y buscan\u00a0 inmunes a la desesperanza \u00a0 conocer\u00a0 cual fue el destino que cupo a alguno de sus hijos desaparecidos.\u00a0 <\/p>\n\n\n\n<p>En el caso de Torre\u00f3n, aquellas que deseen y puedan hacerlo, podr\u00e1n asistir al concierto que la administracion local les ofrece y que estar\u00e1 a cargo de Carlos Rivera, en el magnifico escenario acreditado de la Plaza Mayor.<\/p>\n","protected":false},"excerpt":{"rendered":"<p>\u00a1Compre velas, candelas, estopas! etc., pues\u00a0 el futuro nos alcanz\u00f3 y los apagones, como el registrado\u00a0 \u00a0 hace algunas horas en por lo menos 10 Estados del pais, pueden\u00a0 presentarse en estas tierras norte\u00f1as, donde\u00a0 la demanda en el periodo\u00a0 de verano\u00a0 que se atraviesa registra los mayores consumos registrados de energ\u00eda el\u00e9ctrica, solo por lo que respecta a la demanda domiciliaria,\u00a0 sin considerar la mayor que registra\u00a0 el resto&#8230;<\/p>\n","protected":false},"author":2,"featured_media":0,"comment_status":"closed","ping_status":"","sticky":false,"template":"","format":"standard","meta":{"footnotes":""},"categories":[8],"tags":[],"class_list":["post-20520","post","type-post","status-publish","format-standard","hentry","category-aqui-laguna","wpcat-8-id"],"_links":{"self":[{"href":"https:\/\/www.aquilaguna.com\/index.php\/wp-json\/wp\/v2\/posts\/20520","targetHints":{"allow":["GET"]}}],"collection":[{"href":"https:\/\/www.aquilaguna.com\/index.php\/wp-json\/wp\/v2\/posts"}],"about":[{"href":"https:\/\/www.aquilaguna.com\/index.php\/wp-json\/wp\/v2\/types\/post"}],"author":[{"embeddable":true,"href":"https:\/\/www.aquilaguna.com\/index.php\/wp-json\/wp\/v2\/users\/2"}],"replies":[{"embeddable":true,"href":"https:\/\/www.aquilaguna.com\/index.php\/wp-json\/wp\/v2\/comments?post=20520"}],"version-history":[{"count":1,"href":"https:\/\/www.aquilaguna.com\/index.php\/wp-json\/wp\/v2\/posts\/20520\/revisions"}],"predecessor-version":[{"id":20521,"href":"https:\/\/www.aquilaguna.com\/index.php\/wp-json\/wp\/v2\/posts\/20520\/revisions\/20521"}],"wp:attachment":[{"href":"https:\/\/www.aquilaguna.com\/index.php\/wp-json\/wp\/v2\/media?parent=20520"}],"wp:term":[{"taxonomy":"category","embeddable":true,"href":"https:\/\/www.aquilaguna.com\/index.php\/wp-json\/wp\/v2\/categories?post=20520"},{"taxonomy":"post_tag","embeddable":true,"href":"https:\/\/www.aquilaguna.com\/index.php\/wp-json\/wp\/v2\/tags?post=20520"}],"curies":[{"name":"wp","href":"https:\/\/api.w.org\/{rel}","templated":true}]}}