{"id":20528,"date":"2024-05-09T20:35:00","date_gmt":"2024-05-10T02:35:00","guid":{"rendered":"https:\/\/www.aquilaguna.com\/?p=20528"},"modified":"2024-05-09T20:35:00","modified_gmt":"2024-05-10T02:35:00","slug":"se-reune-uadec-con-la-dgesui-para-gestion-de-recursos-extraordinarios","status":"publish","type":"post","link":"https:\/\/www.aquilaguna.com\/index.php\/2024\/05\/09\/se-reune-uadec-con-la-dgesui-para-gestion-de-recursos-extraordinarios\/","title":{"rendered":"Se re\u00fane UAdeC con la DGESUI para Gesti\u00f3n de Recursos Extraordinarios."},"content":{"rendered":"\n<p>CIUDAD DE MEXICO, Mexico. 9 de mayo de 2024. El Rector de la Universidad<br>Aut\u00f3noma de Coahuila, Octavio Pimentel Mart\u00ednez, sostuvo una reuni\u00f3n con la<br>directora de Educaci\u00f3n Superior Universitaria e Intercultural (DGESUI) de la<br>Secretar\u00eda de Educaci\u00f3n P\u00fablica, la Dra. Carmen Enedina Rodr\u00edguez Armenta,<br>para fortalecer vinculaci\u00f3n en la gesti\u00f3n de recursos extraordinarios.<\/p>\n\n\n\n<p>Para continuar trabajando en conjunto y a beneficio de la m\u00e1xima casa de<br>estudios, la reuni\u00f3n vers\u00f3 en la participaci\u00f3n de las distintas convocatorias que<br>emite la DGESUI, como la U079 que en este a\u00f1o logr\u00f3 21 millones de pesos para<br>proyectos espec\u00edficos en la UAdeC.<\/p>\n\n\n\n<p>Acompa\u00f1ado por el director de Planeaci\u00f3n Jes\u00fas Alberto Montalvo, el Rector<br>present\u00f3 a la Dra. Rodr\u00edguez Armenta, las primeras acciones implementadas en<br>su administraci\u00f3n e inform\u00f3 sobre el Plan de Austeridad que genera productividad<br>por la optimizaci\u00f3n de recursos en pro de la calidad educativa.<\/p>\n\n\n\n<p>Resalt\u00f3 las estrategias de igualdad y equidad con las que cuenta la universidad y<br>explic\u00f3 las reformas estructurales que pretende realizar para cumplir las<br>expectativas en su plan de trabajo.<\/p>\n\n\n\n<p>La Direcci\u00f3n General de Educaci\u00f3n Superior Universitaria e Intercultural<br>(DGESUI), es una direcci\u00f3n que depende de la Subsecretar\u00eda de Educaci\u00f3n<br>Superior y que participa en la elaboraci\u00f3n y gesti\u00f3n de las pol\u00edticas p\u00fablicas<br>vinculadas a la educaci\u00f3n superior para orientar e impulsar el desarrollo integral<br>de las universidades p\u00fablicas estatales.<\/p>\n\n\n\n<p>As\u00ed como de apoyo solidario e intercultural a trav\u00e9s de la gesti\u00f3n y ministraci\u00f3n del<br>subsidio ordinario federal, del dise\u00f1o y operaci\u00f3n de diversos programas<br>relacionados con la oferta y asignaci\u00f3n de recursos ordinarios y extraordinarios al<br>presupuesto.<\/p>\n","protected":false},"excerpt":{"rendered":"<p>CIUDAD DE MEXICO, Mexico. 9 de mayo de 2024. El Rector de la UniversidadAut\u00f3noma de Coahuila, Octavio Pimentel Mart\u00ednez, sostuvo una reuni\u00f3n con ladirectora de Educaci\u00f3n Superior Universitaria e Intercultural (DGESUI) de laSecretar\u00eda de Educaci\u00f3n P\u00fablica, la Dra. Carmen Enedina Rodr\u00edguez Armenta,para fortalecer vinculaci\u00f3n en la gesti\u00f3n de recursos extraordinarios. Para continuar trabajando en conjunto y a beneficio de la m\u00e1xima casa deestudios, la reuni\u00f3n vers\u00f3 en la participaci\u00f3n de&#8230;<\/p>\n","protected":false},"author":1,"featured_media":20529,"comment_status":"closed","ping_status":"closed","sticky":false,"template":"","format":"standard","meta":{"footnotes":""},"categories":[2],"tags":[],"class_list":["post-20528","post","type-post","status-publish","format-standard","has-post-thumbnail","hentry","category-uadec","wpcat-2-id"],"_links":{"self":[{"href":"https:\/\/www.aquilaguna.com\/index.php\/wp-json\/wp\/v2\/posts\/20528","targetHints":{"allow":["GET"]}}],"collection":[{"href":"https:\/\/www.aquilaguna.com\/index.php\/wp-json\/wp\/v2\/posts"}],"about":[{"href":"https:\/\/www.aquilaguna.com\/index.php\/wp-json\/wp\/v2\/types\/post"}],"author":[{"embeddable":true,"href":"https:\/\/www.aquilaguna.com\/index.php\/wp-json\/wp\/v2\/users\/1"}],"replies":[{"embeddable":true,"href":"https:\/\/www.aquilaguna.com\/index.php\/wp-json\/wp\/v2\/comments?post=20528"}],"version-history":[{"count":1,"href":"https:\/\/www.aquilaguna.com\/index.php\/wp-json\/wp\/v2\/posts\/20528\/revisions"}],"predecessor-version":[{"id":20530,"href":"https:\/\/www.aquilaguna.com\/index.php\/wp-json\/wp\/v2\/posts\/20528\/revisions\/20530"}],"wp:featuredmedia":[{"embeddable":true,"href":"https:\/\/www.aquilaguna.com\/index.php\/wp-json\/wp\/v2\/media\/20529"}],"wp:attachment":[{"href":"https:\/\/www.aquilaguna.com\/index.php\/wp-json\/wp\/v2\/media?parent=20528"}],"wp:term":[{"taxonomy":"category","embeddable":true,"href":"https:\/\/www.aquilaguna.com\/index.php\/wp-json\/wp\/v2\/categories?post=20528"},{"taxonomy":"post_tag","embeddable":true,"href":"https:\/\/www.aquilaguna.com\/index.php\/wp-json\/wp\/v2\/tags?post=20528"}],"curies":[{"name":"wp","href":"https:\/\/api.w.org\/{rel}","templated":true}]}}