{"id":20558,"date":"2024-05-13T19:16:58","date_gmt":"2024-05-14T01:16:58","guid":{"rendered":"https:\/\/www.aquilaguna.com\/?p=20558"},"modified":"2024-05-13T19:16:59","modified_gmt":"2024-05-14T01:16:59","slug":"inauguran-en-la-uadec-el-congreso-internacional-epicentro-empresarial","status":"publish","type":"post","link":"https:\/\/www.aquilaguna.com\/index.php\/2024\/05\/13\/inauguran-en-la-uadec-el-congreso-internacional-epicentro-empresarial\/","title":{"rendered":"Inauguran en la UAdeC el Congreso Internacional \u201cEpicentro Empresarial\u201d."},"content":{"rendered":"\n<p>SALTILLO, Coahuila. 13 de mayo de 2024. El rector de la Universidad Aut\u00f3noma<br>de Coahuila, Octavio Pimentel Mart\u00ednez, inaugur\u00f3 las actividades del Congreso<br>Internacional \u201cEpicentro Empresarial: Humanizando Organizaciones 2024\u201d, el cual<br>organiza la Facultad de trabajo Social en conjunto con la Asociaci\u00f3n Mexicana de<br>Mujeres Jefas de Empresas (AMMJE) Saltillo con la que adem\u00e1s se firm\u00f3 un<br>convenio de colaboraci\u00f3n.<\/p>\n\n\n\n<p>Este Congreso tiene el objetivo de capacitar a las y los participantes en los<br>fundamentos de la humanizaci\u00f3n de las organizaciones, proporcionando<br>herramientas para co-crear, gestionar y medir el impacto social de manera<br>efectiva, con el fin de impulsar soluciones sostenibles para desaf\u00edos locales y<br>globales.<\/p>\n\n\n\n<p>En la Sala de Seminario \u201cEmilio J. Talam\u00e1s\u201d asistieron en representaci\u00f3n del<br>gobernador del estado de Coahuila, Manolo Jim\u00e9nez Salinas, el jefe de Gabinete y<br>Proyectos Estrat\u00e9gicos, Blas Jos\u00e9 Flores Gonz\u00e1lez; la directora del Instituto<br>Municipal de las Mujeres, Lydia Mar\u00eda Gonz\u00e1lez Rodr\u00edguez; la presidenta de<br>AMMJE Nacional, Lic. Sonia Garza Gonz\u00e1lez.<\/p>\n\n\n\n<p>As\u00ed como la presidenta de AMMJE Saltillo, Lic. Martha Gaona Ru\u00edz; el director de<br>la Facultad de Trabajo Social, C\u00e9sar Arnulfo De Le\u00f3n Alvarado; la<br>subcoordinadora de Vinculaci\u00f3n de la UAdeC, Angela Molina Arriaga,<br>funcionariado de la Administraci\u00f3n Central, directivos de los diferentes Institutos,<br>Escuelas y Facultades de la UAdeC, invitados especiales, comunidad estudiantil y<br>p\u00fablico en general.<\/p>\n\n\n\n<p>En su mensaje de bienvenida, la presidenta de AMMJE Saltillo, Lic. Martha Gaona<br>Ru\u00edz, reconoci\u00f3 el apoyo del rector Octavio Pimentel Mart\u00ednez a las mujeres<br>emprendedoras, por impulsar los sue\u00f1os de libertad financiera de las mujeres<br>empresarias.<\/p>\n\n\n\n<p>Destac\u00f3 la importancia de escuchar diversas voces nacionales e internacionales<br>en el evento, por la necesidad de humanizar las organizaciones mediante el<br>desaprendizaje y la compasi\u00f3n hacia cada individuo, reconociendo su valor y<br>potencial.<\/p>\n\n\n\n<p>Dijo que el Congreso es una oportunidad para compartir ideas, construir en<br>conjunto y aprender unos de otros, pues no se trata de buscar l\u00edderes perfectos,<br>sino de valorar la humanidad en el liderazgo y en todas las interacciones.<\/p>\n\n\n\n<p>En su mensaje, el rector de la m\u00e1xima casa de estudios Octavio Pimentel Mart\u00ednez<br>refrend\u00f3 el compromiso institucional de impulsar el desarrollo de las mujeres<br>universitarias mediante acciones, como un compromiso que se refleja en acciones<br>diarias y no solo en palabras.<\/p>\n\n\n\n<p>Subray\u00f3 la importancia de las actividades extracurriculares como complemento a<br>la formaci\u00f3n acad\u00e9mica, ya que estas brindan oportunidades adicionales para el<br>crecimiento personal y profesional de los estudiantes, adem\u00e1s de la necesidad de<br>humanizar a las organizaciones y promover el desarrollo personal de quienes<br>forman parte de ellas.<\/p>\n\n\n\n<p>En cuanto al Congreso, felicito a los organizadores y afirm\u00f3 que es espacio para el<br>crecimiento y valoraci\u00f3n de todss las actividades desarrolladas, ya que el trabajo<br>en equipo con las universidades se lograr\u00e1 un mejor estado y pa\u00eds.<\/p>\n\n\n\n<p>En su intervenci\u00f3n, el jefe de Gabinete y Proyectos Estrat\u00e9gicos, Blas Jos\u00e9 Flores<br>Gonz\u00e1lez, salud\u00f3 a los estudiantes, especialmente a las mujeres, anim\u00e1ndolas a<br>aprovechar al m\u00e1ximo las actividades ofrecidas por la instituci\u00f3n para impulsar sus<br>carreras.<\/p>\n\n\n\n<p>Agradeci\u00f3 la hospitalidad del rector Octavio Pimentel y destac\u00f3 la importancia del<br>trabajo en equipo para promover estas actividades en beneficio de la Universidad,<br>por la colaboraci\u00f3n con diversos sectores de la sociedad, empresariql,<br>gubernamental, educativo y con aliados, quienes han apoyado iniciativas para el<br>desarrollo de las mujeres.<\/p>\n\n\n\n<p>Por su parte, la presidenta de la Asociaci\u00f3n Mexicana de Mujeres Empresarias<br>(AMMJE) Nacional, Lic. Sonia Garza Gonz\u00e1lez, agradeci\u00f3 por participar en la<br>apertura de este Congreso Internacional, destacando una visi\u00f3n integral del<br>individuo donde \u00e9ste ocupa el centro y se reconoce su val\u00eda con un enfoque<br>empresarial con perspectiva humanista.<\/p>\n\n\n\n<p>Garza Gonz\u00e1lez, anticip\u00f3 que los oradores invitados ofrecer\u00e1n an\u00e1lisis y<br>propuestas para fomentar relaciones m\u00e1s s\u00f3lidas dentro de los equipos de trabajo,<br>como un cambio de paradigma que ha llevado a percibir a los l\u00edderes como<br>facilitadores de alianzas y promotores de nuevos liderazgos en lugar de ser meros<br>emisores de \u00f3rdenes.<\/p>\n\n\n\n<p>Las actividades de este Congreso continuaron con la conferencia magistral<br>\u201cInnovaci\u00f3n Humana: Transformando organizaciones en comunidades\u201d, a cargo de<br>Cristian Figueroa Llambias, emprendedor social cultural y fundador de<br>\u201ctejeRedes\u201d, metodolog\u00eda en torno al trabajo en red y sistemas de articulaci\u00f3n<br>colaborativa, donde los seres humanos son el eje central de las organizaciones<br>Mientras que, el 14 de mayo a las 9:00 horas se impartir\u00e1 la conferencia magistral<br>\u201cEmpresas con alma: El coraz\u00f3n del impacto social\u201d, a cargo de Marcial Quintanar,<br>a las 10:00 se realizar\u00e1 el panel \u201cLiderazgo empresarial, humanizando a las<br>organizaciones\u201d, a las 11:00 tendr\u00e1 lugar la conferencia magistral \u201cRepensando la<br>productividad, El rol de la humanizaci\u00f3n de las empresas\u201d, por Clara Ricaurte.<\/p>\n\n\n\n<p>Por otro lado, a las 12:00 \u201cNetworking socioemocional una forma de humanizar a<br>las empresas\u201d por Cesar Arnulfo de Le\u00f3n Alvarado y a las 12:30 horas Sprintalk, a<br>las 13:00 horas una din\u00e1mica de Networking, 15:00 horas Open Space \u201cEspacio<br>de co-creaci\u00f3n colectivo\u201d, a las 18:00 horas se clausurar\u00e1 el evento y a las 19:00<br>horas se llevar\u00e1 a cabo una callejoneada en la ciudad.<\/p>\n","protected":false},"excerpt":{"rendered":"<p>SALTILLO, Coahuila. 13 de mayo de 2024. El rector de la Universidad Aut\u00f3nomade Coahuila, Octavio Pimentel Mart\u00ednez, inaugur\u00f3 las actividades del CongresoInternacional \u201cEpicentro Empresarial: Humanizando Organizaciones 2024\u201d, el cualorganiza la Facultad de trabajo Social en conjunto con la Asociaci\u00f3n Mexicana deMujeres Jefas de Empresas (AMMJE) Saltillo con la que adem\u00e1s se firm\u00f3 unconvenio de colaboraci\u00f3n. Este Congreso tiene el objetivo de capacitar a las y los participantes en losfundamentos de&#8230;<\/p>\n","protected":false},"author":1,"featured_media":20559,"comment_status":"closed","ping_status":"closed","sticky":false,"template":"","format":"standard","meta":{"footnotes":""},"categories":[2],"tags":[],"class_list":["post-20558","post","type-post","status-publish","format-standard","has-post-thumbnail","hentry","category-uadec","wpcat-2-id"],"_links":{"self":[{"href":"https:\/\/www.aquilaguna.com\/index.php\/wp-json\/wp\/v2\/posts\/20558","targetHints":{"allow":["GET"]}}],"collection":[{"href":"https:\/\/www.aquilaguna.com\/index.php\/wp-json\/wp\/v2\/posts"}],"about":[{"href":"https:\/\/www.aquilaguna.com\/index.php\/wp-json\/wp\/v2\/types\/post"}],"author":[{"embeddable":true,"href":"https:\/\/www.aquilaguna.com\/index.php\/wp-json\/wp\/v2\/users\/1"}],"replies":[{"embeddable":true,"href":"https:\/\/www.aquilaguna.com\/index.php\/wp-json\/wp\/v2\/comments?post=20558"}],"version-history":[{"count":1,"href":"https:\/\/www.aquilaguna.com\/index.php\/wp-json\/wp\/v2\/posts\/20558\/revisions"}],"predecessor-version":[{"id":20560,"href":"https:\/\/www.aquilaguna.com\/index.php\/wp-json\/wp\/v2\/posts\/20558\/revisions\/20560"}],"wp:featuredmedia":[{"embeddable":true,"href":"https:\/\/www.aquilaguna.com\/index.php\/wp-json\/wp\/v2\/media\/20559"}],"wp:attachment":[{"href":"https:\/\/www.aquilaguna.com\/index.php\/wp-json\/wp\/v2\/media?parent=20558"}],"wp:term":[{"taxonomy":"category","embeddable":true,"href":"https:\/\/www.aquilaguna.com\/index.php\/wp-json\/wp\/v2\/categories?post=20558"},{"taxonomy":"post_tag","embeddable":true,"href":"https:\/\/www.aquilaguna.com\/index.php\/wp-json\/wp\/v2\/tags?post=20558"}],"curies":[{"name":"wp","href":"https:\/\/api.w.org\/{rel}","templated":true}]}}