{"id":20570,"date":"2024-05-13T20:43:35","date_gmt":"2024-05-14T02:43:35","guid":{"rendered":"https:\/\/www.aquilaguna.com\/?p=20570"},"modified":"2024-05-13T20:43:36","modified_gmt":"2024-05-14T02:43:36","slug":"roman-alberto-cepeda-gonzalez-supervisa-brigada-de-seguimiento-medico-en-el-auditorio-municipal","status":"publish","type":"post","link":"https:\/\/www.aquilaguna.com\/index.php\/2024\/05\/13\/roman-alberto-cepeda-gonzalez-supervisa-brigada-de-seguimiento-medico-en-el-auditorio-municipal\/","title":{"rendered":"Rom\u00e1n Alberto Cepeda Gonz\u00e1lez supervisa brigada de seguimiento m\u00e9dico en el Auditorio Municipal."},"content":{"rendered":"\n<p>Torre\u00f3n, Coahuila. A 13 de mayo de 2024.<\/p>\n\n\n\n<p>El alcalde Rom\u00e1n Alberto Cepeda Gonz\u00e1lez, acompa\u00f1ado por la se\u00f1ora Selina<br>Bremer de Cepeda, presidenta honoraria del Sistema para el Desarrollo Integral<br>de la Familia (DIF) Torre\u00f3n, encabez\u00f3 en el Auditorio Municipal la brigada de<br>seguimiento m\u00e9dico \u201cT\u00fa tambi\u00e9n puedes ver y escuchar mejor\u201d, dirigida a las<br>personas que fueron operadas de cataratas y a quienes se les coloc\u00f3 un aparato<br>auditivo.<br>\u00a0<br>El Presidente Municipal dijo que lo m\u00e1s valioso que tiene Torre\u00f3n es su gente, y<br>agreg\u00f3 que las pol\u00edticas p\u00fablicas en materia de salud son fundamentales.<br>\u00a0<br>\u201cLo m\u00e1s valioso que tiene Torre\u00f3n, La Laguna y Coahuila, indiscutiblemente es su<br>gente. La atenci\u00f3n que se est\u00e1 dando en materia de salud es importante, y es una<br>obligaci\u00f3n porque necesitamos que todo Torre\u00f3n est\u00e9 bien\u201d, coment\u00f3.<br>\u00a0<br>Dijo que con salud, el municipio puede seguir creciendo en otros aspectos, como<br>seguridad, infraestructura, servicios p\u00fablicos y desarrollo econ\u00f3mico, y puso como<br>ejemplo los tres mil nuevos empleos generados en abril en Torre\u00f3n.<br>\u00a0<br>Respecto a las cirug\u00edas de cataratas y a la colocaci\u00f3n de aparatos auditivos,<br>Cepeda Gonz\u00e1lez asegur\u00f3 que no se van a detener, pues hay una necesidad<br>detectada entre la poblaci\u00f3n y se tiene que atender.<br>\u00a0<br>\u201cUn Torre\u00f3n sano es un Torre\u00f3n que crece, por eso agradezco la buena<br>colaboraci\u00f3n entre el DIF y Hospital Andaluc\u00eda\u201d, expres\u00f3.<br>\u00a0<br>La se\u00f1ora Selina Bremer de Cepeda, presidenta honoraria del DIF Torre\u00f3n,<br>explic\u00f3 que la brigada tuvo el objetivo de dar seguimiento m\u00e9dico a quienes se<br>han realizado una cirug\u00eda de catarata, desde el mes de septiembre de 2023 a la<br>fecha, as\u00ed como la revisi\u00f3n de los aparatos auditivos de quienes fueron candidatos<br>para coloc\u00e1rselos.<br>\u00a0<br>\u201cQuiero agradecer a Hospital Andaluc\u00eda por la gran colaboraci\u00f3n con esta<br>Administraci\u00f3n Municipal, para la atenci\u00f3n de las personas que nos necesitan en<br>temas como cataratas, retinopat\u00eda, glaucoma, y aplicaci\u00f3n de aparatos auditivos<br>personalizados\u201d, explic\u00f3.<br>\u00a0<br>Dijo que las revisiones de la vista y la capacitaci\u00f3n para el manejo de los aparatos<br>auditivos son de suma importancia, pues el principal objetivo es que los<br>participantes puedan ver y o\u00edr mejor.<br>\u00a0<\/p>\n\n\n\n<p>\u201cEn esta Administraci\u00f3n Municipal la salud ha sido de vital importancia, como parte<br>de la asistencia social brindada a las personas en situaci\u00f3n vulnerable, quienes<br>son prioridad en todas las \u00e1reas que a DIF conciernen\u201d, coment\u00f3 Selina Bremer de<br>Cepeda.<br>&nbsp;<br>Acudieron al evento Claudia Marlene Mart\u00ednez Vald\u00e9s, directora general del DIF<br>Torre\u00f3n; Elba Leticia de Alba Galarza, regidora presidenta de la Comisi\u00f3n del DIF<br>en el Ayuntamiento de Torre\u00f3n; Lorena Guti\u00e9rrez, directora general del Hospital<br>Andaluc\u00eda; Manuel Mart\u00ednez, director m\u00e9dico del Hospital Andaluc\u00eda; Gabriela<br>Quiroga P\u00e9rez y Antonio Morales Gil participantes de la brigada.<\/p>\n","protected":false},"excerpt":{"rendered":"<p>Torre\u00f3n, Coahuila. A 13 de mayo de 2024. El alcalde Rom\u00e1n Alberto Cepeda Gonz\u00e1lez, acompa\u00f1ado por la se\u00f1ora SelinaBremer de Cepeda, presidenta honoraria del Sistema para el Desarrollo Integralde la Familia (DIF) Torre\u00f3n, encabez\u00f3 en el Auditorio Municipal la brigada deseguimiento m\u00e9dico \u201cT\u00fa tambi\u00e9n puedes ver y escuchar mejor\u201d, dirigida a laspersonas que fueron operadas de cataratas y a quienes se les coloc\u00f3 un aparatoauditivo.\u00a0El Presidente Municipal dijo que lo&#8230;<\/p>\n","protected":false},"author":1,"featured_media":20571,"comment_status":"closed","ping_status":"closed","sticky":false,"template":"","format":"standard","meta":{"footnotes":""},"categories":[5,28,7],"tags":[],"class_list":["post-20570","post","type-post","status-publish","format-standard","has-post-thumbnail","hentry","category-coahuila","category-la-laguna","category-torreon","wpcat-5-id","wpcat-28-id","wpcat-7-id"],"_links":{"self":[{"href":"https:\/\/www.aquilaguna.com\/index.php\/wp-json\/wp\/v2\/posts\/20570","targetHints":{"allow":["GET"]}}],"collection":[{"href":"https:\/\/www.aquilaguna.com\/index.php\/wp-json\/wp\/v2\/posts"}],"about":[{"href":"https:\/\/www.aquilaguna.com\/index.php\/wp-json\/wp\/v2\/types\/post"}],"author":[{"embeddable":true,"href":"https:\/\/www.aquilaguna.com\/index.php\/wp-json\/wp\/v2\/users\/1"}],"replies":[{"embeddable":true,"href":"https:\/\/www.aquilaguna.com\/index.php\/wp-json\/wp\/v2\/comments?post=20570"}],"version-history":[{"count":1,"href":"https:\/\/www.aquilaguna.com\/index.php\/wp-json\/wp\/v2\/posts\/20570\/revisions"}],"predecessor-version":[{"id":20572,"href":"https:\/\/www.aquilaguna.com\/index.php\/wp-json\/wp\/v2\/posts\/20570\/revisions\/20572"}],"wp:featuredmedia":[{"embeddable":true,"href":"https:\/\/www.aquilaguna.com\/index.php\/wp-json\/wp\/v2\/media\/20571"}],"wp:attachment":[{"href":"https:\/\/www.aquilaguna.com\/index.php\/wp-json\/wp\/v2\/media?parent=20570"}],"wp:term":[{"taxonomy":"category","embeddable":true,"href":"https:\/\/www.aquilaguna.com\/index.php\/wp-json\/wp\/v2\/categories?post=20570"},{"taxonomy":"post_tag","embeddable":true,"href":"https:\/\/www.aquilaguna.com\/index.php\/wp-json\/wp\/v2\/tags?post=20570"}],"curies":[{"name":"wp","href":"https:\/\/api.w.org\/{rel}","templated":true}]}}