{"id":20602,"date":"2024-05-15T18:54:06","date_gmt":"2024-05-16T00:54:06","guid":{"rendered":"https:\/\/www.aquilaguna.com\/?p=20602"},"modified":"2024-05-15T18:54:06","modified_gmt":"2024-05-16T00:54:06","slug":"celebran-en-la-uadec-el-festival-por-el-dia-del-estudiante","status":"publish","type":"post","link":"https:\/\/www.aquilaguna.com\/index.php\/2024\/05\/15\/celebran-en-la-uadec-el-festival-por-el-dia-del-estudiante\/","title":{"rendered":"Celebran en la UAdeC el Festival por el D\u00eda del Estudiante."},"content":{"rendered":"\n<p>SALTILLO, Coahuila. 15 de mayo de 2024. La Universidad Aut\u00f3noma de Coahuila<br>a trav\u00e9s de la Coordinaci\u00f3n de la Unidad Saltillo (US) y la Coordinaci\u00f3n General<br>de Difusi\u00f3n y Patrimonio Cultural, llev\u00f3 a cabo el Festival de las y los estudiantes<br>2024, teniendo como sede la explanada central de la Unidad Camporredondo.<\/p>\n\n\n\n<p>Presidieron la coordinadora de US, Eva Kerena Hern\u00e1ndez; el coordinador de<br>Difusi\u00f3n Cultural, F\u00e9lix Ibarra Linares, la directora de la Preparatoria N\u00famero 1,<br>Nancy Torres R\u00edos, directora de la Preparatoria No. 1; de la Facultad de<br>Mercadotecnia, Iv\u00e1n Garnica Espinoza; del Instituto de Ense\u00f1anza Abierta,<br>Violeta Zedillo Rodr\u00edguez, y de la Escuela de Bachilleres \u201cDr. Mariano Narv\u00e1ez<br>Gonz\u00e1lez\u201d, Claudia Garc\u00eda Vega.<\/p>\n\n\n\n<p>En su mensaje, la coordinadora de Unidad Saltillo, Eva Kerena, destac\u00f3 la<br>importancia de la fecha, 15 de mayo, ya es en este d\u00eda se cebra a dos elementos<br>valiosos y que son la raz\u00f3n de ser del quehacer de la universidad: sus maestros y<br>sus alumnos; \u201ces un gusto que hoy estemos aqu\u00ed celebrando a dos de los actores<br>principales de la UAdeC\u201d.<\/p>\n\n\n\n<p>Agradeci\u00f3 al titular de la DPC, F\u00e9lix Ibarra y su equipo de trabajo ya que se logro<br>colaborar en equipo en la consolidaci\u00f3n de este proyecto.<\/p>\n\n\n\n<p>Por su parte, el coordinador de cultura, F\u00e9lix Ibarra mencion\u00f3 la importancia de<br>fomentar las actividades art\u00edsticas entre nuestros estudiantes, ya que es esta una<br>oportunidad que estimula y contribuye al desarrollo integral del estudiante<br>universitario \u201cEn nuestra universidad creemos fervientemente que la educaci\u00f3n y<br>la cultura son elementos esenciales para un verdadero desarrollo del individuo y la<br>sociedad\u201d.<\/p>\n\n\n\n<p>El mensaje a la comunidad estudiantil fue que tienen mucho que celebrar, pues<br>son afortunados de estar viviendo una de las etapas m\u00e1s bonitas de su vida, la de<br>estudiante, y lo hacen prepar\u00e1ndose en una de las universidades m\u00e1s importantes<br>del norte de M\u00e9xico, si\u00e9ntanse orgullosos de ser lobos y lobas de la UAdeC.<\/p>\n\n\n\n<p>El programa de actividades contempl\u00f3 la premiaci\u00f3n de los cuentos ganadores del<br>concurso de escritura \u201cCorta historia de amor\u201d en donde hubo tres primeros<br>lugares y menciones honorificas.<\/p>\n\n\n\n<p>Tercer lugar bajo el titulo \u201cPatitas\u201d la alumna Emireth Guadalupe Pi\u00f1\u00f3n Contreras<br>de la preparatoria No. 1; segundo lugar \u201cCuento sin nombre\u201d la alumna Valeria<br>Becerra Garc\u00eda de la preparatoria No. 1; el primer lugar fue para \u201cMi propio amor\u201d<br>de la alumna Debani Jim\u00e9nez tambi\u00e9n de la preparatoria No. 1.<\/p>\n\n\n\n<p>As\u00ed mismo, se llev\u00f3 la premiaci\u00f3n de torneos deportivos llevados a cabo entre las<br>escuelas y facultades de la Unidad Saltillo, se premi\u00f3 a los campeones de voleibol,<br>futbol y basquetbol.<\/p>\n\n\n\n<p>Otra de las actividades fue la presentaci\u00f3n de un video en donde se resume la<br>participaci\u00f3n de mas de 300 mujeres, alumnas, maestras y colaboradores<br>universitarias en el proyecto \u201c8M, mujeres trazando historia\u201d, proyecto que a trav\u00e9s<br>de la ilustraci\u00f3n, el dibujo y la pintura, plasmaran los rostros de mujeres<br>influyentes, importantes y significativas desde el \u00e1mbito de diversas profesiones y<br>\u00e9pocas de la historia contempor\u00e1nea de la humanidad.<\/p>\n\n\n\n<p>Adem\u00e1s, se presentaron el grupo de baile moderno de la Escuela de Bachilleres<br>\u201cDr. Mariano Narv\u00e1ez Gonz\u00e1lez\u201d, dirigido por el maestro Miguel Santos Leyva, el<br>cantante Yeinoah de la Facultad de Jurisprudencia, de la Escuela Superior de<br>M\u00fasica dos talentosas mujeres \u201cFase Lunar\u201d, de la Facultad de F\u00edsico<br>Matem\u00e1ticas se cont\u00f3 con la participaci\u00f3n de Ohleany y Mizzz U.<\/p>\n\n\n\n<p>Asistieron al festival varios emprendedores universitarios que pusieron a la venta<br>art\u00edculos variados, alimentos y hasta algunas \u00e1reas de juegos como yenga, tiro al<br>blanco, entre otras.<\/p>\n","protected":false},"excerpt":{"rendered":"<p>SALTILLO, Coahuila. 15 de mayo de 2024. La Universidad Aut\u00f3noma de Coahuilaa trav\u00e9s de la Coordinaci\u00f3n de la Unidad Saltillo (US) y la Coordinaci\u00f3n Generalde Difusi\u00f3n y Patrimonio Cultural, llev\u00f3 a cabo el Festival de las y los estudiantes2024, teniendo como sede la explanada central de la Unidad Camporredondo. Presidieron la coordinadora de US, Eva Kerena Hern\u00e1ndez; el coordinador deDifusi\u00f3n Cultural, F\u00e9lix Ibarra Linares, la directora de la Preparatoria N\u00famero&#8230;<\/p>\n","protected":false},"author":1,"featured_media":20603,"comment_status":"closed","ping_status":"closed","sticky":false,"template":"","format":"standard","meta":{"footnotes":""},"categories":[2],"tags":[],"class_list":["post-20602","post","type-post","status-publish","format-standard","has-post-thumbnail","hentry","category-uadec","wpcat-2-id"],"_links":{"self":[{"href":"https:\/\/www.aquilaguna.com\/index.php\/wp-json\/wp\/v2\/posts\/20602","targetHints":{"allow":["GET"]}}],"collection":[{"href":"https:\/\/www.aquilaguna.com\/index.php\/wp-json\/wp\/v2\/posts"}],"about":[{"href":"https:\/\/www.aquilaguna.com\/index.php\/wp-json\/wp\/v2\/types\/post"}],"author":[{"embeddable":true,"href":"https:\/\/www.aquilaguna.com\/index.php\/wp-json\/wp\/v2\/users\/1"}],"replies":[{"embeddable":true,"href":"https:\/\/www.aquilaguna.com\/index.php\/wp-json\/wp\/v2\/comments?post=20602"}],"version-history":[{"count":1,"href":"https:\/\/www.aquilaguna.com\/index.php\/wp-json\/wp\/v2\/posts\/20602\/revisions"}],"predecessor-version":[{"id":20604,"href":"https:\/\/www.aquilaguna.com\/index.php\/wp-json\/wp\/v2\/posts\/20602\/revisions\/20604"}],"wp:featuredmedia":[{"embeddable":true,"href":"https:\/\/www.aquilaguna.com\/index.php\/wp-json\/wp\/v2\/media\/20603"}],"wp:attachment":[{"href":"https:\/\/www.aquilaguna.com\/index.php\/wp-json\/wp\/v2\/media?parent=20602"}],"wp:term":[{"taxonomy":"category","embeddable":true,"href":"https:\/\/www.aquilaguna.com\/index.php\/wp-json\/wp\/v2\/categories?post=20602"},{"taxonomy":"post_tag","embeddable":true,"href":"https:\/\/www.aquilaguna.com\/index.php\/wp-json\/wp\/v2\/tags?post=20602"}],"curies":[{"name":"wp","href":"https:\/\/api.w.org\/{rel}","templated":true}]}}