{"id":20617,"date":"2024-05-15T19:29:02","date_gmt":"2024-05-16T01:29:02","guid":{"rendered":"https:\/\/www.aquilaguna.com\/?p=20617"},"modified":"2024-05-15T19:29:02","modified_gmt":"2024-05-16T01:29:02","slug":"preside-en-la-laguna-el-gobernador-de-coahuila-ceremonia-de-reconocimiento-a-maestros","status":"publish","type":"post","link":"https:\/\/www.aquilaguna.com\/index.php\/2024\/05\/15\/preside-en-la-laguna-el-gobernador-de-coahuila-ceremonia-de-reconocimiento-a-maestros\/","title":{"rendered":"Preside en la Laguna el Gobernador de Coahuila ceremonia de reconocimiento a maestros."},"content":{"rendered":"\n<p>Torre\u00f3n, Coahuila.- Con emotiva ceremonia presidida por el Gobernador Manolo Jim\u00e9nez\u00a0 Salinas, el titular de la Secretar\u00eda de Educaci\u00f3n en el Estado Emanuel de Jes\u00fas Garza, el alcalde Rom\u00e1n Alberto Cepeda, el Secretario de Desarrollo Regional Eduardo Olmos, y otras autoridades\u00a0 sindicales y\u00a0del Poder Legislativo \u00a0 culminaron en \u00e9sta ciudad, los festejos ofrecidos por las autoridades al magisterio federal y estatal,\u00a0 con la entrega de reconocimientos\u00a0 en met\u00e1lico a 128\u00a0 maestros que\u00a0 alcanzan 30, 40 y 50 a\u00f1os de ejercicio continuo del magisterio.\u00a0<\/p>\n\n\n\n<p>El acto\u00a0 tuvo lugar en uno de los salones del Centro de Convenciones, a donde acudieron los homenajeados, acompa\u00f1ados de\u00a0 familiares y amigos para celebrar la distinci\u00f3n de la que fueran objeto, as\u00ed como  autoridades\u00a0 de\u00a0 las diversas instituciones de educaci\u00f3n superior en la regi\u00f3n.<\/p>\n\n\n\n<p>En\u00a0 su intervenci\u00f3n el alcalde anfitri\u00f3n, Cepeda Gonz\u00e1lez, dirigi\u00f3 a los ah\u00ed presentes\u00a0 un mensaje de\u00a0 bienvenida y felicitaci\u00f3n por su d\u00eda,\u00a0 &#8220;por la tarea que realizan, por el compromiso con esta gran tierra que es Torre\u00f3n y desde luego La Laguna y Coahuila, por dedicar, m\u00e1s de 12 mil maestros, su tiempo, su vida a cultivar gente, a construir futuro&#8221;.\u00a0<\/p>\n\n\n\n<p>Reconoci\u00f3\u00a0 tal tarea y dijo sumarse &#8220;desde la trinchera\u00a0 que nos toca como orden de gobierno, como alcalde de este municipio, que en el que lo \u00fanico que me toca hacer, es generar condiciones para que cada uno de Ustedes\u00a0 y sus alumnos\u00a0 vayan con toda tranquilidad a educarse \u00a0 y con ello construir el futuro de esta tierra&#8221;.<\/p>\n\n\n\n<p>Continu\u00f3\u00a0 con la intervenci\u00f3n del titular de la Secretar\u00eda de Educaci\u00f3n\u00a0 P\u00fablica, \u00a0 manifestar su agradecimiento por sus presencias a los ah\u00ed asistentes y en especial a\u00a0 familias y maestros reconocidos en este acto, dijo, &#8220;tenemos mucho que celebrar&#8221;, reconociendo la trayectoria personal que ello representa,\u00a0 &#8220;en algunos casos\u00a0 en el desempe\u00f1o de uno de los llamados mas altos\u00a0 que ser\u00a0 gu\u00edas de ni\u00f1os, adolescentes en su desarrollo, y que sin duda resultan ser una de las tareas mas sagradas que pueden existir y ustedes las han llevado a buen puerto&#8221;.<\/p>\n\n\n\n<p>Tom\u00f3 luego la palabra\u00a0 el l\u00edder de la Secci\u00f3n 35, Arturo D\u00edaz Gonz\u00e1lez, y entre sus dichos\u00a0 afirm\u00f3, &#8220;se\u00f1or\u00a0 Gobernador, de parte de la Secci\u00f3n 35, queremos agradecerle\u00a0 el gran apoyo que nos ha dado para todos los eventos&#8221;, agregando luego que, &#8220;a pesar de las muchas dificultades, que nos toca transitar\u00a0 en nuestra vida como docentes&#8221;.\u00a0<\/p>\n\n\n\n<p>&#8220;Estamos listos y prestos y a\u00a0pesar de una etapa en la que nos trataron de quitar ese prestigio que ten\u00edamos, hoy con el trabajo con ustedes, hemos demostrado que somos lo contrario de lo que dec\u00edan y a pesar de estas dificultades, el maestro est\u00e1 presente en\u00a0 las comunidades mas lejanas&#8221;, para en asegurar m\u00e1s delante, &#8220;que es en la escuela p\u00fablica en donde se encuentran los mejores maestros del pa\u00eds&#8221;.\u00a0<\/p>\n\n\n\n<p>Tuvieron\u00a0 participaci\u00f3n oratoria, luego\u00a0 el enviado de la dirigencia\u00a0 nacional del SNTE, en representaci\u00f3n de su l\u00edder\u00a0 Alfonso Cepeda, que justific\u00f3 su ausencia, para luego\u00a0 que abrir paso a\u00a0 la\u00a0 intervenci\u00f3n del Gobernador\u00a0 Manolo Jim\u00e9nez Salinas.\u00a0\u00a0<\/p>\n\n\n\n<p>En su mensaje el gobernante \u00a0 tras\u00a0 los saludos de rigor, no dej\u00f3 de mencionar &#8220;la ventaja para Coahuila&#8221;, de que el l\u00edder sindical del magisterio en este pa\u00eds, sea oriundo de Coahuila y asegurar que al l\u00edder local del SNTE, &#8220;cuentan conmigo. S\u00e9 que tienen muchas luchas estatales y nacionales, por varias causas \u00a0 y varios proyectos\u00a0 para el bien de los maestros y maestras. As\u00ed, que cuenten conmigo, con el Gobernador de Coahuila, como un integrante m\u00e1s\u00a0 del SNTE nacional y estatal\u00a0 para gestionar las causas\u00a0 de los maestros y maestras de M\u00e9xico. Cuenten conmigo al ciento por ciento&#8221;.\u00a0<\/p>\n\n\n\n<p>Al t\u00e9rmino de las intervenciones y entrega de reconocimientos, se dio paso a un t\u00f3mbola para la rifa sorpresa de un autom\u00f3vil y seis viajes en pareja a las Playas de Mazatl\u00e1n.<\/p>\n","protected":false},"excerpt":{"rendered":"<p>Torre\u00f3n, Coahuila.- Con emotiva ceremonia presidida por el Gobernador Manolo Jim\u00e9nez\u00a0 Salinas, el titular de la Secretar\u00eda de Educaci\u00f3n en el Estado Emanuel de Jes\u00fas Garza, el alcalde Rom\u00e1n Alberto Cepeda, el Secretario de Desarrollo Regional Eduardo Olmos, y otras autoridades\u00a0 sindicales y\u00a0del Poder Legislativo \u00a0 culminaron en \u00e9sta ciudad, los festejos ofrecidos por las autoridades al magisterio federal y estatal,\u00a0 con la entrega de reconocimientos\u00a0 en met\u00e1lico a 128\u00a0&#8230;<\/p>\n","protected":false},"author":2,"featured_media":0,"comment_status":"closed","ping_status":"","sticky":false,"template":"","format":"standard","meta":{"footnotes":""},"categories":[5,9,15,28,23,7],"tags":[],"class_list":["post-20617","post","type-post","status-publish","format-standard","hentry","category-coahuila","category-educacion","category-gobierno-de-coahuila","category-la-laguna","category-snte","category-torreon","wpcat-5-id","wpcat-9-id","wpcat-15-id","wpcat-28-id","wpcat-23-id","wpcat-7-id"],"_links":{"self":[{"href":"https:\/\/www.aquilaguna.com\/index.php\/wp-json\/wp\/v2\/posts\/20617","targetHints":{"allow":["GET"]}}],"collection":[{"href":"https:\/\/www.aquilaguna.com\/index.php\/wp-json\/wp\/v2\/posts"}],"about":[{"href":"https:\/\/www.aquilaguna.com\/index.php\/wp-json\/wp\/v2\/types\/post"}],"author":[{"embeddable":true,"href":"https:\/\/www.aquilaguna.com\/index.php\/wp-json\/wp\/v2\/users\/2"}],"replies":[{"embeddable":true,"href":"https:\/\/www.aquilaguna.com\/index.php\/wp-json\/wp\/v2\/comments?post=20617"}],"version-history":[{"count":1,"href":"https:\/\/www.aquilaguna.com\/index.php\/wp-json\/wp\/v2\/posts\/20617\/revisions"}],"predecessor-version":[{"id":20618,"href":"https:\/\/www.aquilaguna.com\/index.php\/wp-json\/wp\/v2\/posts\/20617\/revisions\/20618"}],"wp:attachment":[{"href":"https:\/\/www.aquilaguna.com\/index.php\/wp-json\/wp\/v2\/media?parent=20617"}],"wp:term":[{"taxonomy":"category","embeddable":true,"href":"https:\/\/www.aquilaguna.com\/index.php\/wp-json\/wp\/v2\/categories?post=20617"},{"taxonomy":"post_tag","embeddable":true,"href":"https:\/\/www.aquilaguna.com\/index.php\/wp-json\/wp\/v2\/tags?post=20617"}],"curies":[{"name":"wp","href":"https:\/\/api.w.org\/{rel}","templated":true}]}}