{"id":20635,"date":"2024-05-16T21:12:54","date_gmt":"2024-05-17T03:12:54","guid":{"rendered":"https:\/\/www.aquilaguna.com\/?p=20635"},"modified":"2024-05-16T21:12:55","modified_gmt":"2024-05-17T03:12:55","slug":"reconoce-manolo-a-las-maestras-y-maestros-de-coahuila","status":"publish","type":"post","link":"https:\/\/www.aquilaguna.com\/index.php\/2024\/05\/16\/reconoce-manolo-a-las-maestras-y-maestros-de-coahuila\/","title":{"rendered":"RECONOCE MANOLO A LAS MAESTRAS Y\u00a0\u00a0MAESTROS DE COAHUILA."},"content":{"rendered":"\n<p>Torre\u00f3n, Coahuila; a 15 de mayo de 2024.- El gobernador Manolo Jim\u00e9nez Salinas entreg\u00f3 reconocimientos a docentes de la regi\u00f3n Laguna por 30, 40 y 50 a\u00f1os de servicio, momento que aprovech\u00f3 para felicitar a todos los coahuilenses que se desempe\u00f1an en esta profesi\u00f3n, \u201cfelicitamos a las y los maestros de Coahuila, sin duda los mejores del pa\u00eds\u201d.<\/p>\n\n\n\n<p>Se\u00f1al\u00f3 que ser maestro es una gran responsabilidad, tan similar a la de los padres de familia, pues tiene que ver con la formaci\u00f3n y el desarrollo de lo m\u00e1s valioso que tiene una comunidad y una entidad que son los ni\u00f1os y j\u00f3venes.<\/p>\n\n\n\n<p>\u201cTodo nuestro reconocimiento en este d\u00eda tan especial, pues son parte del tesoro m\u00e1s grande que tenemos, pero tambi\u00e9n son parte de la potencia nacional que es Coahuila y los principales indicadores en los que hoy se nos ubica en parte es por su labor como maestros\u201d.<\/p>\n\n\n\n<p>Coment\u00f3 que si no se le invierte a la educaci\u00f3n se pierden muchas oportunidades y hoy se est\u00e1 trabajando con la comunidad magisterial para hacer un gran proyecto educativo que se pondr\u00e1 en marcha en el ciclo escolar 24-25, en el que ser\u00e1 primordial la participaci\u00f3n de todo el gremio.&nbsp;<\/p>\n\n\n\n<p>Aqu\u00ed se entreg\u00f3 la Presea Profesora Candelaria Vald\u00e9s Vald\u00e9s por 50 a\u00f1os de servicio a Gabriela Estrada Morales, Irene Rangel Rodr\u00edguez y Ofelia Urrutia Hern\u00e1ndez.&nbsp;<\/p>\n\n\n\n<p>Adem\u00e1s de la Presea Profesor F\u00e9lix Campos Coronado por 50 a\u00f1os de servicio que fue para una persona, la Presea Maestro Ignacio Manuel Altamirano por 40 a\u00f1os de servicio a 34 personas y la Presea Maestro Rafael Ram\u00edrez por 30 a\u00f1os de servicio a 90 personas, en total a 128.&nbsp;<\/p>\n\n\n\n<p>Por su parte, Javier San Mart\u00edn Jaramillo, Secretario de Organizaci\u00f3n del CEN del SNTE, en representaci\u00f3n de Alfonso Cepeda Salas, Secretario General del SNTE, comparti\u00f3 su gusto por estar en esta tierra en esta fecha tan significativa.&nbsp;<\/p>\n\n\n\n<p>\u201cAgradecemos al Gobernador Manolo Jim\u00e9nez Salinas por su respaldo y reconocemos el trabajo institucional que tiene con el SNTE; y de manera muy especial felicitamos y reconocemos a las maestras y maestros que cumplen 30, 40 y 50 a\u00f1os de servicio pues representan a todo el magisterio de Coahuila\u201d.<\/p>\n\n\n\n<p>Refiri\u00f3 que uno de sus m\u00e1s altos honores consiste en la posibilidad de rendir homenaje a las y los maestros que han entregado su vida profesional con generosidad, pues hoy toda la naci\u00f3n les reconoce, \u201cson quienes dan sentido y esperanza a la patria, nuestra lucha es por la escuela p\u00fablica, que incluye acompa\u00f1amiento efectivo para la formaci\u00f3n pues estamos comprometidos con el mejoramiento sustancial de sus trabajos\u201d.&nbsp;<\/p>\n\n\n\n<p>En su intervenci\u00f3n, Arturo D\u00edaz Gonz\u00e1lez, secretario General de la Secci\u00f3n 35 del SNTE expres\u00f3, \u201cGobernador Manolo Jim\u00e9nez Salinas le queremos agradecer el gran apoyo para todos nuestros eventos, pues es parte fundamental para nosotros. Hoy es un d\u00eda, el m\u00e1s importante de todo este pa\u00eds, pues la mejor profesi\u00f3n que existe es la de ser maestro\u201d.<\/p>\n\n\n\n<p>Dijo que, a pesar de muchas dificultades, el maestro siempre est\u00e1 dispuesto a encontrar el camino para que ense\u00f1ar a la ni\u00f1ez y juventud, \u201cvamos a seguir impulsando la escuela p\u00fablica, pues es nuestra fuente de trabajo, aqu\u00ed est\u00e1n los mejores maestros.<\/p>\n\n\n\n<p>&nbsp;Felicito a mis compa\u00f1eros en su d\u00eda\u201d.&nbsp;<\/p>\n\n\n\n<p>Adem\u00e1s, Emanuel Garza Fishburn, Secretario de Educaci\u00f3n, dijo que hoy hay mucho que celebrar, en primer lugar la trayectoria personal que ha representado para quienes toda una vida se han dedicado a las y los ni\u00f1os en su desarrollo y bienestar.<\/p>\n\n\n\n<p>\u201cHoy les quiero agradecer y reconocer esa trayectoria de mucho compromiso con los ni\u00f1os, padres de familia y la sociedad en general para que las oportunidades sigan floreciendo para ellos. Esta ha sido una de las principales encomiendas de nuestro Gobernador Manolo Jim\u00e9nez Salinas, es un verdadero honor poder caminar y construir con ustedes\u201d.&nbsp;<\/p>\n\n\n\n<p>Finalmente, el Alcalde de Torre\u00f3n, Rom\u00e1n Alberto Cepeda Gonz\u00e1lez felicit\u00f3 a las maestras y maestros en su d\u00eda, \u201ces para m\u00ed un honor estar en este evento, muchas gracias por el trabajo que realizan, por el compromiso con esta tierra. En los dos a\u00f1os y cuatro meses he sido testigo del trabajo de cada uno de ustedes, reconozco su tarea y me sumo a este reconocimiento\u201d.<\/p>\n\n\n\n<p>Al evento celebrado en el Centro de Convenciones de Torre\u00f3n tambi\u00e9n acudi\u00f3 Luz Elena Morales N\u00fa\u00f1ez, Presidenta de la Junta de Gobierno del H. Congreso del Estado; Ver\u00f3nica Mart\u00ednez Garc\u00eda, Senadora de la Rep\u00fablica; Eduardo Olmos Castro, Secretario de Desarrollo Regional de La Laguna; Jorge Alberto Salcido Portillo, subsecretario de Educaci\u00f3n B\u00e1sica en Coahuila; as\u00ed como las y los homenajeados.<\/p>\n","protected":false},"excerpt":{"rendered":"<p>Torre\u00f3n, Coahuila; a 15 de mayo de 2024.- El gobernador Manolo Jim\u00e9nez Salinas entreg\u00f3 reconocimientos a docentes de la regi\u00f3n Laguna por 30, 40 y 50 a\u00f1os de servicio, momento que aprovech\u00f3 para felicitar a todos los coahuilenses que se desempe\u00f1an en esta profesi\u00f3n, \u201cfelicitamos a las y los maestros de Coahuila, sin duda los mejores del pa\u00eds\u201d. Se\u00f1al\u00f3 que ser maestro es una gran responsabilidad, tan similar a la&#8230;<\/p>\n","protected":false},"author":1,"featured_media":20636,"comment_status":"closed","ping_status":"closed","sticky":false,"template":"","format":"standard","meta":{"footnotes":""},"categories":[5,9,15,84],"tags":[],"class_list":["post-20635","post","type-post","status-publish","format-standard","has-post-thumbnail","hentry","category-coahuila","category-educacion","category-gobierno-de-coahuila","category-magisterio","wpcat-5-id","wpcat-9-id","wpcat-15-id","wpcat-84-id"],"_links":{"self":[{"href":"https:\/\/www.aquilaguna.com\/index.php\/wp-json\/wp\/v2\/posts\/20635","targetHints":{"allow":["GET"]}}],"collection":[{"href":"https:\/\/www.aquilaguna.com\/index.php\/wp-json\/wp\/v2\/posts"}],"about":[{"href":"https:\/\/www.aquilaguna.com\/index.php\/wp-json\/wp\/v2\/types\/post"}],"author":[{"embeddable":true,"href":"https:\/\/www.aquilaguna.com\/index.php\/wp-json\/wp\/v2\/users\/1"}],"replies":[{"embeddable":true,"href":"https:\/\/www.aquilaguna.com\/index.php\/wp-json\/wp\/v2\/comments?post=20635"}],"version-history":[{"count":1,"href":"https:\/\/www.aquilaguna.com\/index.php\/wp-json\/wp\/v2\/posts\/20635\/revisions"}],"predecessor-version":[{"id":20637,"href":"https:\/\/www.aquilaguna.com\/index.php\/wp-json\/wp\/v2\/posts\/20635\/revisions\/20637"}],"wp:featuredmedia":[{"embeddable":true,"href":"https:\/\/www.aquilaguna.com\/index.php\/wp-json\/wp\/v2\/media\/20636"}],"wp:attachment":[{"href":"https:\/\/www.aquilaguna.com\/index.php\/wp-json\/wp\/v2\/media?parent=20635"}],"wp:term":[{"taxonomy":"category","embeddable":true,"href":"https:\/\/www.aquilaguna.com\/index.php\/wp-json\/wp\/v2\/categories?post=20635"},{"taxonomy":"post_tag","embeddable":true,"href":"https:\/\/www.aquilaguna.com\/index.php\/wp-json\/wp\/v2\/tags?post=20635"}],"curies":[{"name":"wp","href":"https:\/\/api.w.org\/{rel}","templated":true}]}}