{"id":20688,"date":"2024-05-21T18:18:54","date_gmt":"2024-05-22T00:18:54","guid":{"rendered":"https:\/\/www.aquilaguna.com\/?p=20688"},"modified":"2024-05-21T18:18:55","modified_gmt":"2024-05-22T00:18:55","slug":"amplia-aidh-de-la-uadec-el-registro-para-sus-especialidades-en-genero-derechos-humanos-y-busqueda-de-personas-desaparecidas","status":"publish","type":"post","link":"https:\/\/www.aquilaguna.com\/index.php\/2024\/05\/21\/amplia-aidh-de-la-uadec-el-registro-para-sus-especialidades-en-genero-derechos-humanos-y-busqueda-de-personas-desaparecidas\/","title":{"rendered":"Amplia AIDH de la UAdeC el Registro para sus Especialidades en G\u00e9nero, Derechos Humanos y B\u00fasqueda de Personas Desaparecidas."},"content":{"rendered":"\n<p>SALTILLO, Coahuila. 21 de mayo de 2024. La Universidad Aut\u00f3noma de Coahuila<br>a trav\u00e9s de la Academia Interamericana de Derechos Humanos (AIDH), informa<br>que se extiende al 31 de mayo de 2024 el periodo para registrarse y formar parte<br>de la Especialidad en G\u00e9nero y Derechos Humanos y de la Especialidad en<br>Derecho a la B\u00fasqueda de las Personas Desaparecidas, las clases iniciar\u00e1n el 14<br>de agosto de 2024.<\/p>\n\n\n\n<p>La convocatoria est\u00e1 dirigida a profesionistas con estudios terminados en<br>licenciaturas vinculadas con el Derecho, Sociolog\u00eda, Filosof\u00eda, Ciencias Pol\u00edticas,<br>Periodismo, Antropolog\u00eda, Historia, Educaci\u00f3n y dem\u00e1s \u00e1reas afines con inter\u00e9s en<br>estudios de posgrado.<\/p>\n\n\n\n<p>Ambas especialidades tienen como objetivo proporcionar a las personas<br>participantes, que resulten aceptadas, los conocimientos en las \u00e1reas que ofrece<br>el programa de posgrado como Especialistas en G\u00e9nero y Derechos Humanos y<br>en Derecho a la B\u00fasqueda de las Personas Desaparecidas.<\/p>\n\n\n\n<p>La duraci\u00f3n es de un a\u00f1o distribuido en dos semestres con 10 materias, las clases<br>se impartir\u00e1n seg\u00fan el calendario que se brindar\u00e1 a inicio de semestre y se<br>calendarizan los viernes en un horario de 17:00 a 21:00 horas y los s\u00e1bados de<br>9:00 a 13:00 horas, el cupo m\u00ednimo es de 10 personas y 30 como m\u00e1ximo, la<br>modalidad es mixta (virtual y presencial), las sesiones presenciales se llevar\u00e1n a<br>cabo en la sede de la AIDH en Campus Arteaga.<\/p>\n\n\n\n<p>Cada especialidad tiene un costo por semestre de $30,000 pesos que podr\u00e1n<br>cubrirse en pagos diferidos a mensualidades, adicionalmente se deber\u00e1n cubrir<br>semestralmente conceptos por pago correspondiente a la cuota interna de la<br>Universidad Aut\u00f3noma de Coahuila que es de $700 y cuota interna de la<br>Academia Interamericana de Derechos Humanos de $1,000 pesos, con base en lo<br>anterior, la especialidad tiene un costo total de $63,400 pesos.<\/p>\n\n\n\n<p>Los requisitos que deber\u00e1n de cubrir los interesados son: contar con t\u00edtulo de<br>licenciatura otorgado por alguna instituci\u00f3n incorporada a la Secretar\u00eda de<br>Educaci\u00f3n P\u00fablica (SEP), un promedio m\u00ednimo de 80 puntos en escala de 100, en<br>caso de promedio inferior, se requiere aprobar un examen de admisi\u00f3n, realizar la<br>inscripci\u00f3n acad\u00e9mica y administrativa correspondiente, entregar la<br>documentaci\u00f3n requerida, cubrir la colegiatura correspondiente, entrevista con la<br>Direcci\u00f3n del Centro de Educaci\u00f3n de la Academia e integrantes del n\u00facleo<br>acad\u00e9mico que esta designe.<\/p>\n\n\n\n<p>Adem\u00e1s, carta de exposici\u00f3n de motivos que detalle las razones por las cuales es<br>su intenci\u00f3n ingresar a estudiar la especialidad, entregar curr\u00edculum vitae, contar<br>con n\u00famero de CVU que otorga CONAHCYT, en caso de no tenerlo, tramitarlo en<br>el siguiente enlace <a href=\"https:\/\/registro.conahcyt.mx\/\" target=\"_blank\" rel=\"noreferrer noopener\">https:\/\/registro.conahcyt.mx\/<\/a>, las personas extranjeras deber\u00e1n<br>entregar los documentos apostillados.<\/p>\n\n\n\n<p>El registro estar\u00e1 abierto hasta el 31 de mayo de 2024, las entrevistas a aspirantes<br>ser\u00e1n del 2 al 5 de junio, la publicaci\u00f3n de resultados el 17 de junio, las<br>inscripciones del 17 al 30 de junio y el inicio de clases ser\u00e1 el 14 de agosto.<\/p>\n\n\n\n<p>Consultar las convocatoria de ambas especialidades en<br><a href=\"https:\/\/www.academiaidh.org.mx\/especialidades?fbclid=IwZXh0bgNhZW0CMTAAAR2CcxKW_ahVSYs7iT6Z5LQ14RngZAgBT9RnaWHCBoa8Aqsdy0oW_3ePo_A_aem_ASnyqwlslBJOxFxFc3sZAvVuc6K3P4mKTlt7UvY0PVfhGLf15o6j7jCTG58NCLvySrtHEOjlpJA2TDAnBWn3z3Eb\" target=\"_blank\" rel=\"noreferrer noopener\">https:\/\/www.academiaidh.org.mx\/especialidades?fbclid=IwZXh0bgNhZW0CMTAAAR2CcxKW_ahVSYs7iT6Z5LQ14RngZAgBT9RnaWHCBoa8Aqsdy0oW_3ePo_A_aem_ASnyqwlslBJOxFxFc3sZAvVuc6K3P4mKTlt7UvY0PVfhGLf15o6j7jCTG58NCLvySrtHEOjlpJA2TDAnBWn3z3Eb<\/a>, para m\u00e1s informaci\u00f3n escribir al correo<br>centro.posgrado@academiaidh.org.mx o llamar al (844) 4 11 14 29.<\/p>\n","protected":false},"excerpt":{"rendered":"<p>SALTILLO, Coahuila. 21 de mayo de 2024. La Universidad Aut\u00f3noma de Coahuilaa trav\u00e9s de la Academia Interamericana de Derechos Humanos (AIDH), informaque se extiende al 31 de mayo de 2024 el periodo para registrarse y formar partede la Especialidad en G\u00e9nero y Derechos Humanos y de la Especialidad enDerecho a la B\u00fasqueda de las Personas Desaparecidas, las clases iniciar\u00e1n el 14de agosto de 2024. La convocatoria est\u00e1 dirigida a profesionistas&#8230;<\/p>\n","protected":false},"author":1,"featured_media":20689,"comment_status":"closed","ping_status":"closed","sticky":false,"template":"","format":"standard","meta":{"footnotes":""},"categories":[2],"tags":[],"class_list":["post-20688","post","type-post","status-publish","format-standard","has-post-thumbnail","hentry","category-uadec","wpcat-2-id"],"_links":{"self":[{"href":"https:\/\/www.aquilaguna.com\/index.php\/wp-json\/wp\/v2\/posts\/20688","targetHints":{"allow":["GET"]}}],"collection":[{"href":"https:\/\/www.aquilaguna.com\/index.php\/wp-json\/wp\/v2\/posts"}],"about":[{"href":"https:\/\/www.aquilaguna.com\/index.php\/wp-json\/wp\/v2\/types\/post"}],"author":[{"embeddable":true,"href":"https:\/\/www.aquilaguna.com\/index.php\/wp-json\/wp\/v2\/users\/1"}],"replies":[{"embeddable":true,"href":"https:\/\/www.aquilaguna.com\/index.php\/wp-json\/wp\/v2\/comments?post=20688"}],"version-history":[{"count":1,"href":"https:\/\/www.aquilaguna.com\/index.php\/wp-json\/wp\/v2\/posts\/20688\/revisions"}],"predecessor-version":[{"id":20690,"href":"https:\/\/www.aquilaguna.com\/index.php\/wp-json\/wp\/v2\/posts\/20688\/revisions\/20690"}],"wp:featuredmedia":[{"embeddable":true,"href":"https:\/\/www.aquilaguna.com\/index.php\/wp-json\/wp\/v2\/media\/20689"}],"wp:attachment":[{"href":"https:\/\/www.aquilaguna.com\/index.php\/wp-json\/wp\/v2\/media?parent=20688"}],"wp:term":[{"taxonomy":"category","embeddable":true,"href":"https:\/\/www.aquilaguna.com\/index.php\/wp-json\/wp\/v2\/categories?post=20688"},{"taxonomy":"post_tag","embeddable":true,"href":"https:\/\/www.aquilaguna.com\/index.php\/wp-json\/wp\/v2\/tags?post=20688"}],"curies":[{"name":"wp","href":"https:\/\/api.w.org\/{rel}","templated":true}]}}