{"id":20732,"date":"2024-05-23T23:05:00","date_gmt":"2024-05-24T05:05:00","guid":{"rendered":"https:\/\/www.aquilaguna.com\/?p=20732"},"modified":"2024-05-23T23:05:00","modified_gmt":"2024-05-24T05:05:00","slug":"alumnos-del-dif-festejan-el-dia-del-estudiante","status":"publish","type":"post","link":"https:\/\/www.aquilaguna.com\/index.php\/2024\/05\/23\/alumnos-del-dif-festejan-el-dia-del-estudiante\/","title":{"rendered":"Alumnos del DIF festejan el D\u00eda del Estudiante."},"content":{"rendered":"\n<p>Torre\u00f3n, Coahuila. A 23 de mayo de 2024.<\/p>\n\n\n\n<p>Un total de 200 estudiantes de la Escuela T\u00e9cnica de Enfermer\u00eda y de los distintos<br>talleres del Centro de Capacitaci\u00f3n para el Trabajo \u201cTonantzin\u201d del Sistema para el<br>Desarrollo Integral de la Familia (DIF) Torre\u00f3n, celebraron este jueves el D\u00eda del<br>Estudiante.<\/p>\n\n\n\n<p>Al evento acudi\u00f3 la se\u00f1ora Selina Bremer de Cepeda, presidenta honoraria del DIF<br>Torre\u00f3n, quien reconoci\u00f3 el papel de los participantes, por esforzarse en adquirir<br>nuevos conocimientos y con ellos mejorar su calidad de vida y la de sus familias.<\/p>\n\n\n\n<p>\u201cEste d\u00eda reconozco el esfuerzo de los estudiantes que pertenecen a las diferentes<br>opciones educativas y de capacitaci\u00f3n que tiene el DIF Torre\u00f3n, pues son<br>alumnos que no solo tienen apertura para formarse, sino que poseen la habilidad<br>para superarse todos los d\u00edas, y poder desempe\u00f1arse en el campo laboral para<br>generar una mejor fuente de ingresos\u201d, expres\u00f3 Bremer de Cepeda.<\/p>\n\n\n\n<p>Dijo que cada uno de los egresados del DIF Torre\u00f3n se destaca por su<br>pensamiento cr\u00edtico y por su sentido de responsabilidad social.<\/p>\n\n\n\n<p>Resalt\u00f3 que la Escuela T\u00e9cnica de Enfermer\u00eda es una instituci\u00f3n reconocida, pues<br>los estudiantes son solicitados de manera frecuente para integrarse a las labores<br>de los lugares hospitalarios, debido a su completa preparaci\u00f3n acad\u00e9mica.<\/p>\n\n\n\n<p>Por su parte Claudia Marlene Mart\u00ednez Vald\u00e9s, directora general del DIF Torre\u00f3n,<br>indic\u00f3 que los estudiantes de los diversos talleres y enfermer\u00eda son personas<br>mayores de edad, quienes buscan aprender un nuevo oficio, crecer en el actual o<br>formarse profesionalmente.<\/p>\n\n\n\n<p>En el evento los participantes mostraron parte de los trabajos que producen en sus<br>tareas acad\u00e9micas y recibieron un refrigerio completo, pastel y refresco, adem\u00e1s<br>de la convivencia para continuar fomentando el compa\u00f1erismo y compartir<br>experiencias sanas de crecimiento.<\/p>\n","protected":false},"excerpt":{"rendered":"<p>Torre\u00f3n, Coahuila. A 23 de mayo de 2024. Un total de 200 estudiantes de la Escuela T\u00e9cnica de Enfermer\u00eda y de los distintostalleres del Centro de Capacitaci\u00f3n para el Trabajo \u201cTonantzin\u201d del Sistema para elDesarrollo Integral de la Familia (DIF) Torre\u00f3n, celebraron este jueves el D\u00eda delEstudiante. Al evento acudi\u00f3 la se\u00f1ora Selina Bremer de Cepeda, presidenta honoraria del DIFTorre\u00f3n, quien reconoci\u00f3 el papel de los participantes, por esforzarse en&#8230;<\/p>\n","protected":false},"author":1,"featured_media":20733,"comment_status":"closed","ping_status":"closed","sticky":false,"template":"","format":"standard","meta":{"footnotes":""},"categories":[5,28,7],"tags":[],"class_list":["post-20732","post","type-post","status-publish","format-standard","has-post-thumbnail","hentry","category-coahuila","category-la-laguna","category-torreon","wpcat-5-id","wpcat-28-id","wpcat-7-id"],"_links":{"self":[{"href":"https:\/\/www.aquilaguna.com\/index.php\/wp-json\/wp\/v2\/posts\/20732","targetHints":{"allow":["GET"]}}],"collection":[{"href":"https:\/\/www.aquilaguna.com\/index.php\/wp-json\/wp\/v2\/posts"}],"about":[{"href":"https:\/\/www.aquilaguna.com\/index.php\/wp-json\/wp\/v2\/types\/post"}],"author":[{"embeddable":true,"href":"https:\/\/www.aquilaguna.com\/index.php\/wp-json\/wp\/v2\/users\/1"}],"replies":[{"embeddable":true,"href":"https:\/\/www.aquilaguna.com\/index.php\/wp-json\/wp\/v2\/comments?post=20732"}],"version-history":[{"count":1,"href":"https:\/\/www.aquilaguna.com\/index.php\/wp-json\/wp\/v2\/posts\/20732\/revisions"}],"predecessor-version":[{"id":20734,"href":"https:\/\/www.aquilaguna.com\/index.php\/wp-json\/wp\/v2\/posts\/20732\/revisions\/20734"}],"wp:featuredmedia":[{"embeddable":true,"href":"https:\/\/www.aquilaguna.com\/index.php\/wp-json\/wp\/v2\/media\/20733"}],"wp:attachment":[{"href":"https:\/\/www.aquilaguna.com\/index.php\/wp-json\/wp\/v2\/media?parent=20732"}],"wp:term":[{"taxonomy":"category","embeddable":true,"href":"https:\/\/www.aquilaguna.com\/index.php\/wp-json\/wp\/v2\/categories?post=20732"},{"taxonomy":"post_tag","embeddable":true,"href":"https:\/\/www.aquilaguna.com\/index.php\/wp-json\/wp\/v2\/tags?post=20732"}],"curies":[{"name":"wp","href":"https:\/\/api.w.org\/{rel}","templated":true}]}}