{"id":20755,"date":"2024-05-24T17:12:20","date_gmt":"2024-05-24T23:12:20","guid":{"rendered":"https:\/\/www.aquilaguna.com\/?p=20755"},"modified":"2024-05-24T17:12:20","modified_gmt":"2024-05-24T23:12:20","slug":"roman-alberto-cepeda-gonzalez-revisa-acciones-de-dependencias-y-corporaciones-de-seguridad","status":"publish","type":"post","link":"https:\/\/www.aquilaguna.com\/index.php\/2024\/05\/24\/roman-alberto-cepeda-gonzalez-revisa-acciones-de-dependencias-y-corporaciones-de-seguridad\/","title":{"rendered":"Rom\u00e1n Alberto Cepeda Gonz\u00e1lez revisa acciones de dependencias y corporaciones de seguridad."},"content":{"rendered":"\n<p>Torre\u00f3n, Coahuila. A 24 de mayo de 2024.<\/p>\n\n\n\n<p>\u00a0El alcalde Rom\u00e1n Alberto Cepeda Gonz\u00e1lez, presidi\u00f3 la vig\u00e9sima reuni\u00f3n semanal<br>de seguridad, en donde se analizaron los \u00edndices de incidencia delictiva de la<br>ciudad, as\u00ed como las acciones preventivas y de atenci\u00f3n implementadas por las<br>diferentes dependencias y corporaciones, entre las que destacan las<br>capacitaciones de agentes de tr\u00e1nsito para prevenir y atender la violencia de<br>g\u00e9nero, avances del Sistema de Justicia C\u00edvica y operativos de Protecci\u00f3n Civil.<br>\u00a0<br>Previo a la revisi\u00f3n de las acciones, Cepeda Gonz\u00e1lez dio la bienvenida a quienes<br>integran la mesa de seguridad, y reiter\u00f3 su agradecimiento a las dependencias y<br>corporaciones de los tres \u00f3rdenes de Gobierno, a la Guardia Nacional y al Ej\u00e9rcito<br>Mexicano, por su trabajo en favor de mantener la paz y el orden social en Torre\u00f3n.<br>\u00a0<br>En cuanto al \u00edndice general de incidencia delictiva, correspondiente a la semana<br>que va del 15 al 21 de mayo de 2024, el comisario C\u00e9sar Antonio Perales<br>Esparza, director de la Polic\u00eda de Torre\u00f3n, inform\u00f3 que registraron disminuci\u00f3n los<br>delitos de robo a casa habitaci\u00f3n, con siete eventos, cinco menos que la semana<br>anterior y robo a local comercial con violencia, con dos eventos, cuatro menos que<br>la semana anterior.<br>La Polic\u00eda Municipal efectu\u00f3 59 detenciones que fueron consignadas al Ministerio<br>P\u00fablico y 104 remitidas al Juez Calificador.<br>\u00a0<br>El Grupo de Reacci\u00f3n Torre\u00f3n realiz\u00f3 cuatro detenciones y se efectuaron otras 17<br>por medio de videovigilancia.<br>\u00a0<br>Luis Alberto Morales Cort\u00e9s, director de Vialidad y Movilidad Urbana, dio a<br>conocer que se desarroll\u00f3 la cuarta semana de capacitaci\u00f3n a los agentes de<br>tr\u00e1nsito en prevenci\u00f3n de la violencia de g\u00e9nero y resoluci\u00f3n de controversias,<br>impartida por personal del Centro de Justicia y Empoderamiento para las Mujeres,<br>as\u00ed como de la Fiscal\u00eda General del Estado de Coahuila, Delegaci\u00f3n I.<br>\u00a0<br>Dijo que se ha capacitado a 194 agentes de una meta de 350.<br>\u00a0<br>Adem\u00e1s, inform\u00f3 que los agentes de Tr\u00e1nsito y Vialidad han realizado un total de<br>800 labores sociales en lo que va del a\u00f1o, prestando auxilio a la ciudadan\u00eda,<br>principalmente a adultos mayores y personas con discapacidad.<br>\u00a0<br>Martha Esther Rodr\u00edguez Romero, presidenta del Tribunal de Justicia Municipal,<br>inform\u00f3 que las principales causas de ingreso al Centro de Detenci\u00f3n Temporal<\/p>\n\n\n\n<p>fueron persona intoxicada; injurias, difamaci\u00f3n y calumnias; alterar el orden en la<br>v\u00eda p\u00fablica y alterar el orden en la v\u00eda p\u00fablica en estado de ebriedad.<br>&nbsp;<br>Dijo tambi\u00e9n que, como parte del Sistema de Justicia C\u00edvica, durante la semana se<br>realiz\u00f3 trabajo comunitario con acciones de limpieza en la Escuela Secundaria<br>n\u00famero 13 del ejido La Concha.<br>&nbsp;<br>La opci\u00f3n de realizar trabajo comunitario es un recurso que tienen las personas<br>que son detenidas por faltas administrativas, para conmutar sus horas de arresto<br>con este tipo de labores.<br>&nbsp;<br>Jorge Luis Ju\u00e1rez Llanas, director de Protecci\u00f3n Civil y Bomberos, report\u00f3 que<br>como parte de las acciones preventivas que realiza la dependencia, contin\u00faa con<br>la revisi\u00f3n de las condiciones f\u00edsicas de los anuncios espectaculares, as\u00ed como de<br>las vallas publicitarias.<br>&nbsp;<br>En ese sentido dijo que se detect\u00f3 un anuncio espectacular a punto de caer, en la<br>calle Ildefonso Fuentes de la colonia Centro, el cual se encontraba recargado<br>sobre una l\u00ednea de electricidad, por lo que se procedi\u00f3 a eliminar el riesgo.<br>Los operativos de Protecci\u00f3n Civil son permanentes con el objetivo de responder<br>de manera inmediata en caso de una emergencia.<br>&nbsp;<br>Ra\u00fal Gerardo Rodr\u00edguez Garc\u00eda, director de Inspecci\u00f3n y Verificaci\u00f3n, inform\u00f3 que<br>el personal de la dependencia atendi\u00f3 32 quejas ciudadanas, principalmente por<br>obstrucci\u00f3n de la v\u00eda p\u00fablica y veh\u00edculos chatarra.<br>&nbsp;<br>Dijo que se mantienen en marcha los operativos de limpieza y de veh\u00edculos<br>chatarra, mediante los que se busca liberar las calles de obstrucciones, para el<br>libre tr\u00e1nsito de los veh\u00edculos y los peatones.<\/p>\n","protected":false},"excerpt":{"rendered":"<p>Torre\u00f3n, Coahuila. A 24 de mayo de 2024. \u00a0El alcalde Rom\u00e1n Alberto Cepeda Gonz\u00e1lez, presidi\u00f3 la vig\u00e9sima reuni\u00f3n semanalde seguridad, en donde se analizaron los \u00edndices de incidencia delictiva de laciudad, as\u00ed como las acciones preventivas y de atenci\u00f3n implementadas por lasdiferentes dependencias y corporaciones, entre las que destacan lascapacitaciones de agentes de tr\u00e1nsito para prevenir y atender la violencia deg\u00e9nero, avances del Sistema de Justicia C\u00edvica y operativos de&#8230;<\/p>\n","protected":false},"author":1,"featured_media":20756,"comment_status":"closed","ping_status":"closed","sticky":false,"template":"","format":"standard","meta":{"footnotes":""},"categories":[5,28,7],"tags":[],"class_list":["post-20755","post","type-post","status-publish","format-standard","has-post-thumbnail","hentry","category-coahuila","category-la-laguna","category-torreon","wpcat-5-id","wpcat-28-id","wpcat-7-id"],"_links":{"self":[{"href":"https:\/\/www.aquilaguna.com\/index.php\/wp-json\/wp\/v2\/posts\/20755","targetHints":{"allow":["GET"]}}],"collection":[{"href":"https:\/\/www.aquilaguna.com\/index.php\/wp-json\/wp\/v2\/posts"}],"about":[{"href":"https:\/\/www.aquilaguna.com\/index.php\/wp-json\/wp\/v2\/types\/post"}],"author":[{"embeddable":true,"href":"https:\/\/www.aquilaguna.com\/index.php\/wp-json\/wp\/v2\/users\/1"}],"replies":[{"embeddable":true,"href":"https:\/\/www.aquilaguna.com\/index.php\/wp-json\/wp\/v2\/comments?post=20755"}],"version-history":[{"count":1,"href":"https:\/\/www.aquilaguna.com\/index.php\/wp-json\/wp\/v2\/posts\/20755\/revisions"}],"predecessor-version":[{"id":20757,"href":"https:\/\/www.aquilaguna.com\/index.php\/wp-json\/wp\/v2\/posts\/20755\/revisions\/20757"}],"wp:featuredmedia":[{"embeddable":true,"href":"https:\/\/www.aquilaguna.com\/index.php\/wp-json\/wp\/v2\/media\/20756"}],"wp:attachment":[{"href":"https:\/\/www.aquilaguna.com\/index.php\/wp-json\/wp\/v2\/media?parent=20755"}],"wp:term":[{"taxonomy":"category","embeddable":true,"href":"https:\/\/www.aquilaguna.com\/index.php\/wp-json\/wp\/v2\/categories?post=20755"},{"taxonomy":"post_tag","embeddable":true,"href":"https:\/\/www.aquilaguna.com\/index.php\/wp-json\/wp\/v2\/tags?post=20755"}],"curies":[{"name":"wp","href":"https:\/\/api.w.org\/{rel}","templated":true}]}}