{"id":20773,"date":"2024-05-26T18:47:55","date_gmt":"2024-05-27T00:47:55","guid":{"rendered":"https:\/\/www.aquilaguna.com\/?p=20773"},"modified":"2024-05-26T18:47:56","modified_gmt":"2024-05-27T00:47:56","slug":"avanzan-trabajos-de-control-y-liquidacion-del-incendio-en-jaguey-de-ferniza","status":"publish","type":"post","link":"https:\/\/www.aquilaguna.com\/index.php\/2024\/05\/26\/avanzan-trabajos-de-control-y-liquidacion-del-incendio-en-jaguey-de-ferniza\/","title":{"rendered":"AVANZAN TRABAJOS DE CONTROL Y LIQUIDACI\u00d3N DEL INCENDIO EN JAG\u00dcEY DE FERNIZA."},"content":{"rendered":"\n<p>Jag\u00fcey de Ferniza, Saltillo, Coahuila de Zaragoza; a 25 de junio de 2024.- La Secretar\u00eda de Medio Ambiente informa sobre la situaci\u00f3n del incendio forestal en el \u00e1rea conocida como Ca\u00f1\u00f3n de los B\u00fafalos, en el ejido Jag\u00fcey de Ferniza, en donde al finalizar la jornada de este s\u00e1bado se reporta un 40 por ciento de control y 30 por ciento de liquidaci\u00f3n, con una superficie afectada de aproximadamente 45 hect\u00e1reas, principalmente de pastizal y matorral.<\/p>\n\n\n\n<p>Se inform\u00f3 que el incendio forestal se origin\u00f3 por una descarga el\u00e9ctrica.<\/p>\n\n\n\n<p>En el combate y liquidaci\u00f3n de este incendio forestal participan brigadistas de los tres \u00f3rdenes de gobierno, de la Guardia Nacional y el Ej\u00e9rcito Mexicano, para un total de 99 elementos, apoyados por una aeronave que realiz\u00f3 80 descargas de agua y retardante en la zona afectada; adem\u00e1s de veh\u00edculos terrestres para el traslado de los brigadistas a las zonas cercanas al incendio.<\/p>\n\n\n\n<p>Este domingo se reanudar\u00e1n las labores de combate al incendio forestal en el Ca\u00f1\u00f3n de los B\u00fafalos.<\/p>\n","protected":false},"excerpt":{"rendered":"<p>Jag\u00fcey de Ferniza, Saltillo, Coahuila de Zaragoza; a 25 de junio de 2024.- La Secretar\u00eda de Medio Ambiente informa sobre la situaci\u00f3n del incendio forestal en el \u00e1rea conocida como Ca\u00f1\u00f3n de los B\u00fafalos, en el ejido Jag\u00fcey de Ferniza, en donde al finalizar la jornada de este s\u00e1bado se reporta un 40 por ciento de control y 30 por ciento de liquidaci\u00f3n, con una superficie afectada de aproximadamente 45&#8230;<\/p>\n","protected":false},"author":1,"featured_media":20774,"comment_status":"closed","ping_status":"closed","sticky":false,"template":"","format":"standard","meta":{"footnotes":""},"categories":[5,15,54],"tags":[],"class_list":["post-20773","post","type-post","status-publish","format-standard","has-post-thumbnail","hentry","category-coahuila","category-gobierno-de-coahuila","category-proteccion-civil","wpcat-5-id","wpcat-15-id","wpcat-54-id"],"_links":{"self":[{"href":"https:\/\/www.aquilaguna.com\/index.php\/wp-json\/wp\/v2\/posts\/20773","targetHints":{"allow":["GET"]}}],"collection":[{"href":"https:\/\/www.aquilaguna.com\/index.php\/wp-json\/wp\/v2\/posts"}],"about":[{"href":"https:\/\/www.aquilaguna.com\/index.php\/wp-json\/wp\/v2\/types\/post"}],"author":[{"embeddable":true,"href":"https:\/\/www.aquilaguna.com\/index.php\/wp-json\/wp\/v2\/users\/1"}],"replies":[{"embeddable":true,"href":"https:\/\/www.aquilaguna.com\/index.php\/wp-json\/wp\/v2\/comments?post=20773"}],"version-history":[{"count":1,"href":"https:\/\/www.aquilaguna.com\/index.php\/wp-json\/wp\/v2\/posts\/20773\/revisions"}],"predecessor-version":[{"id":20775,"href":"https:\/\/www.aquilaguna.com\/index.php\/wp-json\/wp\/v2\/posts\/20773\/revisions\/20775"}],"wp:featuredmedia":[{"embeddable":true,"href":"https:\/\/www.aquilaguna.com\/index.php\/wp-json\/wp\/v2\/media\/20774"}],"wp:attachment":[{"href":"https:\/\/www.aquilaguna.com\/index.php\/wp-json\/wp\/v2\/media?parent=20773"}],"wp:term":[{"taxonomy":"category","embeddable":true,"href":"https:\/\/www.aquilaguna.com\/index.php\/wp-json\/wp\/v2\/categories?post=20773"},{"taxonomy":"post_tag","embeddable":true,"href":"https:\/\/www.aquilaguna.com\/index.php\/wp-json\/wp\/v2\/tags?post=20773"}],"curies":[{"name":"wp","href":"https:\/\/api.w.org\/{rel}","templated":true}]}}