{"id":20796,"date":"2024-05-27T21:37:26","date_gmt":"2024-05-28T03:37:26","guid":{"rendered":"https:\/\/www.aquilaguna.com\/?p=20796"},"modified":"2024-05-27T21:37:27","modified_gmt":"2024-05-28T03:37:27","slug":"con-toda-la-fuerza-de-torreon-este-2-de-junio-vamos-a-ganar","status":"publish","type":"post","link":"https:\/\/www.aquilaguna.com\/index.php\/2024\/05\/27\/con-toda-la-fuerza-de-torreon-este-2-de-junio-vamos-a-ganar\/","title":{"rendered":"\u201cCon toda la fuerza de Torre\u00f3n, este 2 de junio vamos a ganar\u201d."},"content":{"rendered":"\n<p>Miles de torreonenses se reunieron este lunes para formar parte de la fiesta del cierre de campa\u00f1a de Rom\u00e1n Cepeda, brindando un apoyo sin precedentes para impulsar el proyecto de su Alianza Ciudadana por la Seguridad, con la certeza del triunfo el pr\u00f3ximo 2 de junio.<\/p>\n\n\n\n<p>Acompa\u00f1ado de liderazgos del Partido Revolucionario Institucional y de las candidaturas a los diversos cargos de elecci\u00f3n, Rom\u00e1n llev\u00f3 una vez m\u00e1s un mensaje de esperanza, de unidad y de crecimiento a los habitantes de la ciudad, en esta ocasi\u00f3n reunidos en la plaza principal de la colonia Zaragoza Sur, celebrando y apoyando el pr\u00f3ximo triunfo de Torre\u00f3n en las aulas.<\/p>\n\n\n\n<p>\u201cEste 2 de junio vamos a demostrar que el PRI va a ganar, que Torre\u00f3n va a ganar con Rom\u00e1n, que todos juntos podemos probarle a Coahuila, a M\u00e9xico, que somos un ejemplo de unidad y de fortaleza\u2026 Este equipo ganador que me brind\u00f3 su confianza hace casi tres a\u00f1os, nos va a dar un voto de confianza nuevamente, vamos a arrasar en las urnas y cuidar nuestro proyecto de seguridad\u201d.<\/p>\n\n\n\n<p>M\u00fasica, fiesta y algarab\u00eda enmarcaron el cierre de actividades de campa\u00f1a de Rom\u00e1n ante m\u00e1s de 10 mil personas en Torre\u00f3n, municipio que pudo recorrer nuevamente para escuchar y atender el sentir de la ciudadan\u00eda, desde los sectores residenciales, colonias populares y hasta en los ejidos, difundiendo su propuesta en torno a la seguridad, base de todo gobierno que busca mantenerse como referente nacional.<\/p>\n\n\n\n<p>\u201cLogramos ser ejemplo en todo el pa\u00eds de c\u00f3mo se deben hacer las cosas, vamos hacia adelante, hacia el futuro con la seguridad y con lo que hemos construido en estos a\u00f1os, seamos una vez m\u00e1s ese Torre\u00f3n que defiende su tierra\u2026 En las urnas, en las calles, demostrando que somos el mejor PRI de Coahuila y de M\u00e9xico\u201d.<\/p>\n\n\n\n<p>Rom\u00e1n llam\u00f3 a la ciudadan\u00eda a valorar el futuro de Torre\u00f3n este 2 de junio, a salir a las urnas conscientes de que est\u00e1 en juego la estabilidad, la seguridad y el futuro de las familias de esta ciudad, por lo que se debe buscar la unidad en torno al futuro y el crecimiento, sin voltear al pasado y lejos de propuestas de improvisaci\u00f3n que puedan da\u00f1ar lo ya construido.<\/p>\n\n\n\n<p>Adem\u00e1s dedic\u00f3 palabras de agradecimiento para aquellos miembros de la estructura de otros partidos que han determinado unirse a su proyecto recientemente, a quienes llam\u00f3 \u201ctorreonenses comprometidos\u201d con la causa de la seguridad, lo que demuestra el \u00e1nimo de la victoria que va sumando voluntades rumbo al d\u00eda de la elecci\u00f3n.<\/p>\n\n\n\n<p>\u201cLa puerta est\u00e1 abierta, quienes tengan el compromiso por Torre\u00f3n son bienvenidos\u2026 Est\u00e1 claro que el proyecto ganador es el nuestro\u201d.<\/p>\n\n\n\n<p>Durante el cierre de campa\u00f1a se tuvo adem\u00e1s la presencia musical de \u201cLos Primeritos de Colombia\u201d y otras bandas regionales invitadas, quienes amenizaron al t\u00e9rmino del evento, concluyendo con una jornada de alegr\u00eda y celebraci\u00f3n por Rom\u00e1n Cepeda y su Alianza Ciudadana por la Seguridad.<\/p>\n","protected":false},"excerpt":{"rendered":"<p>Miles de torreonenses se reunieron este lunes para formar parte de la fiesta del cierre de campa\u00f1a de Rom\u00e1n Cepeda, brindando un apoyo sin precedentes para impulsar el proyecto de su Alianza Ciudadana por la Seguridad, con la certeza del triunfo el pr\u00f3ximo 2 de junio. Acompa\u00f1ado de liderazgos del Partido Revolucionario Institucional y de las candidaturas a los diversos cargos de elecci\u00f3n, Rom\u00e1n llev\u00f3 una vez m\u00e1s un mensaje&#8230;<\/p>\n","protected":false},"author":1,"featured_media":20797,"comment_status":"closed","ping_status":"closed","sticky":false,"template":"","format":"standard","meta":{"footnotes":""},"categories":[20,5,28,16,7],"tags":[],"class_list":["post-20796","post","type-post","status-publish","format-standard","has-post-thumbnail","hentry","category-campanas","category-coahuila","category-la-laguna","category-pri","category-torreon","wpcat-20-id","wpcat-5-id","wpcat-28-id","wpcat-16-id","wpcat-7-id"],"_links":{"self":[{"href":"https:\/\/www.aquilaguna.com\/index.php\/wp-json\/wp\/v2\/posts\/20796","targetHints":{"allow":["GET"]}}],"collection":[{"href":"https:\/\/www.aquilaguna.com\/index.php\/wp-json\/wp\/v2\/posts"}],"about":[{"href":"https:\/\/www.aquilaguna.com\/index.php\/wp-json\/wp\/v2\/types\/post"}],"author":[{"embeddable":true,"href":"https:\/\/www.aquilaguna.com\/index.php\/wp-json\/wp\/v2\/users\/1"}],"replies":[{"embeddable":true,"href":"https:\/\/www.aquilaguna.com\/index.php\/wp-json\/wp\/v2\/comments?post=20796"}],"version-history":[{"count":1,"href":"https:\/\/www.aquilaguna.com\/index.php\/wp-json\/wp\/v2\/posts\/20796\/revisions"}],"predecessor-version":[{"id":20798,"href":"https:\/\/www.aquilaguna.com\/index.php\/wp-json\/wp\/v2\/posts\/20796\/revisions\/20798"}],"wp:featuredmedia":[{"embeddable":true,"href":"https:\/\/www.aquilaguna.com\/index.php\/wp-json\/wp\/v2\/media\/20797"}],"wp:attachment":[{"href":"https:\/\/www.aquilaguna.com\/index.php\/wp-json\/wp\/v2\/media?parent=20796"}],"wp:term":[{"taxonomy":"category","embeddable":true,"href":"https:\/\/www.aquilaguna.com\/index.php\/wp-json\/wp\/v2\/categories?post=20796"},{"taxonomy":"post_tag","embeddable":true,"href":"https:\/\/www.aquilaguna.com\/index.php\/wp-json\/wp\/v2\/tags?post=20796"}],"curies":[{"name":"wp","href":"https:\/\/api.w.org\/{rel}","templated":true}]}}