{"id":20867,"date":"2024-05-31T23:55:01","date_gmt":"2024-06-01T05:55:01","guid":{"rendered":"https:\/\/www.aquilaguna.com\/?p=20867"},"modified":"2024-05-31T23:55:02","modified_gmt":"2024-06-01T05:55:02","slug":"invita-uadec-a-la-inauguracion-de-la-exposicion-procesiones","status":"publish","type":"post","link":"https:\/\/www.aquilaguna.com\/index.php\/2024\/05\/31\/invita-uadec-a-la-inauguracion-de-la-exposicion-procesiones\/","title":{"rendered":"Invita UAdeC a la Inauguraci\u00f3n de la Exposici\u00f3n PROCESIONES."},"content":{"rendered":"\n<p>SALTILLO, Coahuila. 31 de mayo de 2024. La Universidad Aut\u00f3noma de Coahuila,<br>a trav\u00e9s de la Coordinaci\u00f3n General de Difusi\u00f3n y Patrimonio Cultural invita el 3 de<br>junio a la exposici\u00f3n pict\u00f3rica PROCESIONES, del maestro Zen\u00e9n Vizca\u00edno,<br>artista pl\u00e1stico con m\u00e1s de 30 a\u00f1os de trayectoria profesional en el arte, siendo el<br>expresionismo el estilo m\u00e1s presente en su carrera y que define sus obras.<\/p>\n\n\n\n<p>En el Lobby del edificio de la Rector\u00eda a las 11:00 horas se inaugurar\u00e1 y<br>expondr\u00e1n una serie de pinturas cuyo discurso e intenci\u00f3n principal es trasmitir la<br>percepci\u00f3n de un artista contempor\u00e1neo sobre la migraci\u00f3n, los cambios, las<br>gentrificaciones desarraigo y la vida.<\/p>\n\n\n\n<p>El pintor expresa que la vida nos recuerda que tenemos una heredad de cambios<br>de ruta narrados por griots (narradores de historias), poetas e historiadores, rutas<br>de sue\u00f1os en desbordada creatividad, con composiciones sorprendentes en una<br>infinita gama de azules y grises que en estas obras de mediano formato la<br>atm\u00f3sfera teatral seduce con un gui\u00f1o que invita sin ordenarnos a entrar en un<br>universo que nos hace c\u00f3mplice de este artista con cierta inquietante inconciencia.<\/p>\n\n\n\n<p>Producir series es sin duda, una marcada caracter\u00edstica del estilo de trabajo del<br>maestro Vizca\u00edno, y PROCESIONES no es la excepci\u00f3n, en la muestra que se<br>exhibir\u00e1 en el lobby del edificio de rector\u00eda se podr\u00e1 apreciar una especial<br>selecci\u00f3n de la serie total de procesiones.<\/p>\n\n\n\n<p>\u201cLa idea en este proyecto, es la diversidad de la gente pero que vaya enfilada con<br>un rumbo espec\u00edfico; el espectador al apreciar la obra terminada comprender\u00e1<br>cu\u00e1l ser\u00e1 \u00e9ste, los personajes que aparecer\u00e1n en esta obra van hacia su izquierda<br>y junto con los dem\u00e1s cuadros, recrear\u00e1n una percepci\u00f3n especial e interesante<br>para el espectador\u201d, afirma Zen\u00e9n.<\/p>\n\n\n\n<p>En el proyecto de PROCESIONES, la escala de grises tambi\u00e9n se hace presente<br>con la idea de apreciar esta interesante gama, como una temeridad total, un hacer<br>mucho, con nada, para lo cual, se juega con una luz tipo escenogr\u00e1fica, para crear<br>una atm\u00f3sfera.<\/p>\n\n\n\n<p>La duraci\u00f3n estimada de la exposici\u00f3n PROCESIONES es de tres semanas,<br>invitamos a la comunidad universitaria, as\u00ed como al p\u00fablico en general a que<br>visiten la obra, aprecien la propuesta y disfruten del pincel de Zen\u00e9n Vizcaino.<\/p>\n","protected":false},"excerpt":{"rendered":"<p>SALTILLO, Coahuila. 31 de mayo de 2024. La Universidad Aut\u00f3noma de Coahuila,a trav\u00e9s de la Coordinaci\u00f3n General de Difusi\u00f3n y Patrimonio Cultural invita el 3 dejunio a la exposici\u00f3n pict\u00f3rica PROCESIONES, del maestro Zen\u00e9n Vizca\u00edno,artista pl\u00e1stico con m\u00e1s de 30 a\u00f1os de trayectoria profesional en el arte, siendo elexpresionismo el estilo m\u00e1s presente en su carrera y que define sus obras. En el Lobby del edificio de la Rector\u00eda a&#8230;<\/p>\n","protected":false},"author":1,"featured_media":20868,"comment_status":"closed","ping_status":"closed","sticky":false,"template":"","format":"standard","meta":{"footnotes":""},"categories":[2],"tags":[],"class_list":["post-20867","post","type-post","status-publish","format-standard","has-post-thumbnail","hentry","category-uadec","wpcat-2-id"],"_links":{"self":[{"href":"https:\/\/www.aquilaguna.com\/index.php\/wp-json\/wp\/v2\/posts\/20867","targetHints":{"allow":["GET"]}}],"collection":[{"href":"https:\/\/www.aquilaguna.com\/index.php\/wp-json\/wp\/v2\/posts"}],"about":[{"href":"https:\/\/www.aquilaguna.com\/index.php\/wp-json\/wp\/v2\/types\/post"}],"author":[{"embeddable":true,"href":"https:\/\/www.aquilaguna.com\/index.php\/wp-json\/wp\/v2\/users\/1"}],"replies":[{"embeddable":true,"href":"https:\/\/www.aquilaguna.com\/index.php\/wp-json\/wp\/v2\/comments?post=20867"}],"version-history":[{"count":1,"href":"https:\/\/www.aquilaguna.com\/index.php\/wp-json\/wp\/v2\/posts\/20867\/revisions"}],"predecessor-version":[{"id":20869,"href":"https:\/\/www.aquilaguna.com\/index.php\/wp-json\/wp\/v2\/posts\/20867\/revisions\/20869"}],"wp:featuredmedia":[{"embeddable":true,"href":"https:\/\/www.aquilaguna.com\/index.php\/wp-json\/wp\/v2\/media\/20868"}],"wp:attachment":[{"href":"https:\/\/www.aquilaguna.com\/index.php\/wp-json\/wp\/v2\/media?parent=20867"}],"wp:term":[{"taxonomy":"category","embeddable":true,"href":"https:\/\/www.aquilaguna.com\/index.php\/wp-json\/wp\/v2\/categories?post=20867"},{"taxonomy":"post_tag","embeddable":true,"href":"https:\/\/www.aquilaguna.com\/index.php\/wp-json\/wp\/v2\/tags?post=20867"}],"curies":[{"name":"wp","href":"https:\/\/api.w.org\/{rel}","templated":true}]}}