{"id":20935,"date":"2024-06-05T20:10:16","date_gmt":"2024-06-06T02:10:16","guid":{"rendered":"https:\/\/www.aquilaguna.com\/?p=20935"},"modified":"2024-06-05T20:10:16","modified_gmt":"2024-06-06T02:10:16","slug":"se-unen-uadec-y-canacintra-para-colaborar-en-la-academia-la-ciencia-y-la-tecnologia","status":"publish","type":"post","link":"https:\/\/www.aquilaguna.com\/index.php\/2024\/06\/05\/se-unen-uadec-y-canacintra-para-colaborar-en-la-academia-la-ciencia-y-la-tecnologia\/","title":{"rendered":"Se Unen UAdeC y Canacintra para Colaborar en la Academia, la Ciencia y la Tecnolog\u00eda."},"content":{"rendered":"\n<p>ARTEAGA, Coahuila. 5 de junio de 2024. La Universidad Aut\u00f3noma de Coahuila<br>firm\u00f3 convenios generales de colaboraci\u00f3n acad\u00e9mica, cient\u00edfica y tecnol\u00f3gica con<br>la C\u00e1mara Nacional de la Industria de Transformaci\u00f3n (CANACINTRA) Coahuila<br>Sureste, Torre\u00f3n, Monclova, Acu\u00f1a y Piedras Negras.<\/p>\n\n\n\n<p>El evento tuvo lugar en el Sal\u00f3n de Usos M\u00faltiples del Centro Cultural Universitario<br>Campus Arteaga, los documentos fueron signados por el rector de la m\u00e1xima casa<br>de estudios, Octavio Pimentel Mart\u00ednez, el presidente de Canacintra Coahuila<br>Sureste, Eduardo Garza Mart\u00ednez y el presidente de Canacintra Torre\u00f3n, Alejandro<br>Guti\u00e9rrez Guti\u00e9rrez.<\/p>\n\n\n\n<p>Como testigos estuvieron presentes, el vicepresidente Regi\u00f3n Centro Canacintra<br>Nacional, Carlos Gonz\u00e1lez Silva, el vicepresidente de Canacintra Acu\u00f1a, Hafid<br>G\u00f3mez Lara Mier, el secretario de la Delegaci\u00f3n Canacintra Monclova, Luis<br>Antonio Silva y el secretario general de la UAdeC, V\u00edctor Manuel S\u00e1nchez Vald\u00e9s.<\/p>\n\n\n\n<p>Adem\u00e1s, los coordinadores de Unidad Saltillo, Torre\u00f3n y Norte, Eva Kerena<br>Hern\u00e1ndez Mart\u00ednez, Sandra L\u00f3pez Chavarr\u00eda y Luis Carlos Talamantes<br>Arredondo, respectivamente, as\u00ed como, directoras y directores de las diversas<br>Escuelas y Facultades de la Universidad y miembros de Canacintra.<\/p>\n\n\n\n<p>En su mensaje, el rector Octavio Pimentel Mart\u00ednez, destac\u00f3 que se debe trabajar<br>en acciones que convengan tanto a las empresas como a la comunidad, ello a<br>trav\u00e9s del acompa\u00f1amiento de la UAdeC para el impulso de la educaci\u00f3n dual, ya<br>que son los estudiantes quienes el d\u00eda de ma\u00f1ana estar\u00e1n en las empresas.<\/p>\n\n\n\n<p>Agreg\u00f3 que en la instituci\u00f3n los alumnos no solo cuentan con sus estudios<br>profesionales, ya que tambi\u00e9n acceden a competencias laborales y que<br>pr\u00f3ximamente se contar\u00e1 con carreras t\u00e9cnicas, \u201cContamos con gente preparada<br>que puede ayudar a resolver problem\u00e1ticas, trabajemos en equipo para el<br>desarrollo del pa\u00eds y de la sociedad\u201d.<\/p>\n\n\n\n<p>Por su parte, el presidente de Canacintra Coahuila Sureste, Eduardo Garza<br>Mart\u00ednez, se\u00f1al\u00f3 que la UAdeC cuenta con un gran capital humano el cual debe<br>estar actualizado con los conocimientos que necesitan las empresas, lo que est\u00e1<br>en constante cambio, ya que es un \u00e1mbito din\u00e1mico, por ello, enfatiz\u00f3 es que los<br>planes de estudio deben de renovarse de acuerdo a lo que la industria demanda<br>para evitar el rezago.<\/p>\n\n\n\n<p>Mientras que, el presidente de Canacintra Torre\u00f3n, Alejandro Guti\u00e9rrez Guti\u00e9rrez,<br>dijo que Coahuila es un estado industrial que no puede visualizarse sin la<br>educaci\u00f3n, por lo que es importante trabajar en conjunto en la actualizaci\u00f3n de la<br>curr\u00edcula para que cuando egresen los j\u00f3venes cuenten con las habilidades que se<br>requieren en la industria.<\/p>\n\n\n\n<p>Por otro lado, el vicepresidente Regi\u00f3n Centro Canacintra Nacional, Carlos<br>Gonz\u00e1lez Silva, coment\u00f3 que la colaboraci\u00f3n con la Universidad Aut\u00f3noma de<br>Coahuila ha sido de gran ayuda, ya que a trav\u00e9s de la vinculaci\u00f3n se obtienen<br>beneficios para la industria y para los j\u00f3venes, e invit\u00f3 a continuar impulsando<br>proyectos en conjunto.<\/p>\n","protected":false},"excerpt":{"rendered":"<p>ARTEAGA, Coahuila. 5 de junio de 2024. La Universidad Aut\u00f3noma de Coahuilafirm\u00f3 convenios generales de colaboraci\u00f3n acad\u00e9mica, cient\u00edfica y tecnol\u00f3gica conla C\u00e1mara Nacional de la Industria de Transformaci\u00f3n (CANACINTRA) CoahuilaSureste, Torre\u00f3n, Monclova, Acu\u00f1a y Piedras Negras. El evento tuvo lugar en el Sal\u00f3n de Usos M\u00faltiples del Centro Cultural UniversitarioCampus Arteaga, los documentos fueron signados por el rector de la m\u00e1xima casade estudios, Octavio Pimentel Mart\u00ednez, el presidente de Canacintra&#8230;<\/p>\n","protected":false},"author":1,"featured_media":20936,"comment_status":"closed","ping_status":"closed","sticky":false,"template":"","format":"standard","meta":{"footnotes":""},"categories":[2],"tags":[],"class_list":["post-20935","post","type-post","status-publish","format-standard","has-post-thumbnail","hentry","category-uadec","wpcat-2-id"],"_links":{"self":[{"href":"https:\/\/www.aquilaguna.com\/index.php\/wp-json\/wp\/v2\/posts\/20935","targetHints":{"allow":["GET"]}}],"collection":[{"href":"https:\/\/www.aquilaguna.com\/index.php\/wp-json\/wp\/v2\/posts"}],"about":[{"href":"https:\/\/www.aquilaguna.com\/index.php\/wp-json\/wp\/v2\/types\/post"}],"author":[{"embeddable":true,"href":"https:\/\/www.aquilaguna.com\/index.php\/wp-json\/wp\/v2\/users\/1"}],"replies":[{"embeddable":true,"href":"https:\/\/www.aquilaguna.com\/index.php\/wp-json\/wp\/v2\/comments?post=20935"}],"version-history":[{"count":1,"href":"https:\/\/www.aquilaguna.com\/index.php\/wp-json\/wp\/v2\/posts\/20935\/revisions"}],"predecessor-version":[{"id":20937,"href":"https:\/\/www.aquilaguna.com\/index.php\/wp-json\/wp\/v2\/posts\/20935\/revisions\/20937"}],"wp:featuredmedia":[{"embeddable":true,"href":"https:\/\/www.aquilaguna.com\/index.php\/wp-json\/wp\/v2\/media\/20936"}],"wp:attachment":[{"href":"https:\/\/www.aquilaguna.com\/index.php\/wp-json\/wp\/v2\/media?parent=20935"}],"wp:term":[{"taxonomy":"category","embeddable":true,"href":"https:\/\/www.aquilaguna.com\/index.php\/wp-json\/wp\/v2\/categories?post=20935"},{"taxonomy":"post_tag","embeddable":true,"href":"https:\/\/www.aquilaguna.com\/index.php\/wp-json\/wp\/v2\/tags?post=20935"}],"curies":[{"name":"wp","href":"https:\/\/api.w.org\/{rel}","templated":true}]}}