{"id":21055,"date":"2024-06-12T20:51:26","date_gmt":"2024-06-13T02:51:26","guid":{"rendered":"https:\/\/www.aquilaguna.com\/?p=21055"},"modified":"2024-06-12T20:51:26","modified_gmt":"2024-06-13T02:51:26","slug":"aqui-laguna-326","status":"publish","type":"post","link":"https:\/\/www.aquilaguna.com\/index.php\/2024\/06\/12\/aqui-laguna-326\/","title":{"rendered":"Aqu\u00ed Laguna."},"content":{"rendered":"\n<p>\u00bfMaximato? Y vaya, la historia esa maestra, de nueva cuenta\u00a0 revela su vigencia en los tiempos que corren en este suelo mexicano, que al menos literariamente, nos\u00a0 hace volver los ojos a nuestro pasado,\u00a0 trayendo al cuento, episodios de la vida p\u00fablica nacional, registradas -toda proporci\u00f3n\u00a0 guardada-, y\u00a0 desde muchas perspectivas, del\u00a0 elevado arsenal literario \u00a0 que ha generado\u00a0 \u00a0 la convulsa historia \u00a0 del Siglo XX,\u00a0 en especial\u00a0 sus primeras d\u00e9cadas, las ocupadas por el fragor revolucionario y luego la pacificaci\u00f3n y\u00a0 el acuerdo pol\u00edtico para el reparto\u00a0del poder con el que se transit\u00f3 la mayor\u00eda del siglo citado, y en estos saldos, \u00a0 se gener\u00f3 tambi\u00e9n\u00a0 la conseja, la jiribilla con la\u00a0 que\u00a0&#8220;el pueblo sabio&#8221;\u00a0 percibi\u00f3 y\u00a0 registr\u00f3 el clima correspondiente. En este se inserta el famoso &#8220;Maximato&#8221; per\u00edodo bajo el cual, la sombra, el dominio\u00a0 que\u00a0 de manera metalegal ejerci\u00f3 al t\u00e9rmino de su mandato el Presidente Plutarco \u00a0 El\u00edas Calles\u00a0 sobre por lo menos tres de sus sucesores,\u00a0 Emilio Portes Gil, Pascual Ort\u00edz Rubio y\u00a0 Abelardo L. Rodriguez,\u00a0 acu\u00f1ando aquello de que &#8220;Aqu\u00ed,\u00a0 vive el Presidente, pero el que manda, vive enfrente&#8221;, hasta que lleg\u00f3 el Presidente L\u00e1zaro C\u00e1rdenas,\u00a0 y de tajo\u00a0 elimin\u00f3 el callismo en su gabinete y envi\u00f3 a\u00a0 El\u00edas Calles al exilio.<\/p>\n\n\n\n<p>Toda proporci\u00f3n guardada en tiempo y\u00a0 condiciones que se viven\u00a0en M\u00e9xico,\u00a0 cuando ya se recuerda, se exhuma\u00a0 casi\u00a0 tal recuerdo \u00a0 de tan\u00a0 oscuro\u00a0 per\u00edodo de la historia pol\u00edtica y social, y si bien ya\u00a0 sabemos\u00a0 que el axioma de que &#8220;la historia no se repite&#8221;,\u00a0 pero ya est\u00e1 en marcha\u00a0 \u00a0 la percepci\u00f3n, que de buena o mala f\u00e9, seg\u00fan se vea, de que\u00a0 pudiera\u00a0 darse la tentaci\u00f3n de\u00a0 repetir tal\u00a0 deformaci\u00f3n del ejercicio del poder que el pueblo\u00a0 otorga a trav\u00e9s del voto al\u00a0 titular del Poder Ejecutivo en este pa\u00eds, es decir, no hay d\u00fao que valga y este es sin duda,\u00a0 uno de los retos que\u00a0 enfrenta\u00a0 ya\u00a0 la\u00a0 Presidenta Electa, \u00a0 y solo habr\u00e1 de lograrlo con hechos,\u00a0 pues adem\u00e1s, carga con el reto de demostrar a tirios y troyanos que una mujer pueda ser una\u00a0 titular del Poder Ejecutivo Federal, que no necesita, como dice tambi\u00e9n le pueblo, &#8220;vejigas para nadar&#8221; y \u00a0 obvio, mucho le ayudar\u00e1 el Presidente L\u00f3pez Obrador,\u00a0 poniendo \u00a0 de manera por dem\u00e1s discreta, distancia y respeto al cargo que a partir de\u00a0 octubre, no ejercer\u00e1 nunca m\u00e1s, por muy tentador\u00a0 que\u00a0 le resulte. De ahi que \u00a0 cual si estuvieran cubiertos de tefl\u00f3n, o de votos, seg\u00fan sea el caso,\u00a0 los tendremos a ambos en gira, por Coahuila, Tamaulipas, etc., para empezar. <\/p>\n\n\n\n<p>En Coahuila seg\u00fan se dio a conocer, ambos estar\u00e1n visitando la exhumaci\u00f3n de los cad\u00e1veres de los mineros fallecidos, hace muchos a\u00f1os ya en Pasta de Conchos y El Pinabete, cerrando para los deudos de estas personas\u00a0 un largu\u00edsmo\u00a0 periplo de dolor y desesperanza. Ojala que\u00a0 \u00a0 tambi\u00e9n dediquen\u00a0 las intenciones\u00a0 a la b\u00fasqueda de los cientos miles de desaparecidos, en el pais, &#8220;enterrados&#8221;\u00a0 muchos, pero muchos en el olvido, por no citar el caso mas emblem\u00e1tico, que resulta ser\u00a0 los j\u00f3venes estudiantes de Ayotzinapa.<\/p>\n\n\n\n<p>De\u00a0 no ser as\u00ed, ya estamos viendo, a solo d\u00edas de\u00a0 las elecciones como se encuentra por ahora la volatilidad de los mercados financieros nacionales e internacionales -solo hoy el peso se depreci\u00f3\u00a0 frente al d\u00f3lar \u00a0 18.74 -, cuando\u00a0 \u00a0 nuestro Presidente y la Presidenta Electa,\u00a0 por separado y al un\u00edsono\u00a0 reiteran que el Plan C  &#8220;va&#8221; es decir, por \u00a0 el tiempo perentorio con el que quiere alcanzarse \u00a0 su contenido, en el que destaca\u00a0 la reforma del Poder Judicial, poco o nada dar\u00e1 para que\u00a0 al proyecto se discuta a fondo, en especial\u00a0 eso de que\u00a0 los Magistrados\u00a0 sean\u00a0 sujetos a elecci\u00f3n popular y con ello la Suprema Corte de Justicia\u00a0 resulte ser, vaya Usted a saber, que &#8220;margallate&#8221; de\u00a0 integrantes, sujetos al vaiv\u00e9n de los intereses pol\u00edticos que obvio, entrar\u00edan en juego. En fin, este tema apenas est\u00e1 en marcha.<\/p>\n\n\n\n<p>Oh &#8220;sorprais&#8221;, la que dio \u00a0 el candidato perdedor\u00a0 en la pasada elecci\u00f3n de alcalde\u00a0 del municipio de Torre\u00f3n Shamir\u00a0 Fern\u00e1ndez, emprendi\u00f3 los trabajos\u00a0 judiciales para impugnar\u00a0 el triunfo del candidato de la Alianza por la\u00a0 Seguridad, el Licenciado Rom\u00e1n Alberto Cepeda Gonz\u00e1lez, que se llev\u00f3 175,138 mil votos a favor de los 375,258 que\u00a0 llegaron a las urnas. Las causas de su acci\u00f3n argumentada, primero ante la titular del Instituto Electoral Municipal, Maria Elena Calder\u00f3n le dio el curso correspondiente, si bien se antoja dif\u00edcil que logre remontar, para empezar la votaci\u00f3n \u00a0 en contra,\u00a0 que sum\u00f3 mas de 27,000 votos, pero diremos que Shamir y sus simpatizantes\u00a0 est\u00e1n\u00a0 en su derecho,\u00a0 asi quiz\u00e1s logre practicar\u00a0 sus conocimientos\u00a0 de Derecho, del cual es un profesional y de los cuales poco se sabe que los\u00a0 haya ejercido, pues estaba c\u00f3modamente instalado como\u00a0 Notario P\u00fablico en los ratos\u00a0 libres que le dejaban sus actividades partidistas\u00a0 tanto en el PRI, cuando era\u00a0 destacado, consentido militante y ahora\u00a0 en MORENA.<\/p>\n\n\n\n<p>En tanto, el Gobernador Manolo Jim\u00e9nez\u00a0 Salinas,\u00a0 retoma de cara al p\u00fablico\u00a0 las actividades inherentes a su cargo, \u00a0 un tanto restringido por las disposiciones legales que impone el C\u00f3digo Electoral\u00a0 que tanto\u00a0 a nivel federal como estatal\u00a0 durante\u00a0 el\u00a0 per\u00edodo\u00a0 \u00a0 que impuso la renovaci\u00f3n de\u00a0 numerosos cargos de elecci\u00f3n popular. Y anunci\u00f3 desde Saltillo capital, esta misma semana, que\u00a0 estar\u00e1 reestructurando diversas Secretar\u00edas que forman parte del organigrama de\u00a0 su administraci\u00f3n.\u00a0 Y que bien que lo haga, pues la atenci\u00f3n a esta tarea,\u00a0 en los tiempos\u00a0 que corren resulta indispensable, pues si se recuerda hace ya por lo menos\u00a0 tres \u00a0 administraciones\u00a0 estatales -todo el moreirato\u00a0y sucesores-,\u00a0 que\u00a0 muy poco se modific\u00f3 el\u00a0 esquema bajo el cual \u00e9stas se desarrollaron. <\/p>\n\n\n\n<p>Y en el que sin duda, habr\u00e1 de\u00a0 inclu\u00edrse en tal proyecto\u00a0 el uso \u00a0 de las nuevas tecnolog\u00edas y otras herramintas\u00a0 para alcanzar \u00a0 adecuada modernizaci\u00f3n\u00a0 para que Coahuila est\u00e9 a tono con los tiempos en estas materias. Sin embargo, tal anuncio &#8220;descuadr\u00f3&#8221; a\u00a0 m\u00e1s de\u00a0 un funcionario y empleados de todo nivel que\u00a0 sufren de alteraci\u00f3n de su sistema nervioso, pues &#8220;mueve&#8221; las expectativas laborales, caras a cualquier ser humano. Con ello\u00a0 el Gobernador\u00a0 Jim\u00e9nez Salinas, quien arranc\u00f3 su\u00a0 administraci\u00f3n con la cautela y la prudencia que\u00a0 impuso\u00a0 las condiciones\u00a0 pol\u00edticas de orden nacional y econ\u00f3mico que registra el Estado\u00a0 en esta transici\u00f3n de r\u00e9gimen federal \u00a0 emerge ya  mostrando lo que\u00a0 ser\u00e1 su estilo personal de gobernar, que lo distinga en los hechos como el renuevo generacional, pues con todo y que el mapa pol\u00edtico estatal no es de\u00a0&#8220;carro completo&#8221;\u00a0 de su partido y aliados,\u00a0 conserv\u00f3\u00a0 en lo general el n\u00famero de\u00a0 votos que lo llevaron a ocupar su cargo\u00a0 de gobernante, am\u00e9n que\u00a0 hay vida\u00a0 y futuro pol\u00edtico para quienes perdieron en esta contienda.<\/p>\n\n\n\n<p>Igual pasa en estas tierras, en Torreon donde el alcalde Rom\u00e1n\u00a0 Alberto\u00a0Cepeda Gonz\u00e1lez, anda todav\u00eda sobre nubes,\u00a0pues ah\u00ed lo tiene colocado\u00a0 su prolongada euforia que le gener\u00f3 el triunfo en\u00a0 las urnas y en donde\u00a0 muchos de los trabajadores y\u00a0 jefes de \u00a0 direcciones y departamentos de la administraci\u00f3n que preside esperan\u00a0 le dure tal vuelo, pues saben de las decisi\u00f3n del alcalde reelecto,\u00a0 de cobrar cuentas a quien\u00a0 pueda probar deslealtades y que laboren en tales espacios.<\/p>\n\n\n\n<p>Por lo pronto resulta urgente retomar el paso y trabajar a fondo en las problem\u00e1ticas que\u00a0 plantea a la ciudad, el tema del transporte p\u00fablico,\u00a0 finiquitar tambi\u00e9n el proceso de licitaci\u00f3n de\u00a0 las nuevas concesiones del servicio de taxi, mayor atenci\u00f3n a la problem\u00e1tica que plantea la escasez de agua, con todo y\u00a0 la panacea\u00a0 derivada del famoso Proyecto de\u00a0Agua Saludable para la\u00a0 Laguna, pues\u00a0 no hay gesti\u00f3n conocida para la b\u00fasqueda de recursos internacionales, para la red de distribuci\u00f3n\u00a0 que\u00a0 se requiere\u00a0 y trabajar aun m\u00e1s en proyectos de largo aliento como lo son  el denominado proyecto del Centro Cultural del Norte,\u00a0 as\u00ed como la\u00a0 convocatoria para la construcci\u00f3n y concesi\u00f3n de una nueva Planta Tratadora de\u00a0 Aguas Residuales. No todo es la eternizada rehabilitaci\u00f3n\u00a0 del Paseo Col\u00f3n, con todo y lo bien que se encuentra.<\/p>\n","protected":false},"excerpt":{"rendered":"<p>\u00bfMaximato? Y vaya, la historia esa maestra, de nueva cuenta\u00a0 revela su vigencia en los tiempos que corren en este suelo mexicano, que al menos literariamente, nos\u00a0 hace volver los ojos a nuestro pasado,\u00a0 trayendo al cuento, episodios de la vida p\u00fablica nacional, registradas -toda proporci\u00f3n\u00a0 guardada-, y\u00a0 desde muchas perspectivas, del\u00a0 elevado arsenal literario \u00a0 que ha generado\u00a0 \u00a0 la convulsa historia \u00a0 del Siglo XX,\u00a0 en especial\u00a0 sus&#8230;<\/p>\n","protected":false},"author":2,"featured_media":0,"comment_status":"closed","ping_status":"","sticky":false,"template":"","format":"standard","meta":{"footnotes":""},"categories":[8],"tags":[],"class_list":["post-21055","post","type-post","status-publish","format-standard","hentry","category-aqui-laguna","wpcat-8-id"],"_links":{"self":[{"href":"https:\/\/www.aquilaguna.com\/index.php\/wp-json\/wp\/v2\/posts\/21055","targetHints":{"allow":["GET"]}}],"collection":[{"href":"https:\/\/www.aquilaguna.com\/index.php\/wp-json\/wp\/v2\/posts"}],"about":[{"href":"https:\/\/www.aquilaguna.com\/index.php\/wp-json\/wp\/v2\/types\/post"}],"author":[{"embeddable":true,"href":"https:\/\/www.aquilaguna.com\/index.php\/wp-json\/wp\/v2\/users\/2"}],"replies":[{"embeddable":true,"href":"https:\/\/www.aquilaguna.com\/index.php\/wp-json\/wp\/v2\/comments?post=21055"}],"version-history":[{"count":1,"href":"https:\/\/www.aquilaguna.com\/index.php\/wp-json\/wp\/v2\/posts\/21055\/revisions"}],"predecessor-version":[{"id":21056,"href":"https:\/\/www.aquilaguna.com\/index.php\/wp-json\/wp\/v2\/posts\/21055\/revisions\/21056"}],"wp:attachment":[{"href":"https:\/\/www.aquilaguna.com\/index.php\/wp-json\/wp\/v2\/media?parent=21055"}],"wp:term":[{"taxonomy":"category","embeddable":true,"href":"https:\/\/www.aquilaguna.com\/index.php\/wp-json\/wp\/v2\/categories?post=21055"},{"taxonomy":"post_tag","embeddable":true,"href":"https:\/\/www.aquilaguna.com\/index.php\/wp-json\/wp\/v2\/tags?post=21055"}],"curies":[{"name":"wp","href":"https:\/\/api.w.org\/{rel}","templated":true}]}}