{"id":21057,"date":"2024-06-13T18:37:33","date_gmt":"2024-06-14T00:37:33","guid":{"rendered":"https:\/\/www.aquilaguna.com\/?p=21057"},"modified":"2024-06-13T18:37:33","modified_gmt":"2024-06-14T00:37:33","slug":"reapertura-uadec-la-biblioteca-artemio-de-valle-arizpe","status":"publish","type":"post","link":"https:\/\/www.aquilaguna.com\/index.php\/2024\/06\/13\/reapertura-uadec-la-biblioteca-artemio-de-valle-arizpe\/","title":{"rendered":"Reapertura UAdeC la Biblioteca Artemio de Valle Arizpe."},"content":{"rendered":"\n<p>SALTILLO, Coahuila. 13 de junio de 2024. Este jueves el rector de la Universidad<br>Aut\u00f3noma de Coahuila, Octavio Pimentel Mart\u00ednez asisti\u00f3 a la reapertura de la<br>Biblioteca &#8220;Artemio de Valle Arizpe&#8221;, perteneciente al Sistema de Infotecas<br>Centrales, ubicada en la Escuela de Bachilleres &#8220;Dr. Mariano Narv\u00e1ez Gonz\u00e1lez&#8221;.<br>Acompa\u00f1aron al rector el coordinador del Sistema de Infotecas Centrales,<br>Salvador Zamora Trujillo; la directora de plantel, Claudia Elena Garc\u00eda Vega; la<br>responsable de la Biblioteca, Marisol Medina Quiroga; el jefe del Departamento de<br>Colecci\u00f3n, Luis Fernando Garc\u00eda Almanza, funcionariado universitario, invitados<br>especiales y la comunidad docente y estudiantil del plantel.<\/p>\n\n\n\n<p>En su mensaje, el Rector agradeci\u00f3 y reconoci\u00f3 el trabajo realizado por el equipo<br>de la Biblioteca &#8220;Artemio de Valle Arizpe&#8221;, pues dijo que las bibliotecas modernas<br>deben ofrecer m\u00e1s que solo libros, integrando servicios estudiantiles, cub\u00edculos de<br>estudio, tutor\u00edas y acceso a informaci\u00f3n digital, por lo que resalt\u00f3 la importancia de<br>invertir en la digitalizaci\u00f3n y tecnolog\u00eda para enriquecer estos espacios.<\/p>\n\n\n\n<p>Refrend\u00f3 el compromiso de desarrollar espacios en lo que los j\u00f3venes puedan<br>adquirir habilidades adicionales, m\u00e1s all\u00e1 del estudio acad\u00e9mico, como liderazgo,<br>impacto social, deporte, tolerancia y apertura al di\u00e1logo ya que, en la era actual, es<br>crucial formar personas integrales que no solo sean excelentes acad\u00e9micamente,<br>sino que tambi\u00e9n sean capaces de transformar a la sociedad.<\/p>\n\n\n\n<p>Por su parte, la responsable de la Biblioteca &#8220;Artemio de Valle Arizpe&#8221;, Marisol<br>Medina Quiroga, explic\u00f3 que la reinauguraci\u00f3n responde a la evoluci\u00f3n de las<br>necesidades de los usuarios y a la adaptaci\u00f3n de los bibliotecarios, dijo que antes<br>de 2020, las din\u00e1micas laborales eran m\u00e1s tradicionales y las instalaciones<br>necesitaban un mantenimiento general.<\/p>\n\n\n\n<p>Adem\u00e1s, mencion\u00f3 que, en los \u00faltimos cuatro a\u00f1os, la participaci\u00f3n de los<br>alumnos en las actividades acad\u00e9micas aument\u00f3 aproximadamente un 50 por<br>ciento, ello gracias a las nuevas instalaciones, en donde un mayor n\u00famero de<br>estudiantes asisten con comodidad y entusiasmo a participar en todas las<br>actividades de la biblioteca.<\/p>\n\n\n\n<p>La Biblioteca \u201cArtemio de Valle Arizpe\u201d, establecida en marzo de 1973 en las<br>instalaciones de la Escuela de Bachilleres \u201cMariano Narv\u00e1ez Gonz\u00e1lez\u201d, resguarda<br>la valiosa colecci\u00f3n del renombrado escritor, abogado, cronista y diplom\u00e1tico<br>mexicano Artemio de Valle Arizpe; actualmente, este recinto alberga un acervo de<br>aproximadamente 17 mil libros, abarcando una amplia variedad de g\u00e9neros<br>acad\u00e9micos y literarios, por lo que ofrece un recurso indispensable para<br>estudiantes y amantes de la lectura en general.<\/p>\n\n\n\n<p>Durante la ceremonia se entreg\u00f3 un reconocimiento por 30 a\u00f1os de servicio al<br>colaborador Jos\u00e9 Carlos Reyes \u00c1lvarez, as\u00ed como se impuso el nombre de la Lic.<br>Juana Mar\u00eda Montoya Reyna a la Sala de Usos M\u00faltiples de la Biblioteca.<\/p>\n","protected":false},"excerpt":{"rendered":"<p>SALTILLO, Coahuila. 13 de junio de 2024. Este jueves el rector de la UniversidadAut\u00f3noma de Coahuila, Octavio Pimentel Mart\u00ednez asisti\u00f3 a la reapertura de laBiblioteca &#8220;Artemio de Valle Arizpe&#8221;, perteneciente al Sistema de InfotecasCentrales, ubicada en la Escuela de Bachilleres &#8220;Dr. Mariano Narv\u00e1ez Gonz\u00e1lez&#8221;.Acompa\u00f1aron al rector el coordinador del Sistema de Infotecas Centrales,Salvador Zamora Trujillo; la directora de plantel, Claudia Elena Garc\u00eda Vega; laresponsable de la Biblioteca, Marisol Medina Quiroga;&#8230;<\/p>\n","protected":false},"author":1,"featured_media":21058,"comment_status":"closed","ping_status":"closed","sticky":false,"template":"","format":"standard","meta":{"footnotes":""},"categories":[2],"tags":[],"class_list":["post-21057","post","type-post","status-publish","format-standard","has-post-thumbnail","hentry","category-uadec","wpcat-2-id"],"_links":{"self":[{"href":"https:\/\/www.aquilaguna.com\/index.php\/wp-json\/wp\/v2\/posts\/21057","targetHints":{"allow":["GET"]}}],"collection":[{"href":"https:\/\/www.aquilaguna.com\/index.php\/wp-json\/wp\/v2\/posts"}],"about":[{"href":"https:\/\/www.aquilaguna.com\/index.php\/wp-json\/wp\/v2\/types\/post"}],"author":[{"embeddable":true,"href":"https:\/\/www.aquilaguna.com\/index.php\/wp-json\/wp\/v2\/users\/1"}],"replies":[{"embeddable":true,"href":"https:\/\/www.aquilaguna.com\/index.php\/wp-json\/wp\/v2\/comments?post=21057"}],"version-history":[{"count":1,"href":"https:\/\/www.aquilaguna.com\/index.php\/wp-json\/wp\/v2\/posts\/21057\/revisions"}],"predecessor-version":[{"id":21059,"href":"https:\/\/www.aquilaguna.com\/index.php\/wp-json\/wp\/v2\/posts\/21057\/revisions\/21059"}],"wp:featuredmedia":[{"embeddable":true,"href":"https:\/\/www.aquilaguna.com\/index.php\/wp-json\/wp\/v2\/media\/21058"}],"wp:attachment":[{"href":"https:\/\/www.aquilaguna.com\/index.php\/wp-json\/wp\/v2\/media?parent=21057"}],"wp:term":[{"taxonomy":"category","embeddable":true,"href":"https:\/\/www.aquilaguna.com\/index.php\/wp-json\/wp\/v2\/categories?post=21057"},{"taxonomy":"post_tag","embeddable":true,"href":"https:\/\/www.aquilaguna.com\/index.php\/wp-json\/wp\/v2\/tags?post=21057"}],"curies":[{"name":"wp","href":"https:\/\/api.w.org\/{rel}","templated":true}]}}