{"id":21066,"date":"2024-06-13T19:39:11","date_gmt":"2024-06-14T01:39:11","guid":{"rendered":"https:\/\/www.aquilaguna.com\/?p=21066"},"modified":"2024-06-13T19:39:11","modified_gmt":"2024-06-14T01:39:11","slug":"se-resiste-alcalde-de-francisco-i-madero-coahuila-a-seguir-bajo-mando-unico-regional-en-seguridad-del-municipio","status":"publish","type":"post","link":"https:\/\/www.aquilaguna.com\/index.php\/2024\/06\/13\/se-resiste-alcalde-de-francisco-i-madero-coahuila-a-seguir-bajo-mando-unico-regional-en-seguridad-del-municipio\/","title":{"rendered":"Se resiste alcalde de Francisco I. Madero Coahuila a  seguir bajo Mando Unico Regional en seguridad del municipio."},"content":{"rendered":"\n<p>Francisco I. Madero, Coahuila.- Contin\u00faa la resistencia\u00a0 del alcalde Jonathan Avalos, a seguir manteniendo\u00a0 bajo la estrategia vigente del Mando Unico Regional a\u00a0 su cuerpo polic\u00edaco de nivel municipal, y pretender atender\u00a0 la seguridad de su poblaci\u00f3n, con solo la presencia de\u00a0 la Guardia Nacional esgrimiendo\u00a0 como argumento el art\u00edculo\u00a0 constitucional que garantiza\u00a0 la autonom\u00eda municipal.<\/p>\n\n\n\n<p>En informaci\u00f3n difundida en\u00a0 su cuenta de Facebook,\u00a0 el edil maderense hace p\u00fablica su reuni\u00f3n sostenida esta ma\u00f1ana con un grupo de\u00a0 \u00a0 funcionarios de la Secretar\u00eda de Seguridad\u00a0 P\u00fablica en el Estado,\u00a0 encabezados por\u00a0 su titular\u00a0 Federico Fern\u00e1ndez Monta\u00f1ez, y su Subsecretario H\u00e9ctor Flores Hern\u00e1ndez, sin\u00a0 mencionar\u00a0 temas o acuerdos alcanzados.<\/p>\n\n\n\n<p>En\u00a0 tal informaci\u00f3n tambi\u00e9n registraba la\u00a0 presencia de\u00a0 algunos de los integrantes del denominado Consejo Ciudadano\u00a0 de Seguridad encabezado por Angel de la Campa y Juan Carlos J\u00e1uregui.<\/p>\n\n\n\n<p>Al termino de la reuni\u00f3n antes mencionada celebrada a media ma\u00f1ana, \u00a0 trascendi\u00f3 que\u00a0 el alcalde &#8220;en rebeld\u00eda&#8221;\u00a0 sosten\u00eda, a puerta cerrada, una reuni\u00f3n solo con el titular de la Secretar\u00eda Estatal de Seguridad Fern\u00e1ndez Monta\u00f1ez, sin que\u00a0 hasta entrada la tarde, alguno\u00a0 de\u00a0 los dialogantes hubieran hecho p\u00fablico\u00a0 el tema y el resultado de tal encuentro.<\/p>\n\n\n\n<p>As\u00ed tambi\u00e9n se esperaba, que\u00a0 esta misma semana,\u00a0 el alcalde\u00a0 Avalos ya\u00a0 hubiera tenido a bien designar a un nueve jefe de su cuerpo\u00a0 polic\u00edaco\u00a0 municipal, ac\u00e9falo desde el pasado 3 del presente.<\/p>\n","protected":false},"excerpt":{"rendered":"<p>Francisco I. Madero, Coahuila.- Contin\u00faa la resistencia\u00a0 del alcalde Jonathan Avalos, a seguir manteniendo\u00a0 bajo la estrategia vigente del Mando Unico Regional a\u00a0 su cuerpo polic\u00edaco de nivel municipal, y pretender atender\u00a0 la seguridad de su poblaci\u00f3n, con solo la presencia de\u00a0 la Guardia Nacional esgrimiendo\u00a0 como argumento el art\u00edculo\u00a0 constitucional que garantiza\u00a0 la autonom\u00eda municipal. En informaci\u00f3n difundida en\u00a0 su cuenta de Facebook,\u00a0 el edil maderense hace p\u00fablica su&#8230;<\/p>\n","protected":false},"author":2,"featured_media":0,"comment_status":"closed","ping_status":"","sticky":false,"template":"","format":"standard","meta":{"footnotes":""},"categories":[5,90,28,24],"tags":[],"class_list":["post-21066","post","type-post","status-publish","format-standard","hentry","category-coahuila","category-fco-i-madero","category-la-laguna","category-seguridad","wpcat-5-id","wpcat-90-id","wpcat-28-id","wpcat-24-id"],"_links":{"self":[{"href":"https:\/\/www.aquilaguna.com\/index.php\/wp-json\/wp\/v2\/posts\/21066","targetHints":{"allow":["GET"]}}],"collection":[{"href":"https:\/\/www.aquilaguna.com\/index.php\/wp-json\/wp\/v2\/posts"}],"about":[{"href":"https:\/\/www.aquilaguna.com\/index.php\/wp-json\/wp\/v2\/types\/post"}],"author":[{"embeddable":true,"href":"https:\/\/www.aquilaguna.com\/index.php\/wp-json\/wp\/v2\/users\/2"}],"replies":[{"embeddable":true,"href":"https:\/\/www.aquilaguna.com\/index.php\/wp-json\/wp\/v2\/comments?post=21066"}],"version-history":[{"count":1,"href":"https:\/\/www.aquilaguna.com\/index.php\/wp-json\/wp\/v2\/posts\/21066\/revisions"}],"predecessor-version":[{"id":21067,"href":"https:\/\/www.aquilaguna.com\/index.php\/wp-json\/wp\/v2\/posts\/21066\/revisions\/21067"}],"wp:attachment":[{"href":"https:\/\/www.aquilaguna.com\/index.php\/wp-json\/wp\/v2\/media?parent=21066"}],"wp:term":[{"taxonomy":"category","embeddable":true,"href":"https:\/\/www.aquilaguna.com\/index.php\/wp-json\/wp\/v2\/categories?post=21066"},{"taxonomy":"post_tag","embeddable":true,"href":"https:\/\/www.aquilaguna.com\/index.php\/wp-json\/wp\/v2\/tags?post=21066"}],"curies":[{"name":"wp","href":"https:\/\/api.w.org\/{rel}","templated":true}]}}