{"id":21143,"date":"2024-06-19T18:03:05","date_gmt":"2024-06-20T00:03:05","guid":{"rendered":"https:\/\/www.aquilaguna.com\/?p=21143"},"modified":"2024-06-19T18:03:06","modified_gmt":"2024-06-20T00:03:06","slug":"participo-uadec-en-las-mesas-regionales-de-analisis-para-identificar-nuevas-manifestaciones-y-modalidades-de-violencia-contra-las-mujeres-de-la-conavim","status":"publish","type":"post","link":"https:\/\/www.aquilaguna.com\/index.php\/2024\/06\/19\/participo-uadec-en-las-mesas-regionales-de-analisis-para-identificar-nuevas-manifestaciones-y-modalidades-de-violencia-contra-las-mujeres-de-la-conavim\/","title":{"rendered":"Particip\u00f3 UAdeC en las Mesas Regionales de An\u00e1lisis para Identificar Nuevas Manifestaciones y Modalidades de Violencia contra las Mujeres de la CONAVIM."},"content":{"rendered":"\n<p>SALTILLO, Coahuila. 19 de junio de 2024. La Universidad Aut\u00f3noma de Coahuila<br>a trav\u00e9s de la Defensor\u00eda de los Derechos Humanos Universitarios, particip\u00f3 en<br>las \u201cMesas regionales de an\u00e1lisis para identificar nuevas manifestaciones y<br>modalidades de violencia contra las mujeres para contribuir a la elaboraci\u00f3n del<br>diagn\u00f3stico nacional sobre violencias contra las mujeres 2018-2023\u201c, que se<br>llevaron a cabo en Ciudad Victoria, Tamaulipas.<\/p>\n\n\n\n<p>Las mesas son organizadas por la Comisi\u00f3n Nacional para Prevenir y Erradicar la<br>Violencia Contra las Mujeres (CONAVIM), la UAdeC asisti\u00f3 como parte de la<br>Regi\u00f3n Noreste, por lo que la titular de la Defensor\u00eda de los Derechos Humanos<br>Universitarios, Magda Yadira Robles Garza, present\u00f3 la ponencia<br>\u201cManifestaciones y modalidades de la violencia contra las mujeres en el espacio<br>universitario: Universidad Aut\u00f3noma de Coahuila (2018-2023)\u201d.<\/p>\n\n\n\n<p>Durante la ponencia present\u00f3 c\u00f3mo ha sido el tratamiento de la violencia contra<br>las mujeres en la UAdeC de 2018 a 2023, compartiendo un contexto sobre las<br>crisis que se han presentado, la respuesta institucional y cu\u00e1les son las<br>proyecciones que se tienen para el futuro.<\/p>\n\n\n\n<p>Comparti\u00f3 que desde el 2019 se cre\u00f3 el Protocolo de actuaci\u00f3n para prevenir,<br>atender, sancionar y erradicar la violencia de g\u00e9nero al interior de la UAdeC, para<br>luego crearse la Comisi\u00f3n de G\u00e9nero y el Tribunal Universitario, el cual depend\u00eda<br>de la Defensor\u00eda, mientras que en marzo de 2024 el Tribunal en materia de g\u00e9nero<br>fue nombrado como \u00f3rgano independiente derivado del incremento de denuncias y<br>la necesidad de brindar atenci\u00f3n r\u00e1pida a las personas denunciantes, por lo que<br>se fortaleci\u00f3 el personal en las tres unidades, Saltillo, Torre\u00f3n y Norte.<\/p>\n\n\n\n<p>As\u00ed mismo, expuso los retos y pasos a seguir para avanzar en el tema: a) Revisar<br>la metodolog\u00eda que se emplea para atender los asuntos con perspectiva de<br>g\u00e9nero, desde la recepci\u00f3n de las denuncias, el inicio del procedimiento, pasando<br>por la valoraci\u00f3n de las pruebas hasta la atenci\u00f3n integral a las personas<br>denunciantes, b) La reparaci\u00f3n integral requiere puntual seguimiento y ejecuci\u00f3n<br>de las resoluciones para que las actuaciones adquieran firmeza y sea real la<br>protecci\u00f3n y desde la prevenci\u00f3n y garant\u00edas de no repetici\u00f3n, la capacitaci\u00f3n a<br>toda la comunidad universitaria y la difusi\u00f3n de estos temas tendr\u00e1 un papel<br>preponderante.<\/p>\n\n\n\n<p>Adem\u00e1s, c) Necesidad de reforzar el capital humano especializado en recursos<br>jur\u00eddicos como lo es la revisi\u00f3n en segunda instancia y el amparo indirecto y su<br>substanciaci\u00f3n, d) Desde el punto de vista de las conductas sancionadas reviste<br>importancia el aumento de las denuncias por la diversidad sexo gen\u00e9rica y la<br>atenci\u00f3n de asuntos en los que se involucran adolescentes, e) En definitiva, la<br>tarea es continua y permanente, la respuesta institucional ha permeado en la<br>atenci\u00f3n, sanci\u00f3n y reparaci\u00f3n de las violencias en materia de g\u00e9nero, pero hablar<br>de erradicaci\u00f3n y de prevenci\u00f3n de la violencia incide en otras \u00e1reas como lo es la<br>capacitaci\u00f3n, la ense\u00f1anza y la difusi\u00f3n de los derechos humanos.<\/p>\n\n\n\n<p>Tambi\u00e9n, f) Llevar a cabo un proceso de armonizaci\u00f3n de la normatividad<br>universitaria, no s\u00f3lo en cuanto al lenguaje inclusivo, sino tambi\u00e9n para la debida<br>observancia de los derechos humanos universitarios, en temas que desde la Ley<br>General de Educaci\u00f3n Superior se requieren, como son los temas de inclusi\u00f3n<br>educativa, cultura de la paz, acceso universal al conocimiento, entre otros y g) Se<br>ha podido detectar la necesidad de brindar atenci\u00f3n a la salud y bienestar de la<br>comunidad universitaria.<\/p>\n\n\n\n<p>La defensora de los Derechos Humanos Universitarios de la UAdeC, Magda<br>Yadira Robles Garza, coment\u00f3 que la CONAVIM con base a lo que recabe en las<br>Mesas Regionales elaborar\u00e1 un plan contra la violencia hacia las mujeres, y<br>algunas de las acciones que se llevan a cabo en la m\u00e1xima casa de estudios<br>podr\u00edan ser replicadas.<\/p>\n","protected":false},"excerpt":{"rendered":"<p>SALTILLO, Coahuila. 19 de junio de 2024. La Universidad Aut\u00f3noma de Coahuilaa trav\u00e9s de la Defensor\u00eda de los Derechos Humanos Universitarios, particip\u00f3 enlas \u201cMesas regionales de an\u00e1lisis para identificar nuevas manifestaciones ymodalidades de violencia contra las mujeres para contribuir a la elaboraci\u00f3n deldiagn\u00f3stico nacional sobre violencias contra las mujeres 2018-2023\u201c, que sellevaron a cabo en Ciudad Victoria, Tamaulipas. Las mesas son organizadas por la Comisi\u00f3n Nacional para Prevenir y Erradicar&#8230;<\/p>\n","protected":false},"author":1,"featured_media":21144,"comment_status":"closed","ping_status":"closed","sticky":false,"template":"","format":"standard","meta":{"footnotes":""},"categories":[2],"tags":[],"class_list":["post-21143","post","type-post","status-publish","format-standard","has-post-thumbnail","hentry","category-uadec","wpcat-2-id"],"_links":{"self":[{"href":"https:\/\/www.aquilaguna.com\/index.php\/wp-json\/wp\/v2\/posts\/21143","targetHints":{"allow":["GET"]}}],"collection":[{"href":"https:\/\/www.aquilaguna.com\/index.php\/wp-json\/wp\/v2\/posts"}],"about":[{"href":"https:\/\/www.aquilaguna.com\/index.php\/wp-json\/wp\/v2\/types\/post"}],"author":[{"embeddable":true,"href":"https:\/\/www.aquilaguna.com\/index.php\/wp-json\/wp\/v2\/users\/1"}],"replies":[{"embeddable":true,"href":"https:\/\/www.aquilaguna.com\/index.php\/wp-json\/wp\/v2\/comments?post=21143"}],"version-history":[{"count":1,"href":"https:\/\/www.aquilaguna.com\/index.php\/wp-json\/wp\/v2\/posts\/21143\/revisions"}],"predecessor-version":[{"id":21145,"href":"https:\/\/www.aquilaguna.com\/index.php\/wp-json\/wp\/v2\/posts\/21143\/revisions\/21145"}],"wp:featuredmedia":[{"embeddable":true,"href":"https:\/\/www.aquilaguna.com\/index.php\/wp-json\/wp\/v2\/media\/21144"}],"wp:attachment":[{"href":"https:\/\/www.aquilaguna.com\/index.php\/wp-json\/wp\/v2\/media?parent=21143"}],"wp:term":[{"taxonomy":"category","embeddable":true,"href":"https:\/\/www.aquilaguna.com\/index.php\/wp-json\/wp\/v2\/categories?post=21143"},{"taxonomy":"post_tag","embeddable":true,"href":"https:\/\/www.aquilaguna.com\/index.php\/wp-json\/wp\/v2\/tags?post=21143"}],"curies":[{"name":"wp","href":"https:\/\/api.w.org\/{rel}","templated":true}]}}