{"id":21200,"date":"2024-06-23T20:49:05","date_gmt":"2024-06-24T02:49:05","guid":{"rendered":"https:\/\/www.aquilaguna.com\/?p=21200"},"modified":"2024-06-23T20:49:06","modified_gmt":"2024-06-24T02:49:06","slug":"trabaja-inspira-en-estrategias-de-fortalecimiento-del-programa-de-ingles-en-las-escuelas","status":"publish","type":"post","link":"https:\/\/www.aquilaguna.com\/index.php\/2024\/06\/23\/trabaja-inspira-en-estrategias-de-fortalecimiento-del-programa-de-ingles-en-las-escuelas\/","title":{"rendered":"TRABAJA INSPIRA EN ESTRATEGIAS DE FORTALECIMIENTO DEL PROGRAMA DE INGL\u00c9S EN LAS ESCUELAS."},"content":{"rendered":"\n<ul class=\"wp-block-list\">\n<li>Se re\u00fanen titulares de Inspira, y Educaci\u00f3n para trazar estrategias para el pr\u00f3ximo<br>ciclo escolar 24-25.<\/li>\n<\/ul>\n\n\n\n<p>Saltillo, Coahuila de Zaragoza; a 23 de junio de 2024.- Como parte de los<br>compromisos del gobernador Manolo Jim\u00e9nez Salinas de llevar a cabo nuevas<br>estrategias educativas que tengan que ver con el desarrollo global de las ni\u00f1as,<br>ni\u00f1os, adolescentes y j\u00f3venes, se trabaja de manera transversal en la integraci\u00f3n<br>de nuevas estrategias para el pr\u00f3ximo ciclo escolar.<\/p>\n\n\n\n<p>Paola Rodr\u00edguez L\u00f3pez, presidenta Honoraria de Inspira Coahuila se reuni\u00f3 con el<br>secretario de Educaci\u00f3n, Emanuel Garza Fishburn, para analizar y exponer las<br>acciones que conforman la estrategia para llevar una educaci\u00f3n de calidad del<br>idioma ingl\u00e9s a los ni\u00f1os, ni\u00f1as y adolescentes de Coahuila, que les permita una<br>educaci\u00f3n globalizada.<\/p>\n\n\n\n<p>As\u00ed como para que les abra oportunidades de relacionarse efectivamente en un<br>segundo idioma, siendo nuestro Estado un destino de inversi\u00f3n ideal para grandes<br>empresas a nivel mundial, y que les brindar\u00e1 adem\u00e1s oportunidades de una<br>inserci\u00f3n laboral exitosa.<\/p>\n\n\n\n<p>En esta mesa de trabajo se integraron los diferentes elementos y ejes de acci\u00f3n<br>previstos para una mejora sostenida del sistema educativo en Coahuila.<\/p>\n\n\n\n<p>Estuvieron presentes, adem\u00e1s, los subsecretarios de Educaci\u00f3n B\u00e1sica: Jorge<br>Alberto Salcido Portillo; de Educaci\u00f3n Media Superior, Azucena Ramos Ramos; y<br>de Educaci\u00f3n Superior, Francisco Osorio Morales y la Directora General de<br>Inspira, Cecilia de la Garza.<\/p>\n\n\n\n<p>A partir del pr\u00f3ximo ciclo escolar se estar\u00e1n implementando pilotos de diversas<br>estrategias enfocados al fortalecimiento del programa de ingl\u00e9s en las escuelas de<br>Coahuila y con la participaci\u00f3n de aliados estrat\u00e9gicos como la Embajada de<br>Estados Unidos, Ense\u00f1a por M\u00e9xico, entre otros.<\/p>\n","protected":false},"excerpt":{"rendered":"<p>Saltillo, Coahuila de Zaragoza; a 23 de junio de 2024.- Como parte de loscompromisos del gobernador Manolo Jim\u00e9nez Salinas de llevar a cabo nuevasestrategias educativas que tengan que ver con el desarrollo global de las ni\u00f1as,ni\u00f1os, adolescentes y j\u00f3venes, se trabaja de manera transversal en la integraci\u00f3nde nuevas estrategias para el pr\u00f3ximo ciclo escolar. Paola Rodr\u00edguez L\u00f3pez, presidenta Honoraria de Inspira Coahuila se reuni\u00f3 con elsecretario de Educaci\u00f3n, Emanuel Garza&#8230;<\/p>\n","protected":false},"author":1,"featured_media":21201,"comment_status":"closed","ping_status":"closed","sticky":false,"template":"","format":"standard","meta":{"footnotes":""},"categories":[5,9,15],"tags":[],"class_list":["post-21200","post","type-post","status-publish","format-standard","has-post-thumbnail","hentry","category-coahuila","category-educacion","category-gobierno-de-coahuila","wpcat-5-id","wpcat-9-id","wpcat-15-id"],"_links":{"self":[{"href":"https:\/\/www.aquilaguna.com\/index.php\/wp-json\/wp\/v2\/posts\/21200","targetHints":{"allow":["GET"]}}],"collection":[{"href":"https:\/\/www.aquilaguna.com\/index.php\/wp-json\/wp\/v2\/posts"}],"about":[{"href":"https:\/\/www.aquilaguna.com\/index.php\/wp-json\/wp\/v2\/types\/post"}],"author":[{"embeddable":true,"href":"https:\/\/www.aquilaguna.com\/index.php\/wp-json\/wp\/v2\/users\/1"}],"replies":[{"embeddable":true,"href":"https:\/\/www.aquilaguna.com\/index.php\/wp-json\/wp\/v2\/comments?post=21200"}],"version-history":[{"count":1,"href":"https:\/\/www.aquilaguna.com\/index.php\/wp-json\/wp\/v2\/posts\/21200\/revisions"}],"predecessor-version":[{"id":21202,"href":"https:\/\/www.aquilaguna.com\/index.php\/wp-json\/wp\/v2\/posts\/21200\/revisions\/21202"}],"wp:featuredmedia":[{"embeddable":true,"href":"https:\/\/www.aquilaguna.com\/index.php\/wp-json\/wp\/v2\/media\/21201"}],"wp:attachment":[{"href":"https:\/\/www.aquilaguna.com\/index.php\/wp-json\/wp\/v2\/media?parent=21200"}],"wp:term":[{"taxonomy":"category","embeddable":true,"href":"https:\/\/www.aquilaguna.com\/index.php\/wp-json\/wp\/v2\/categories?post=21200"},{"taxonomy":"post_tag","embeddable":true,"href":"https:\/\/www.aquilaguna.com\/index.php\/wp-json\/wp\/v2\/tags?post=21200"}],"curies":[{"name":"wp","href":"https:\/\/api.w.org\/{rel}","templated":true}]}}