{"id":21214,"date":"2024-06-24T19:36:10","date_gmt":"2024-06-25T01:36:10","guid":{"rendered":"https:\/\/www.aquilaguna.com\/?p=21214"},"modified":"2024-06-24T19:36:10","modified_gmt":"2024-06-25T01:36:10","slug":"informe-de-las-comisiones-del-dia-24-de-junio-de-2024","status":"publish","type":"post","link":"https:\/\/www.aquilaguna.com\/index.php\/2024\/06\/24\/informe-de-las-comisiones-del-dia-24-de-junio-de-2024\/","title":{"rendered":"INFORME DE LAS COMISIONES DEL DIA 24 DE JUNIO DE 2024."},"content":{"rendered":"\n<p>Torre\u00f3n, Coahuila. A 24 de junio de 2024.<\/p>\n\n\n\n<p>Este lunes fue aprobada de manera un\u00e1nime por ediles del Ayuntamiento de<br>Torre\u00f3n, la propuesta de convocatoria para el Cabildo Juvenil 2024, la cual esta<br>basada en los ejes de la agenda 2030 de la Organizaci\u00f3n de las Naciones Unidas.<\/p>\n\n\n\n<p>Entre los temas que contempla la convocatoria se encuentran pobreza, salud,<br>educaci\u00f3n, igualdad de g\u00e9nero, agua y saneamiento, energ\u00edas, industrial,<br>innovaci\u00f3n e infraestructura, ciudades y comunidades sostenibles, producci\u00f3n y<br>consumo responsable, acciones por el clima, entre otros.<\/p>\n\n\n\n<p>Cristian Manuel L\u00f3pez Ch\u00e1vez, regidor presidente de la Comisi\u00f3n de Atenci\u00f3n a la<br>Juventud, dijo que la convocatoria ser\u00e1 inclusiva, pues la edici\u00f3n anterior cont\u00f3<br>con la participaci\u00f3n de integrantes de la comunidad LGBTTTIQ+, colectivos<br>feministas, personas con alguna discapacidad, entre otros, la cual gener\u00f3<br>acciones afirmativas y con ello una amplia la visi\u00f3n de las propuestas.<\/p>\n\n\n\n<p>La difusi\u00f3n se realizar\u00e1 a trav\u00e9s de los medios de comunicaci\u00f3n tradicionales, las<br>redes sociales y los comit\u00e9s universitarios ya existentes.<\/p>\n\n\n\n<p>Para comenzar a circular la informaci\u00f3n, el asunto deber\u00e1 ser turnado en la<br>pr\u00f3xima sesi\u00f3n de Cabildo para su an\u00e1lisis, discusi\u00f3n y en su caso aprobaci\u00f3n.<\/p>\n\n\n\n<p>Lo anterior durante la d\u00e9cima novena sesi\u00f3n de la Comisi\u00f3n de Atenci\u00f3n de la<br>Juventud, presidida por el regidor Cristian Manuel L\u00f3pez Ch\u00e1vez, integrada<br>adem\u00e1s por los ediles Olga Xochitl Cepeda Rodr\u00edguez, Alma Lucina Fong<br>Mel\u00e9ndez, Blanca \u00c1lvarez Garza, Karla Liliana Centeno F\u00e9lix, Christian Gonz\u00e1lez<br>Zambrano y M\u00f3nica Segura Le\u00f3n.<\/p>\n\n\n\n<p>-Torre\u00f3n \u00a1Siempre Puede!<\/p>\n\n\n\n<p>Aprueban solicitud de enajenaci\u00f3n de inmuebles a t\u00edtulo de permuta<\/p>\n\n\n\n<p>Ediles integrantes de la Comisi\u00f3n de Patrimonio Inmobiliario y Tenencia de la<br>Tierra, aprobaron por unanimidad de votos, la solicitud de enajenaci\u00f3n a t\u00edtulo de<br>permuta de cuatro inmuebles propiedad de la empresa Desarrollos y<br>Construcciones Arco S.A de C.V, todos pertenecientes al fraccionamiento<br>residencial y habitacional Country Frondoso, a cambio de un inmueble propiedad<br>municipal.<\/p>\n\n\n\n<p>La solicitud fue presentada por parte del representante legal de la empresa.<\/p>\n\n\n\n<p>Lo anterior durante la cuadrag\u00e9sima sesi\u00f3n de la Comisi\u00f3n de Patrimonio<br>Inmobiliario y Tenencia de la Tierra que preside la regidora Olga X\u00f3chitl Cepeda<br>Rodr\u00edguez, y la integran la primera s\u00edndica Claudia Ver\u00f3nica Gonz\u00e1lez D\u00edaz, los<br>regidores Jes\u00fas Javier G\u00f3mez Ledezma, Christian Gonz\u00e1lez Zambrano, Alma<br>Lucina Fong Mel\u00e9ndez, Cristian Manuel L\u00f3pez Ch\u00e1vez y Jos\u00e9 Arturo Rangel<br>Peralta.<\/p>\n","protected":false},"excerpt":{"rendered":"<p>Torre\u00f3n, Coahuila. A 24 de junio de 2024. Este lunes fue aprobada de manera un\u00e1nime por ediles del Ayuntamiento deTorre\u00f3n, la propuesta de convocatoria para el Cabildo Juvenil 2024, la cual estabasada en los ejes de la agenda 2030 de la Organizaci\u00f3n de las Naciones Unidas. Entre los temas que contempla la convocatoria se encuentran pobreza, salud,educaci\u00f3n, igualdad de g\u00e9nero, agua y saneamiento, energ\u00edas, industrial,innovaci\u00f3n e infraestructura, ciudades y comunidades&#8230;<\/p>\n","protected":false},"author":1,"featured_media":21215,"comment_status":"closed","ping_status":"closed","sticky":false,"template":"","format":"standard","meta":{"footnotes":""},"categories":[5,28,7],"tags":[],"class_list":["post-21214","post","type-post","status-publish","format-standard","has-post-thumbnail","hentry","category-coahuila","category-la-laguna","category-torreon","wpcat-5-id","wpcat-28-id","wpcat-7-id"],"_links":{"self":[{"href":"https:\/\/www.aquilaguna.com\/index.php\/wp-json\/wp\/v2\/posts\/21214","targetHints":{"allow":["GET"]}}],"collection":[{"href":"https:\/\/www.aquilaguna.com\/index.php\/wp-json\/wp\/v2\/posts"}],"about":[{"href":"https:\/\/www.aquilaguna.com\/index.php\/wp-json\/wp\/v2\/types\/post"}],"author":[{"embeddable":true,"href":"https:\/\/www.aquilaguna.com\/index.php\/wp-json\/wp\/v2\/users\/1"}],"replies":[{"embeddable":true,"href":"https:\/\/www.aquilaguna.com\/index.php\/wp-json\/wp\/v2\/comments?post=21214"}],"version-history":[{"count":1,"href":"https:\/\/www.aquilaguna.com\/index.php\/wp-json\/wp\/v2\/posts\/21214\/revisions"}],"predecessor-version":[{"id":21216,"href":"https:\/\/www.aquilaguna.com\/index.php\/wp-json\/wp\/v2\/posts\/21214\/revisions\/21216"}],"wp:featuredmedia":[{"embeddable":true,"href":"https:\/\/www.aquilaguna.com\/index.php\/wp-json\/wp\/v2\/media\/21215"}],"wp:attachment":[{"href":"https:\/\/www.aquilaguna.com\/index.php\/wp-json\/wp\/v2\/media?parent=21214"}],"wp:term":[{"taxonomy":"category","embeddable":true,"href":"https:\/\/www.aquilaguna.com\/index.php\/wp-json\/wp\/v2\/categories?post=21214"},{"taxonomy":"post_tag","embeddable":true,"href":"https:\/\/www.aquilaguna.com\/index.php\/wp-json\/wp\/v2\/tags?post=21214"}],"curies":[{"name":"wp","href":"https:\/\/api.w.org\/{rel}","templated":true}]}}