{"id":21259,"date":"2024-06-26T20:48:23","date_gmt":"2024-06-27T02:48:23","guid":{"rendered":"https:\/\/www.aquilaguna.com\/?p=21259"},"modified":"2024-06-26T20:48:23","modified_gmt":"2024-06-27T02:48:23","slug":"aqui-laguna-330","status":"publish","type":"post","link":"https:\/\/www.aquilaguna.com\/index.php\/2024\/06\/26\/aqui-laguna-330\/","title":{"rendered":"Aqu\u00ed Laguna."},"content":{"rendered":"\n<p>\u00a1El Parto de los Montes! Es por ahora el saldo de las expectativas pol\u00edticas creadas\u00a0 por el aun\u00a0 inconcluso proyecto de Agua Saludable para la Laguna,\u00a0 y eso que solo destina aguas a tres de los nueve municipios laguneros\u00a0 incluidos\u00a0 en el mismo, afectados como est\u00e1n sus habitantes\u00a0 por el consumo\u00a0 de \u00a0 aguas contaminadas con\u00a0 las sales\u00a0 f\u00f3siles, que yacen en los cada vez mas profundos\u00a0 pozos de extracci\u00f3n que \u00a0 forman parte de sus activos\u00a0 en\u00a0 sus sistemas municipales de abasto de\u00a0 agua\u00a0 y ya se ve, que este mismo d\u00eda, el suministro de aguas procedentes de\u00a0 las Presas Francisco Zarco y L\u00e1zaro C\u00e1rdenas\u00a0 hasta el punto de distribuci\u00f3n ubicado en Lerdo,\u00a0 qued\u00f3 en suspenso, por lo menos 15 d\u00edas,\u00a0 pues\u00a0 CONAGUA necesita por lo menos 15 d\u00edas para enfrentar problemas de orden t\u00e9cnico dice, y con ello, pone a parir cuates al alcalde Homero Mart\u00ednez, \u00a0 una vez que tal\u00a0 paro\u00a0 le hizo necesario volver a poner en operaci\u00f3n \u00a0 nueve pozos que ya se manten\u00edan en suspenso.<\/p>\n\n\n\n<p>En\u00a0 tanto el fin del presente r\u00e9gimen federal se acerca y\u00a0 se empiezan a acumular y sobre todo, a hacer visibles, a enlistarse pues, los impactos que algunas decisiones\u00a0 tomadas por\u00a0 el gobierno de AMLO, cual f\u00e9 de erratas, que\u00a0 quedan ah\u00ed,\u00a0 ojala que no para la historia, como es el caso de\u00a0 la &#8220;desaparici\u00f3n&#8221; de\u00a0 la\u00a0 funci\u00f3n y presencia de la Junta Federal de Conciliaci\u00f3n, que\u00a0 dej\u00f3 &#8220;sin materia&#8221; no solo a empleados y funcionarios de la misma,\u00a0 abogados  que ten\u00edan a su cargo los procesos laborales que ah\u00ed se ventilaban, sino a los \u00a0 trabajadores que\u00a0 en demandas o quejas y denuncias\u00a0 manten\u00edan\u00a0 expedientes en\u00a0 esas oficinas que por largos a\u00f1os estuvieron instaladas en\u00a0 el Palacio Federal y que decir, de la anunciada\u00a0 instalaci\u00f3n de\u00a0 las oficinas Centrales\u00a0 de NAFINSA, que qued\u00f3, como otras Secretar\u00edas de Estado en fallido\u00a0 proyecto de descentralizaci\u00f3n, en mera &#8220;agua de\u00a0 borrajas&#8221;, etc., etc., por\u00a0 lo anterior parece menor en estos d\u00edas, sobre todo entres los miembros de\u00a0 la c\u00fapula empresarial, de la \u00e9lite \u00a0 local, algunos como es el caso del ingeniero Eduardo Tricio Haro, como uno de los miembros relevantes de la hoy &#8220;mafia del joder&#8221; que se mantuvo inc\u00f3lumne\u00a0 en torno a AMLO a lo largo de su r\u00e9gimen,\u00a0 relaci\u00f3n que al parecer, ha quedado por ahora\u00a0 un tanto que abollada,\u00a0 en la expropiaci\u00f3n de facto, que registran los\u00a0 predios\u00a0 de los consorcios ganaderos \u00a0 que\u00a0 funcionan extramuros de la zona lagunera, reubicados \u00a0 durante la administraci\u00f3n estatal\u00a0 a cargo de Enrique\u00a0 Mart\u00ednez y Mart\u00ednez,\u00a0 cuando la frontera verde\u00a0 requerida ante la expansi\u00f3n ganadera\u00a0 no tenia ya cabida\u00a0 dentro del per\u00edmetro lagunero, no solo por el tema de &#8220;tierras&#8221;, sino sobre todo, por el agua , toda vez que que la veda h\u00eddrica imped\u00eda la perforaci\u00f3n de nuevas fuentes de abasto de aguas profundas y fueron\u00a0 trasladados con todo y sus ganado \u00a0 a los valles del Hundido, el valle de las Calaveras,\u00a0 ubicados ambos en el municipio de Cuatroci\u00e9negas,\u00a0 que con 170 pozas \u00a0 inclu\u00eda entre estas \u00a0 una de las m\u00e1s famosas,\u00a0 la poza de la Becerra, ubicada mundialmente como reservorio de la vida -flora y fauna-, en  una de sus\u00a0 expresiones m\u00e1s arcaicas, lo que la coloca como uno de los puntos de\u00a0 mayor inter\u00e9s en el mundo, para\u00a0 cient\u00edficos y ambientalistas en estos tiempos que corren.<\/p>\n\n\n\n<p>De este traslado,\u00a0 destacaron los capitales, que destinados a la ganader\u00eda lechera, han hecho la familia Martin Bringas y Martin Haro, a trav\u00e9s del consorcio Ampuero y en\u00a0 Grupo Beta Santa M\u00f3nica, prolongaci\u00f3n econ\u00f3mica de la familia e intereses\u00a0 de\u00a0 los sucesores de\u00a0 la\u00a0que fuera\u00a0 propietaria de la Hacienda Santa Teresa y Anexas y lo que qued\u00f3 de esta tras la\u00a0 reforma agraria \u00a0 dictada por Laz\u00e1ro\u00a0 C\u00e1rdenas y que al parecer,\u00a0 est\u00e1 por ahora a cargo de Gustavo D\u00edaz de Le\u00f3n. Solo se recuerda que uno de los\u00a0 empresarios lecheros que se unieron a este \u00e9xodo, Florentino Rivero -QEPD-, no lo culmin\u00f3 con \u00e9xito, sino que se embarc\u00f3 en un litigio judicial con el gobierno federal, no conci\u00e9ndose bien a bien la causa.<\/p>\n\n\n\n<p>Y as\u00ed han pasado poco mas de 25 a\u00f1os, no sin que durante\u00a0 tal lapso de tiempo no se hayan registrado denuncias y se\u00f1alamientos de &#8220;barbarie&#8221;\u00a0 citado\u00a0 por parte de la comunidad cient\u00edfica y\u00a0 de los ambientalistas\u00a0 \u00a0 por la explotaci\u00f3n de los veneros subterr\u00e1neos, restos de alg\u00fan\u00a0 mar milenario, con las que se nutr\u00edan las 170\u00a0 pozas\u00a0 existentes y que hoy, al parecer, se encuentran\u00a0 casi caducas, por la sobreexplotaci\u00f3n, pues\u00a0 \u00a0 abastecieron\u00a0 aguas para cultivar cientos de\u00a0 hect\u00e1reas de forrajes\u00a0 destinados a la alimentaci\u00f3n\u00a0 de los hatos ganaderos\u00a0 procedentes de la zona lagunera. <\/p>\n\n\n\n<p>Con todo y ello la violencia intempestiva\u00a0 versus\u00a0 la hasta ahora sacrosanta\u00a0 propiedad privada, una vez que elementos de la Guardia Nacional irrumpieron \u00a0 y se posesionaron\u00a0 de las estancias ganaderas\u00a0 de\u00a0 Ampuero y Beta Santa M\u00f3nica \u00a0 y otros predios no claramente \u00a0 identificados sin que al parecer tal incursi\u00f3n haya estado soportada por alguna orden judicial, toda vez que los\u00a0 asi agredidos, dicen no tener \u00a0 previa notificaci\u00f3n\u00a0 de tales acciones. El desencuentro\u00a0 no se antoja nada fa\u0107il. Pero, diremos\u00a0 los afectados tienen sin duda en Eduardo Tricio Haro, presidente del Consejo de Administraci\u00f3n de LALA, S.A.  el &#8220;hombre agua&#8221; en la Laguna\u00a0 seg\u00fan \u00a0 decisi\u00f3n\u00a0 de AMLO\u00a0pues es su \u00fanico interlocutor\u00a0 en tal tema, por encima de cualquier otro lagunero, condici\u00f3n, seg\u00fan se ha visto, trata de conservar\u00a0 ante la\u00a0 presidenta electa Claudia Sheinbuam. De ahi la importancia\u00a0 que empieza a cobrar  &#8220;la vigencia, el respeto al  Estado de Derecho&#8221; elemento &#8220;sine que non&#8221; para la convivencia pac\u00edfica\u00a0 de los mexicanos.<\/p>\n\n\n\n<p>Ya ven como andan por ahora all\u00e1, en Bolivia uno de los pa\u00edses de la \u00f3rbita del populismo latinoamericano\u00a0 a la que nuestro Presidente es tan afecto. En la tierra de Evo Morales, los milites\u00a0 se le pusieron al brinco a su presidente\u00a0 Luis Arce,\u00a0 esta ma\u00f1ana, generando  la atenci\u00f3n mundial y que al parecer, los\u00a0 milites\u00a0 han regresado  a sus cuarteles. El fallido &#8220;golpe&#8221; deja\u00a0lecci\u00f3n.<\/p>\n\n\n\n<p>Por cierto, siguen en las paginas de los Medios nacionales, los nombres de los generales que a los juicios de editores y\u00a0 analistas, incluyen como \u00a0 quienes se encuentran luchando por alcanzar\u00a0 el mando supremo de la SEDENA, entre otros\u00a0 figuran, Ricardo Trevilla Trejo, Celestino Avila Astudillo, Salvador Fernando Cervantes Loya, Ren\u00e9 Trujillo, Jaime Gonz\u00e1lez Avila,\u00a0 igual de manoseado\u00a0 el listado de quienes pudieran quedar al frente de la Marina,\u00a0 diremos que\u00a0 vaya tarea, pues Claudia\u00a0 Sheinbaum\u00a0 ser\u00e1 la primera comandante general en la\u00a0 aun breve historia\u00a0 de este pa\u00eds.<\/p>\n\n\n\n<p>Todo un espect\u00e1culo \u00a0 en la escena nacional el que corre a cargo en estos d\u00edas, a cargo del \u00a0 singular sujeto\u00a0 Gerardo Fern\u00e1ndez Noro\u00f1a,\u00a0 cuyo comportamiento sobrevalorado como sujeto pol\u00edtico, que ya se siente fuera del pr\u00f3ximo gabinete\u00a0 presidencial, \u00a0 hace recordar\u00a0 el\u00a0 protagonizado en su momento por el \u00a0 tambi\u00e9n controversial Ricardo S\u00f3stenes Mej\u00eda Berdeja, ambos por cierto &#8220;militantes&#8221; del Partido del Trabajo.<\/p>\n","protected":false},"excerpt":{"rendered":"<p>\u00a1El Parto de los Montes! Es por ahora el saldo de las expectativas pol\u00edticas creadas\u00a0 por el aun\u00a0 inconcluso proyecto de Agua Saludable para la Laguna,\u00a0 y eso que solo destina aguas a tres de los nueve municipios laguneros\u00a0 incluidos\u00a0 en el mismo, afectados como est\u00e1n sus habitantes\u00a0 por el consumo\u00a0 de \u00a0 aguas contaminadas con\u00a0 las sales\u00a0 f\u00f3siles, que yacen en los cada vez mas profundos\u00a0 pozos de extracci\u00f3n&#8230;<\/p>\n","protected":false},"author":2,"featured_media":0,"comment_status":"closed","ping_status":"","sticky":false,"template":"","format":"standard","meta":{"footnotes":""},"categories":[8],"tags":[],"class_list":["post-21259","post","type-post","status-publish","format-standard","hentry","category-aqui-laguna","wpcat-8-id"],"_links":{"self":[{"href":"https:\/\/www.aquilaguna.com\/index.php\/wp-json\/wp\/v2\/posts\/21259","targetHints":{"allow":["GET"]}}],"collection":[{"href":"https:\/\/www.aquilaguna.com\/index.php\/wp-json\/wp\/v2\/posts"}],"about":[{"href":"https:\/\/www.aquilaguna.com\/index.php\/wp-json\/wp\/v2\/types\/post"}],"author":[{"embeddable":true,"href":"https:\/\/www.aquilaguna.com\/index.php\/wp-json\/wp\/v2\/users\/2"}],"replies":[{"embeddable":true,"href":"https:\/\/www.aquilaguna.com\/index.php\/wp-json\/wp\/v2\/comments?post=21259"}],"version-history":[{"count":1,"href":"https:\/\/www.aquilaguna.com\/index.php\/wp-json\/wp\/v2\/posts\/21259\/revisions"}],"predecessor-version":[{"id":21260,"href":"https:\/\/www.aquilaguna.com\/index.php\/wp-json\/wp\/v2\/posts\/21259\/revisions\/21260"}],"wp:attachment":[{"href":"https:\/\/www.aquilaguna.com\/index.php\/wp-json\/wp\/v2\/media?parent=21259"}],"wp:term":[{"taxonomy":"category","embeddable":true,"href":"https:\/\/www.aquilaguna.com\/index.php\/wp-json\/wp\/v2\/categories?post=21259"},{"taxonomy":"post_tag","embeddable":true,"href":"https:\/\/www.aquilaguna.com\/index.php\/wp-json\/wp\/v2\/tags?post=21259"}],"curies":[{"name":"wp","href":"https:\/\/api.w.org\/{rel}","templated":true}]}}