{"id":21301,"date":"2024-06-30T20:59:37","date_gmt":"2024-07-01T02:59:37","guid":{"rendered":"https:\/\/www.aquilaguna.com\/?p=21301"},"modified":"2024-06-30T20:59:37","modified_gmt":"2024-07-01T02:59:37","slug":"aqui-laguna-331","status":"publish","type":"post","link":"https:\/\/www.aquilaguna.com\/index.php\/2024\/06\/30\/aqui-laguna-331\/","title":{"rendered":"Aqu\u00ed Laguna."},"content":{"rendered":"\n<p>\u00a1Torre\u00f3n, seguro! Y con todo y ello, Torre\u00f3n sum\u00f3 este d\u00eda, la tr\u00e1gica\u00a0cifra de\u00a0su quinto, s\u00ed, quinto\u00a0 \u00a0 femenicidio en lo que va del presente a\u00f1o, superando con ello la media nacional en este\u00a0 lastimoso\u00a0 delito,\u00a0 cuya g\u00e9nesis, parece se encuentra arraigado, en lo mas profundo del machismo paternalista y\u00a0 los valores\u00a0 con los que se ha querido identificar, sujetar e imponer a la condici\u00f3n femenina, condici\u00f3n\u00a0 que cabe se\u00f1alar, que le\u00a0 es otorgada por la naturaleza misma, no es una condici\u00f3n escogida, al igual que\u00a0 la que\u00a0 determina  el sexo contrario -y sus dem\u00e1s variedades-, \u00a0 otorgadas, que no escogidas, pues \u00a0 y que luego en diversas etapas de\u00a0 esta civilizaci\u00f3n, la cultura y la religi\u00f3n imperante en\u00a0 el mundo, sea este el occidente o el de oriente, \u00a0 han\u00a0 marcado a lo largo de la historia\u00a0 el estatus de la condici\u00f3n femenina, no solo en M\u00e9xico, sino en amplios territorios del mundo, con todo y los progresos \u00a0 que\u00a0 hoy m\u00e1s reciente, la &#8220;modernidad&#8221;, el acceso a la educaci\u00f3n, a la informaci\u00f3n\u00a0 y al mundo laboral, y con ello la conquista de\u00a0 su autonom\u00eda, econ\u00f3mica y mas notablemente al poder pol\u00edtico,\u00a0 han generado.<\/p>\n\n\n\n<p>&#8220;Algo huele podrido en Dinamarca&#8221;, diremos, cuando\u00a0 estamos\u00a0 presenciando \u00a0 una dolorosa repetici\u00f3n\u00a0 de\u00a0 femenicidio en nuestra tierra, con todo y los esfuerzos, que\u00a0 se hacen no solo desde algunas instancias de gobierno, obligadas algunas por ley, a atender\u00a0 el tema,\u00a0 dictando leyes y disposiciones desde la famosa &#8220;perspectiva de g\u00e9nero&#8221;, sino de la sociedad misma que como respuesta a los\u00a0 enormes vac\u00edos\u00a0 que se\u00a0 siguen registr\u00e1ndose\u00a0 en la materia y cuya expresi\u00f3n tangible es la existencia de numerosos\u00a0 colectivos que luchan por la visibilizaci\u00f3n del tema -entre otros Justicia por nuestra\u00a0 Infancia, Musas, Red de Mujeres de la Laguna, Asociaci\u00f3n Pro Mujer\u00a0 e Infancia, etc.-, y su eficaz atenci\u00f3n,\u00a0 para proporcionar\u00a0 desde abrigo, acompa\u00f1amiento y asesor\u00eda jur\u00eddica y defensa legal\u00a0 a decenas de mujeres que registran en su vida, el amplio catalogo de agravios, en el los que destaca la\u00a0 violencia\u00a0 intrafamiliar, violencia vicaria, acoso, etc., etc., y culmina como es el caso\u00a0 \u00a0 de Torre\u00f3n en estos primeros seis meses del 2024, los asesinatos de Laura Berenice\u00a0R\u00edos M\u00e1rquez, F\u00e1tima Urbina Aguero, Elena Belmonte, Kimberly Zakumi Narro y\u00a0 Maria Fern\u00e1ndez Jaramillo Morales, cinco al hilo, cinco cruces m\u00e1s , que se espera, no sirvan solo para\u00a0 colocarlas \u00a0 en el camell\u00f3n ventral de la prolongaci\u00f3n Col\u00f3n&#8230;<\/p>\n\n\n\n<p>En este escenario\u00a0 y quiz\u00e1s por eso mismo, la administraci\u00f3n\u00a0 del municipio, lanz\u00f3\u00a0 esta misma semana que termina, su programa \u00a0 denominado &#8220;Torre\u00f3n Seguro&#8221;, luego de registrar el notable aumento estad\u00edstico de casos de violencia intrafamiliar que se registran y\u00a0 con ello la necesidad\u00a0 que la comunidad\u00a0 en su conjunto se involucre en acciones preventivas\u00a0 y las punitivas a cargo de las autoridades correspondientes,\u00a0 que se hagan necesaria para enfrentar el creciente espiral que registra esta condici\u00f3n en la que viven no solo las mujeres, sino sus familias y que involucra la coordinaci\u00f3n estricta de las instituciones que tienen como bandera la atenci\u00f3n al tema de la mujer, tema al que es muy sensible\u00a0en la Secretaria del Ayuntamiento Natalia Fern\u00e1ndez, as\u00ed como\u00a0 de la licenciada Andrea Hern\u00e1ndez la titular del\u00a0 Instituto Municipal de la Mujer, para la atenci\u00f3n a fondo \u00a0 en materia preventiva y ya en el \u00e1mbito de lo punitivo, con la\u00a0 implementaci\u00f3n de la\u00a0 estrategia\u00a0 a trav\u00e9s de un bot\u00f3n de p\u00e1nico, a trav\u00e9s de una aplicaci\u00f3n en\u00a0 aparato celular, que\u00a0 conecta con\u00a0 de la Direcci\u00f3n de Seguridad P\u00fablica, a la mujer que se encuentre o perciba\u00a0 situaci\u00f3n de particular peligro a su integridad, programa a cargo y atenci\u00f3n\u00a0 del Coordinador C\u00e9sar Antonio Perales Esparza, bien\u00a0 por tal pol\u00edtica p\u00fablica, que \u00a0 por cierto, no vemos replica en otros municipios laguneros, pero\u00a0no bastar\u00e1\u00a0 si\u00a0 simult\u00e1neamente no se atiende, pero a fondo, la inmoderada venta y consumo de drogas\u00a0 entre la poblaci\u00f3n y la atenci\u00f3n correspondiente  en materia de rehabiiltaci\u00f3n a quienes ya est\u00e1n inmersos en\u00a0 tal vicio y obvio las que corresponden entre adolescentes a su prevenci\u00f3n, cuando aun hay tiempo&#8230;<\/p>\n\n\n\n<p>Catorce de\u00a0 los 50 delegados\u00a0 que el PRI Coahuila corresponden a la presentaci\u00f3n del priismo\u00a0 torreonense, que estar\u00e1n como asistentes y quiz\u00e1s hasta como participantes en el Consejo Nacional\u00a0 que est\u00e1 citando &#8220;Alito&#8221; Moreno y sus adl\u00e1teres, para iniciar\u00a0 su proyecto de &#8220;refundar&#8221;, -que ojal\u00e1 no lo refunda m\u00e1s aun en el hoy en el que ya se encuentra-, al viejo partido\u00a0que fuera otrora el hegem\u00f3nico\u00a0 y que guste o no gestara la cultura pol\u00edtica que singulariza a nuestro pa\u00eds, tras retener por m\u00e1s de\u00a0 70 a\u00f1os\u00a0 el poder presidencial, segun vemos que su primera alternacia, escenificada por el PAN,\u00a0 no les dio para m\u00e1s de solo 12 a\u00f1os, es decir, la docena tr\u00e1gica y\u00a0 MORENA\u00a0 que detenta la segunda alternancia, veremos sin rompe este ultimo r\u00e9cord, o bien, da para m\u00e1s.<\/p>\n\n\n\n<p>Por lo pronto dicen que la crisis es sin\u00f3nimo\u00a0 de oportunidad, que esperemos que en el caso del PRI no\u00a0 sea solo un bot\u00edn de\u00a0 oportunistas, la historia\u00a0 de ese organismo pol\u00edtico, se inicia, estiman historiadores, en el asesinato de Alvaro Obreg\u00f3n\u00a0que inici\u00f3\u00a0 el princpio de su fin, con otro, el de Luis Donaldo Colosio. El PRI y su permanencia \u00a0 dio lugar\u00a0 no solo la \u00fanica cultura\u00a0 pol\u00edtica permanente en este pa\u00eds -seg\u00fan vemos su r\u00e9plica hoy en MORENA, en el MC y otros partidos sat\u00e9lites-, sino tambi\u00e9n\u00a0a poderosos y eficaces figuras\u00a0 de poder,\u00a0donde destaca sin duda un L\u00e1zaro C\u00e1rdenas y muchas otras figuras de relieve y eficacia, que contribuyeron, con sus talentos a crear las instituciones que aun son hoy por hoy pilares en el pa\u00eds,\u00a0 pero tambi\u00e9n algunos\u00a0 ya no digamos\u00a0 impresentables, sino innombrables. Hoy el PRI\u00a0 y lo que de \u00e9ste\u00a0 quede,\u00a0 requiere de\u00a0 militantes\u00a0 ac\u00e9rrimos\u00a0 y leales -que los hay-, de patriotas pues,\u00a0 dispuestos a aportar &#8220;sangre, sudor y l\u00e1grimas&#8221; para enfrentar\u00a0 los cambios que\u00a0 est\u00e1n\u00a0 ya en marcha,\u00a0 pues no bastar\u00e1 \u00a0 operaci\u00f3n\u00a0 maquillaje o simulaciones que posteriormente acaben por\u00a0 cavar su\u00a0 tumba&#8230;<\/p>\n\n\n\n<p>Y se espera que\u00a0 \u00e9ste lunes,\u00a0 ahora si, ya se haga\u00a0 presente en sus funciones el alcalde\u00a0 reelecto\u00a0 de Torre\u00f3n, el Licenciado Roman Alberto Cepeda Gonz\u00e1lez, tras sus quince d\u00edas de vacaciones\u00a0 viajando por el viejo mundo en compa\u00f1\u00eda de su familia. En verdad\u00a0ten\u00eda todo el derecho de tomar un asueto, quiz\u00e1s algo prolongado para el resto de los mortales que trabajan en burocracia, ya no diagamos del ciudadano de a pie, que en broma y en serio dicen cuando se aborda\u00a0 el tema de los recursos necesarios para un periplo de tal naturaleza,\u00a0 &#8220;no tenemos\u00a0 tenemos para quedarnos, menor para salir&#8221;.<\/p>\n\n\n\n<p>En fin, que Cepeda Gonz\u00e1lez, deber\u00e1 tener ya bien definido bajo que pol\u00edticas\u00a0 har\u00e1 la limpia prometida de su administraci\u00f3n, si la gu\u00eda ser\u00e1, copiando a\u00a0 AMLO\u00a0 que aplica\u00a0 a\u00a0 sus funcionarios eso de\u00a0 &#8220;90 %\u00a0 de lealtad y un 10 % de capacidad&#8221;, luego de conocerse en radio pasillo que\u00a0lo brusco e inesperado despido\u00a0 al Director T\u00e9cnico de SIMAS-Torre\u00f3n Raymundo Rodr\u00edguez, se produjo a trav\u00e9s de un whatsapp, decisi\u00f3n gestada tras conocer\u00a0 el indicado, \u00a0 pruebas de fotos y video del ahora defenestrado funcionario\u00a0 que exhib\u00edan estrecha\u00a0 relaci\u00f3n\u00a0 y contacto con el ahora ex candidato\u00a0 a la alcald\u00eda\u00a0 por MORENA\u00a0 Shamir Fern\u00e1ndez, lo anterior ser\u00e1 verdad o mentira,\u00a0 vaya Usted a saber, lo que si es\u00a0 m\u00e1s que cierto es el descontrol que ha exhibido SIMNAS\u00a0 para enfrentar las contingencias que plantea\u00a0 a su sistema de \u00a0 operaci\u00f3n de pozos de extracci\u00f3n, no solo por los cont\u00ednuos altibajos de corriente el\u00e9ctrica\u00a0 que genera\u00a0 la CFE, sino los notables altibajos en conocimientos\u00a0 que exhiben los ahora responsables de la operaci\u00f3n t\u00e9cnica del SIMAS-Torre\u00f3n.<\/p>\n","protected":false},"excerpt":{"rendered":"<p>\u00a1Torre\u00f3n, seguro! Y con todo y ello, Torre\u00f3n sum\u00f3 este d\u00eda, la tr\u00e1gica\u00a0cifra de\u00a0su quinto, s\u00ed, quinto\u00a0 \u00a0 femenicidio en lo que va del presente a\u00f1o, superando con ello la media nacional en este\u00a0 lastimoso\u00a0 delito,\u00a0 cuya g\u00e9nesis, parece se encuentra arraigado, en lo mas profundo del machismo paternalista y\u00a0 los valores\u00a0 con los que se ha querido identificar, sujetar e imponer a la condici\u00f3n femenina, condici\u00f3n\u00a0 que cabe se\u00f1alar,&#8230;<\/p>\n","protected":false},"author":2,"featured_media":0,"comment_status":"closed","ping_status":"","sticky":false,"template":"","format":"standard","meta":{"footnotes":""},"categories":[8],"tags":[],"class_list":["post-21301","post","type-post","status-publish","format-standard","hentry","category-aqui-laguna","wpcat-8-id"],"_links":{"self":[{"href":"https:\/\/www.aquilaguna.com\/index.php\/wp-json\/wp\/v2\/posts\/21301","targetHints":{"allow":["GET"]}}],"collection":[{"href":"https:\/\/www.aquilaguna.com\/index.php\/wp-json\/wp\/v2\/posts"}],"about":[{"href":"https:\/\/www.aquilaguna.com\/index.php\/wp-json\/wp\/v2\/types\/post"}],"author":[{"embeddable":true,"href":"https:\/\/www.aquilaguna.com\/index.php\/wp-json\/wp\/v2\/users\/2"}],"replies":[{"embeddable":true,"href":"https:\/\/www.aquilaguna.com\/index.php\/wp-json\/wp\/v2\/comments?post=21301"}],"version-history":[{"count":1,"href":"https:\/\/www.aquilaguna.com\/index.php\/wp-json\/wp\/v2\/posts\/21301\/revisions"}],"predecessor-version":[{"id":21302,"href":"https:\/\/www.aquilaguna.com\/index.php\/wp-json\/wp\/v2\/posts\/21301\/revisions\/21302"}],"wp:attachment":[{"href":"https:\/\/www.aquilaguna.com\/index.php\/wp-json\/wp\/v2\/media?parent=21301"}],"wp:term":[{"taxonomy":"category","embeddable":true,"href":"https:\/\/www.aquilaguna.com\/index.php\/wp-json\/wp\/v2\/categories?post=21301"},{"taxonomy":"post_tag","embeddable":true,"href":"https:\/\/www.aquilaguna.com\/index.php\/wp-json\/wp\/v2\/tags?post=21301"}],"curies":[{"name":"wp","href":"https:\/\/api.w.org\/{rel}","templated":true}]}}