{"id":21406,"date":"2024-07-08T19:40:23","date_gmt":"2024-07-09T01:40:23","guid":{"rendered":"https:\/\/www.aquilaguna.com\/?p=21406"},"modified":"2024-07-08T19:40:24","modified_gmt":"2024-07-09T01:40:24","slug":"convoca-uadec-a-jovenes-universitarios-a-participar-en-el-programa-interuniversitario-finanzas-publicas-y-desarrollo-profesional","status":"publish","type":"post","link":"https:\/\/www.aquilaguna.com\/index.php\/2024\/07\/08\/convoca-uadec-a-jovenes-universitarios-a-participar-en-el-programa-interuniversitario-finanzas-publicas-y-desarrollo-profesional\/","title":{"rendered":"Convoca UAdeC a J\u00f3venes Universitarios a Participar en el Programa Interuniversitario: Finanzas P\u00fablicas y Desarrollo Profesional."},"content":{"rendered":"\n<p>SALTILLO, Coahuila. 8 de julio de 2024. Con el objetivo de fortalecer la formaci\u00f3n<br>de j\u00f3venes universitarios, la Universidad Aut\u00f3noma de Coahuila a trav\u00e9s de la<br>Coordinaci\u00f3n General de Vinculaci\u00f3n e Innovaci\u00f3n Productiva, en conjunto con<br>Grupo Financiero Banorte, convocan a estudiantes de Econom\u00eda, Mercadotecnia,<br>Administraci\u00f3n P\u00fablica, Administraci\u00f3n, Ciencias Pol\u00edticas y Derecho, a participar<br>en el Programa Interuniversitario: Finanzas P\u00fablicas y Desarrollo Profesional.<\/p>\n\n\n\n<p>El Programa, que se desarrollar\u00e1 en modalidad digital, tendr\u00e1 una duraci\u00f3n de<br>cinco meses, iniciando en septiembre y culminando en noviembre de 2024, las<br>sesiones se llevar\u00e1n a cabo todos los mi\u00e9rcoles a las 16:00 horas en talleres<br>especializados en administraci\u00f3n y finanzas p\u00fablicas.<\/p>\n\n\n\n<p>Con temas espec\u00edficos como \u201cCaracter\u00edsticas de la administraci\u00f3n p\u00fablica: sector<br>p\u00fablico federal, gobiernos estatales y gobiernos municipales\u201d y \u201cMarco y proceso<br>legislativo de las finanzas p\u00fablicas federales, estatales y municipales\u201d, ambos<br>impartidos por Ricardo Salazar de la Banca de Gobierno Banorte.<\/p>\n\n\n\n<p>Adem\u00e1s de asesor\u00edas con funcionarios de Grupo y otros invitados especiales,<br>quienes cuentan con amplia trayectoria en el sector financiero y la administraci\u00f3n<br>p\u00fablica, estas sesiones se enfocar\u00e1n en el desarrollo profesional, crecimiento y<br>liderazgo, as\u00ed como asesor\u00edas sobre reclutamiento y selecci\u00f3n laboral.<\/p>\n\n\n\n<p>Para participar, los interesados deben estar cursando el s\u00e9ptimo semestre o m\u00e1s<br>en las licenciaturas mencionadas, adem\u00e1s de presentar una breve exposici\u00f3n de<br>motivos y mantener un promedio acad\u00e9mico m\u00ednimo de 8.5; la fecha l\u00edmite para la<br>presentaci\u00f3n de solicitudes es el 15 de agosto de 2024, a trav\u00e9s del formulario<br>disponible en <a href=\"https:\/\/forms.gle\/x9zLHkkttVF55gYT8\" target=\"_blank\" rel=\"noreferrer noopener\">https:\/\/forms.gle\/x9zLHkkttVF55gYT8<\/a>.<\/p>\n\n\n\n<p>Para m\u00e1s informaci\u00f3n, comunicarse a la Coordinaci\u00f3n General de Vinculaci\u00f3n e<br>Innovaci\u00f3n Productiva, con la Lic. Lisbeth Sol\u00eds Jim\u00e9nez, a los tel\u00e9fonos (844) 410<br>14 41 y (844) 410 15 43 o v\u00eda correo electr\u00f3nico:<br>lisbeth.solis.jimenez@uadec.edu.mx.<\/p>\n","protected":false},"excerpt":{"rendered":"<p>SALTILLO, Coahuila. 8 de julio de 2024. Con el objetivo de fortalecer la formaci\u00f3nde j\u00f3venes universitarios, la Universidad Aut\u00f3noma de Coahuila a trav\u00e9s de laCoordinaci\u00f3n General de Vinculaci\u00f3n e Innovaci\u00f3n Productiva, en conjunto conGrupo Financiero Banorte, convocan a estudiantes de Econom\u00eda, Mercadotecnia,Administraci\u00f3n P\u00fablica, Administraci\u00f3n, Ciencias Pol\u00edticas y Derecho, a participaren el Programa Interuniversitario: Finanzas P\u00fablicas y Desarrollo Profesional. El Programa, que se desarrollar\u00e1 en modalidad digital, tendr\u00e1 una duraci\u00f3n decinco&#8230;<\/p>\n","protected":false},"author":1,"featured_media":21407,"comment_status":"closed","ping_status":"closed","sticky":false,"template":"","format":"standard","meta":{"footnotes":""},"categories":[2],"tags":[],"class_list":["post-21406","post","type-post","status-publish","format-standard","has-post-thumbnail","hentry","category-uadec","wpcat-2-id"],"_links":{"self":[{"href":"https:\/\/www.aquilaguna.com\/index.php\/wp-json\/wp\/v2\/posts\/21406","targetHints":{"allow":["GET"]}}],"collection":[{"href":"https:\/\/www.aquilaguna.com\/index.php\/wp-json\/wp\/v2\/posts"}],"about":[{"href":"https:\/\/www.aquilaguna.com\/index.php\/wp-json\/wp\/v2\/types\/post"}],"author":[{"embeddable":true,"href":"https:\/\/www.aquilaguna.com\/index.php\/wp-json\/wp\/v2\/users\/1"}],"replies":[{"embeddable":true,"href":"https:\/\/www.aquilaguna.com\/index.php\/wp-json\/wp\/v2\/comments?post=21406"}],"version-history":[{"count":1,"href":"https:\/\/www.aquilaguna.com\/index.php\/wp-json\/wp\/v2\/posts\/21406\/revisions"}],"predecessor-version":[{"id":21408,"href":"https:\/\/www.aquilaguna.com\/index.php\/wp-json\/wp\/v2\/posts\/21406\/revisions\/21408"}],"wp:featuredmedia":[{"embeddable":true,"href":"https:\/\/www.aquilaguna.com\/index.php\/wp-json\/wp\/v2\/media\/21407"}],"wp:attachment":[{"href":"https:\/\/www.aquilaguna.com\/index.php\/wp-json\/wp\/v2\/media?parent=21406"}],"wp:term":[{"taxonomy":"category","embeddable":true,"href":"https:\/\/www.aquilaguna.com\/index.php\/wp-json\/wp\/v2\/categories?post=21406"},{"taxonomy":"post_tag","embeddable":true,"href":"https:\/\/www.aquilaguna.com\/index.php\/wp-json\/wp\/v2\/tags?post=21406"}],"curies":[{"name":"wp","href":"https:\/\/api.w.org\/{rel}","templated":true}]}}