{"id":21415,"date":"2024-07-08T19:48:21","date_gmt":"2024-07-09T01:48:21","guid":{"rendered":"https:\/\/www.aquilaguna.com\/?p=21415"},"modified":"2024-07-08T19:48:22","modified_gmt":"2024-07-09T01:48:22","slug":"roman-alberto-cepeda-gonzalez-da-inicio-a-la-tercera-generacion-de-la-academia-de-policia","status":"publish","type":"post","link":"https:\/\/www.aquilaguna.com\/index.php\/2024\/07\/08\/roman-alberto-cepeda-gonzalez-da-inicio-a-la-tercera-generacion-de-la-academia-de-policia\/","title":{"rendered":"Rom\u00e1n Alberto Cepeda Gonz\u00e1lez da inicio a la tercera generaci\u00f3n de la Academia de Polic\u00eda."},"content":{"rendered":"\n<p>Torre\u00f3n, Coahuila. A 08 de julio de 2024.<\/p>\n\n\n\n<p>El alcalde Rom\u00e1n Alberto Cepeda Gonz\u00e1lez puso en marcha el ciclo de formaci\u00f3n<br>de la tercera generaci\u00f3n de la Academia de Polic\u00eda de Torre\u00f3n, la cual est\u00e1<br>integrada por 50 nuevos cadetes, 28 hombres y 22 mujeres, seleccionados entre<br>500 aspirantes.<br>\u00a0<br>El Presidente Municipal destac\u00f3 la responsabilidad que asumieron este d\u00eda los<br>cadetes, quienes ahora tienen la oportunidad de servir.<br>\u00a0<br>\u201cVan a tener la gran oportunidad de servir a Torre\u00f3n, a La Laguna, a Coahuila y a<br>M\u00e9xico\u201d, coment\u00f3.<br>\u00a0<br>Cepeda Gonz\u00e1lez dijo que los 50 nuevos cadetes, se suman a los 240 que ya se<br>han capacitado e incorporado a la Polic\u00eda Municipal, en lo que va de la actual<br>Administraci\u00f3n Municipal.<br>\u00a0<br>Al referirse a las condiciones de seguridad que vive el municipio, el edil agradeci\u00f3<br>el apoyo del gobernador del Estado, Manolo Jim\u00e9nez Salinas, as\u00ed como de las<br>corporaciones de los tres niveles de Gobierno, de la Guardia Nacional y del<br>Ej\u00e9rcito Mexicano.<br>\u00a0<br>La formaci\u00f3n que inici\u00f3 consta de 972 horas y al concluir los participantes reciben<br>la constancia del Curso de Capacitaci\u00f3n Inicial Policial y de Profesional T\u00e9cnico en<br>Seguridad P\u00fablica, por parte de la SEP.<br>\u00a0<br>\u201cLes pido que den su mejor esfuerzo, que sea por Torre\u00f3n, por Coahuila y por<br>M\u00e9xico\u201d, finaliz\u00f3 Cepeda Gonz\u00e1lez.<br>\u00a0<br>C\u00e9sar Antonio Perales Esparza, director de Seguridad P\u00fablica Municipal, explic\u00f3<br>que los nuevos cadetes ser\u00e1n capacitados en temas como acondicionamiento<br>f\u00edsico, justicia c\u00edvica, uso leg\u00edtimo de la fuerza, primer respondiente, y \u00e9tica del<br>servidor p\u00fablico, entre otros.<br>\u00a0<br>Adem\u00e1s, como incentivo para su formaci\u00f3n, los cadetes recibir\u00e1n una beca<br>mensual de ocho mil pesos, seguro m\u00e9dico, uniforme de formaci\u00f3n inicial y de<br>t\u00e9rmino, as\u00ed como alimentaci\u00f3n.<br>\u00a0<br>\u201cNuestro deber es formar polic\u00edas de calidad, desarrollando el proceso de<br>ense\u00f1anza aprendizaje con un programa de estudios integral, basado en las<br>necesidades de la ciudadan\u00eda y sujeto a la mejora continua\u201d, expres\u00f3.<\/p>\n\n\n\n<p>&nbsp;<br>Adolfo Campirano Reyes, director de la Academia de Polic\u00eda de Torre\u00f3n, indic\u00f3<br>que es la tercera generaci\u00f3n de la actual Administraci\u00f3n Municipal, y los<br>participantes concluir\u00e1n su formaci\u00f3n en el mes de noviembre.<br>&nbsp;<br>Coment\u00f3 que derivado del trabajo que se implement\u00f3 desde el inicio de la<br>Administraci\u00f3n del alcalde Rom\u00e1n Alberto Cepeda Gonz\u00e1lez, la Academia de<br>Polic\u00eda de Torre\u00f3n obtuvo la certificaci\u00f3n por parte del Secretariado Ejecutivo del<br>Sistema de Seguridad P\u00fablica.<br>&nbsp;<br>\u201cTenemos la Academia de Polic\u00eda mejor clasificada en el estado\u201d, manifest\u00f3.<br>&nbsp;<br>Dijo que con esa clasificaci\u00f3n se logra ofrecer a los cadetes una formaci\u00f3n de<br>calidad, basada en la disciplina, con instalaciones adecuadas e instructores<br>capacitados.<br>&nbsp;<br>Durante el evento el alcalde Rom\u00e1n Alberto Cepeda Gonz\u00e1lez hizo entrega de<br>uniformes a los nuevos cadetes, que constan de pantal\u00f3n t\u00e1ctico, playera tipo<br>polo, bota t\u00e1ctica, short deportivo, cinto t\u00e1ctico, tocado estilo policial y playera de<br>cuello redondo.<br>&nbsp;<br>Ricardo Ignacio Valdez Mac\u00edas, cadete de la Academia de Polic\u00eda, dijo que el<br>inicio de la formaci\u00f3n significa un reto que requiere de disciplina, sacrificio y<br>voluntad.<br>&nbsp;<br>\u201cEstamos seguros de que es el \u00fanico camino para formarnos como buenos<br>oficiales de polic\u00eda, as\u00ed como la seguridad de nuestro municipio lo exige\u201d, expres\u00f3.<br>&nbsp;<br>Agradeci\u00f3 el apoyo del alcalde Rom\u00e1n Alberto Cepeda Gonz\u00e1lez, para lograr el<br>ingreso de los nuevos cadetes a la Academia de Polic\u00eda, como los traslados para<br>realizar las pruebas de control y confianza.<br>&nbsp;<br>Acudieron al evento Felipe Eduardo Gonz\u00e1lez Miranda, diputado local; H\u00e9ctor<br>Flores Rodr\u00edguez, sub Secretario de Operaci\u00f3n Policial de la Secretar\u00eda de<br>Seguridad P\u00fablica; Juan Carlos J\u00e1uregui Urrutia, presidente del Consejo<br>Ciudadano de Seguridad y Claudia Ver\u00f3nica Gonz\u00e1lez D\u00edaz, s\u00edndica y presidenta<br>de la Comisi\u00f3n de Seguridad P\u00fablica del Ayuntamiento de Torre\u00f3n.<\/p>\n","protected":false},"excerpt":{"rendered":"<p>Torre\u00f3n, Coahuila. A 08 de julio de 2024. El alcalde Rom\u00e1n Alberto Cepeda Gonz\u00e1lez puso en marcha el ciclo de formaci\u00f3nde la tercera generaci\u00f3n de la Academia de Polic\u00eda de Torre\u00f3n, la cual est\u00e1integrada por 50 nuevos cadetes, 28 hombres y 22 mujeres, seleccionados entre500 aspirantes.\u00a0El Presidente Municipal destac\u00f3 la responsabilidad que asumieron este d\u00eda loscadetes, quienes ahora tienen la oportunidad de servir.\u00a0\u201cVan a tener la gran oportunidad de servir&#8230;<\/p>\n","protected":false},"author":1,"featured_media":21416,"comment_status":"closed","ping_status":"closed","sticky":false,"template":"","format":"standard","meta":{"footnotes":""},"categories":[5,28,7],"tags":[],"class_list":["post-21415","post","type-post","status-publish","format-standard","has-post-thumbnail","hentry","category-coahuila","category-la-laguna","category-torreon","wpcat-5-id","wpcat-28-id","wpcat-7-id"],"_links":{"self":[{"href":"https:\/\/www.aquilaguna.com\/index.php\/wp-json\/wp\/v2\/posts\/21415","targetHints":{"allow":["GET"]}}],"collection":[{"href":"https:\/\/www.aquilaguna.com\/index.php\/wp-json\/wp\/v2\/posts"}],"about":[{"href":"https:\/\/www.aquilaguna.com\/index.php\/wp-json\/wp\/v2\/types\/post"}],"author":[{"embeddable":true,"href":"https:\/\/www.aquilaguna.com\/index.php\/wp-json\/wp\/v2\/users\/1"}],"replies":[{"embeddable":true,"href":"https:\/\/www.aquilaguna.com\/index.php\/wp-json\/wp\/v2\/comments?post=21415"}],"version-history":[{"count":1,"href":"https:\/\/www.aquilaguna.com\/index.php\/wp-json\/wp\/v2\/posts\/21415\/revisions"}],"predecessor-version":[{"id":21417,"href":"https:\/\/www.aquilaguna.com\/index.php\/wp-json\/wp\/v2\/posts\/21415\/revisions\/21417"}],"wp:featuredmedia":[{"embeddable":true,"href":"https:\/\/www.aquilaguna.com\/index.php\/wp-json\/wp\/v2\/media\/21416"}],"wp:attachment":[{"href":"https:\/\/www.aquilaguna.com\/index.php\/wp-json\/wp\/v2\/media?parent=21415"}],"wp:term":[{"taxonomy":"category","embeddable":true,"href":"https:\/\/www.aquilaguna.com\/index.php\/wp-json\/wp\/v2\/categories?post=21415"},{"taxonomy":"post_tag","embeddable":true,"href":"https:\/\/www.aquilaguna.com\/index.php\/wp-json\/wp\/v2\/tags?post=21415"}],"curies":[{"name":"wp","href":"https:\/\/api.w.org\/{rel}","templated":true}]}}