{"id":21425,"date":"2024-07-09T18:17:39","date_gmt":"2024-07-10T00:17:39","guid":{"rendered":"https:\/\/www.aquilaguna.com\/?p=21425"},"modified":"2024-07-09T18:17:40","modified_gmt":"2024-07-10T00:17:40","slug":"inaugura-rector-de-la-uadec-el-campamento-de-verano-lobos-camp","status":"publish","type":"post","link":"https:\/\/www.aquilaguna.com\/index.php\/2024\/07\/09\/inaugura-rector-de-la-uadec-el-campamento-de-verano-lobos-camp\/","title":{"rendered":"Inaugura Rector de la UAdeC el Campamento de Verano &#8220;Lobos Camp&#8221;."},"content":{"rendered":"\n<p>SALTILLO, Coahuila. 9 de julio de 2024. Este martes, el rector de la Universidad<br>Aut\u00f3noma de Coahuila, Octavio Pimentel Mart\u00ednez, inaugur\u00f3 el Campamento de<br>Verano &#8220;Lobos Camp&#8221;, para ni\u00f1as y ni\u00f1os de Saltillo y que se lleva a cabo<br>simult\u00e1neamente en las Unidades Torre\u00f3n y Norte del 8 al 19 de julio de 2024 con<br>m\u00e1s de 700 inscritos.<\/p>\n\n\n\n<p>La ceremonia de inauguraci\u00f3n se realiz\u00f3 en los jardines del Ateneo Fuente, en<br>donde acompa\u00f1aron al Rector, la presidenta honoraria del DIF Coahuila, Liliana<br>Salinas Vald\u00e9s; la coordinadora de la Unidad Saltillo de la UAdeC, Eva Kerena<br>Hern\u00e1ndez.<\/p>\n\n\n\n<p>As\u00ed como la directora del Ateneo Fuente, Nayely Mery Gonz\u00e1lez, el coordinador de<br>Extensi\u00f3n Universitaria, David Hern\u00e1ndez Barrera, el coordinador de Deportes,<br>Robertony Garc\u00eda Perera, directivos de las Escuelas, Facultades e Institutos de la<br>Unidad Saltillo, invitados especiales y familiares de las ni\u00f1as y ni\u00f1os participantes.<\/p>\n\n\n\n<p>En su mensaje de bienvenida, la titular de Enlace para la Infraestructura Cultural<br>Universitaria, Claudia S\u00e1nchez Montemayor agradeci\u00f3 a los asistentes y destac\u00f3<br>que esta iniciativa fue una promesa de campa\u00f1a del rector Octavio Pimentel<br>Mart\u00ednez para los hijos de los trabajadores universitarios que durante dos<br>semanas disfrutar\u00e1n de este espacio donde podr\u00e1n aprender, hacer amigos y<br>divertirse.<\/p>\n\n\n\n<p>Agradeci\u00f3 a los talleristas y a los j\u00f3venes de servicio social que est\u00e1n listos para<br>apoyar en las distintas actividades a realizar con los infantes, y tambi\u00e9n a la<br>confianza de los padres de familia por permitir asistir a sus hijos al campamento<br>de la UAdeC.<\/p>\n\n\n\n<p>En su mensaje, el rector Octavio Pimentel Mart\u00ednez, se dirigi\u00f3 a los ni\u00f1os y ni\u00f1as<br>del Campamento de Verano, afirmando que ya forman parte de la comunidad de<br>Lobos de la UAdeC; agradeci\u00f3 a la Ing. Liliana Salinas Vald\u00e9s presidenta<br>honoraria del DIF, por su apoyo y presencia, por formar parte del compromiso de<br>la UAdeC con la sociedad.<\/p>\n\n\n\n<p>Pimentel Mart\u00ednez, tambi\u00e9n agradeci\u00f3 a los padres de familia por confiar en la<br>Aut\u00f3noma de Coahuila, al equipo de directores y directoras que hicieron posible el<br>evento, as\u00ed como a los talleristas y prestadores de servicio social, anim\u00e1ndolos a<br>que, juntos como parte de la manada de la UAdeC, hagan de estas dos semanas<br>una experiencia inolvidable para los peque\u00f1os participantes.<\/p>\n\n\n\n<p>En su intervenci\u00f3n, la presidenta honoraria del DIF Coahuila, Liliana Salinas<br>Vald\u00e9s; agradeci\u00f3 y felicit\u00f3 al Rector por retomar los campamentos de verano en<br>la Universidad, resaltando su importancia que como espacios combinan diversi\u00f3n<br>y aprendizaje.<\/p>\n\n\n\n<p>Adem\u00e1s, destac\u00f3 la responsabilidad del gobierno de Coahuila en la promoci\u00f3n de<br>estos espacios, por lo que agradeci\u00f3 al equipo universitario por ofrecer<br>nuevamente estas oportunidades de esparcimiento para las y los ni\u00f1os<br>coahuilenses.<br>El campamento denominado \u201cLobos Camp\u201d, es para ni\u00f1as y ni\u00f1os de 5 a 12 a\u00f1os,<br>quienes asistir\u00e1n de lunes a viernes de 9:00 a 13:00 horas en dos talleres a elegir,<br>entre Artes pl\u00e1sticas, Rob\u00f3tica, Manualidades, Campismo, Pintura, Ciencia<br>divertida, Expresi\u00f3n musical, Baile, Basquetbol, Voleibol, Tochito y Futbol.<\/p>\n","protected":false},"excerpt":{"rendered":"<p>SALTILLO, Coahuila. 9 de julio de 2024. Este martes, el rector de la UniversidadAut\u00f3noma de Coahuila, Octavio Pimentel Mart\u00ednez, inaugur\u00f3 el Campamento deVerano &#8220;Lobos Camp&#8221;, para ni\u00f1as y ni\u00f1os de Saltillo y que se lleva a cabosimult\u00e1neamente en las Unidades Torre\u00f3n y Norte del 8 al 19 de julio de 2024 conm\u00e1s de 700 inscritos. La ceremonia de inauguraci\u00f3n se realiz\u00f3 en los jardines del Ateneo Fuente, endonde acompa\u00f1aron al&#8230;<\/p>\n","protected":false},"author":1,"featured_media":21426,"comment_status":"closed","ping_status":"closed","sticky":false,"template":"","format":"standard","meta":{"footnotes":""},"categories":[2],"tags":[],"class_list":["post-21425","post","type-post","status-publish","format-standard","has-post-thumbnail","hentry","category-uadec","wpcat-2-id"],"_links":{"self":[{"href":"https:\/\/www.aquilaguna.com\/index.php\/wp-json\/wp\/v2\/posts\/21425","targetHints":{"allow":["GET"]}}],"collection":[{"href":"https:\/\/www.aquilaguna.com\/index.php\/wp-json\/wp\/v2\/posts"}],"about":[{"href":"https:\/\/www.aquilaguna.com\/index.php\/wp-json\/wp\/v2\/types\/post"}],"author":[{"embeddable":true,"href":"https:\/\/www.aquilaguna.com\/index.php\/wp-json\/wp\/v2\/users\/1"}],"replies":[{"embeddable":true,"href":"https:\/\/www.aquilaguna.com\/index.php\/wp-json\/wp\/v2\/comments?post=21425"}],"version-history":[{"count":1,"href":"https:\/\/www.aquilaguna.com\/index.php\/wp-json\/wp\/v2\/posts\/21425\/revisions"}],"predecessor-version":[{"id":21427,"href":"https:\/\/www.aquilaguna.com\/index.php\/wp-json\/wp\/v2\/posts\/21425\/revisions\/21427"}],"wp:featuredmedia":[{"embeddable":true,"href":"https:\/\/www.aquilaguna.com\/index.php\/wp-json\/wp\/v2\/media\/21426"}],"wp:attachment":[{"href":"https:\/\/www.aquilaguna.com\/index.php\/wp-json\/wp\/v2\/media?parent=21425"}],"wp:term":[{"taxonomy":"category","embeddable":true,"href":"https:\/\/www.aquilaguna.com\/index.php\/wp-json\/wp\/v2\/categories?post=21425"},{"taxonomy":"post_tag","embeddable":true,"href":"https:\/\/www.aquilaguna.com\/index.php\/wp-json\/wp\/v2\/tags?post=21425"}],"curies":[{"name":"wp","href":"https:\/\/api.w.org\/{rel}","templated":true}]}}