{"id":21431,"date":"2024-07-09T18:44:17","date_gmt":"2024-07-10T00:44:17","guid":{"rendered":"https:\/\/www.aquilaguna.com\/?p=21431"},"modified":"2024-07-09T18:44:17","modified_gmt":"2024-07-10T00:44:17","slug":"empresa-repara-linea-de-agua-afectada-mientras-realizaba-trabajos-de-introduccion-de-drenaje-en-la-colonia-la-fuente","status":"publish","type":"post","link":"https:\/\/www.aquilaguna.com\/index.php\/2024\/07\/09\/empresa-repara-linea-de-agua-afectada-mientras-realizaba-trabajos-de-introduccion-de-drenaje-en-la-colonia-la-fuente\/","title":{"rendered":"Empresa repara l\u00ednea de agua afectada mientras realizaba trabajos de introducci\u00f3n de drenaje en la colonia La Fuente."},"content":{"rendered":"\n<p>Torre\u00f3n, Coahuila. A 09 de julio de 2024.<\/p>\n\n\n\n<p>Personal de la empresa encargada de los trabajos de introducci\u00f3n de una l\u00ednea de<br>drenaje en la calle Del Querub\u00edn de la colonia La Fuente, repar\u00f3 una fuga de agua<br>potable provocada por su maquinaria en la infraestructura de conducci\u00f3n del<br>Sistema Municipal de Aguas y Saneamiento de Torre\u00f3n (SIMAS).<\/p>\n\n\n\n<p>Juan Adolfo Von Bertrab Saracho, director de Obras P\u00fablicas de Torre\u00f3n, explic\u00f3<br>que antes de iniciar alguna obra subterr\u00e1nea se pide a las empresas p\u00fablicas y<br>privadas, un marcaje de la infrastructura que se ubica en el lugar, para poder<br>seguirlo al momento de realizar los trabajos.<\/p>\n\n\n\n<p>En este caso, aunque se iba siguiendo el marcaje, ayer alrededor de las 17:30<br>horas, personal de la empresa encargada de los trabajos, toc\u00f3 la l\u00ednea de<br>conducci\u00f3n y provoc\u00f3 la fuga de agua potable, en consecuencia se dio aviso al<br>SIMAS Torre\u00f3n para el cierre de v\u00e1lvulas y comenzar con los trabajos de<br>reparaci\u00f3n.<\/p>\n\n\n\n<p>\u201cPor la misma presi\u00f3n de la tuber\u00eda, aunque se cerraron las v\u00e1lvulas el agua sigui\u00f3<br>saliendo mientras se realizaban las reparaciones por parte de la empresa<br>encargada de la obra, por eso se provoc\u00f3 el encharcamiento\u201d, explic\u00f3 el<br>funcionario.<\/p>\n\n\n\n<p>A\u00f1adi\u00f3 que en situaciones como esta, los contratos que se establecen entre los<br>particulares y el Municipio, contemplan que tanto las labores de reparaci\u00f3n, como<br>el costo que ellas impliquen, corren a cargo de las empresas, como una forma de<br>sanci\u00f3n.<\/p>\n\n\n\n<p>Von Bertrab Saracho dijo que los trabajos de reparaci\u00f3n duraron<br>aproximadamente hora y media, y una vez concluidos se restableci\u00f3 el servicio de<br>agua potable en el sector.<\/p>\n","protected":false},"excerpt":{"rendered":"<p>Torre\u00f3n, Coahuila. A 09 de julio de 2024. Personal de la empresa encargada de los trabajos de introducci\u00f3n de una l\u00ednea dedrenaje en la calle Del Querub\u00edn de la colonia La Fuente, repar\u00f3 una fuga de aguapotable provocada por su maquinaria en la infraestructura de conducci\u00f3n delSistema Municipal de Aguas y Saneamiento de Torre\u00f3n (SIMAS). Juan Adolfo Von Bertrab Saracho, director de Obras P\u00fablicas de Torre\u00f3n, explic\u00f3que antes de iniciar&#8230;<\/p>\n","protected":false},"author":1,"featured_media":21432,"comment_status":"closed","ping_status":"closed","sticky":false,"template":"","format":"standard","meta":{"footnotes":""},"categories":[5,28,7],"tags":[],"class_list":["post-21431","post","type-post","status-publish","format-standard","has-post-thumbnail","hentry","category-coahuila","category-la-laguna","category-torreon","wpcat-5-id","wpcat-28-id","wpcat-7-id"],"_links":{"self":[{"href":"https:\/\/www.aquilaguna.com\/index.php\/wp-json\/wp\/v2\/posts\/21431","targetHints":{"allow":["GET"]}}],"collection":[{"href":"https:\/\/www.aquilaguna.com\/index.php\/wp-json\/wp\/v2\/posts"}],"about":[{"href":"https:\/\/www.aquilaguna.com\/index.php\/wp-json\/wp\/v2\/types\/post"}],"author":[{"embeddable":true,"href":"https:\/\/www.aquilaguna.com\/index.php\/wp-json\/wp\/v2\/users\/1"}],"replies":[{"embeddable":true,"href":"https:\/\/www.aquilaguna.com\/index.php\/wp-json\/wp\/v2\/comments?post=21431"}],"version-history":[{"count":1,"href":"https:\/\/www.aquilaguna.com\/index.php\/wp-json\/wp\/v2\/posts\/21431\/revisions"}],"predecessor-version":[{"id":21433,"href":"https:\/\/www.aquilaguna.com\/index.php\/wp-json\/wp\/v2\/posts\/21431\/revisions\/21433"}],"wp:featuredmedia":[{"embeddable":true,"href":"https:\/\/www.aquilaguna.com\/index.php\/wp-json\/wp\/v2\/media\/21432"}],"wp:attachment":[{"href":"https:\/\/www.aquilaguna.com\/index.php\/wp-json\/wp\/v2\/media?parent=21431"}],"wp:term":[{"taxonomy":"category","embeddable":true,"href":"https:\/\/www.aquilaguna.com\/index.php\/wp-json\/wp\/v2\/categories?post=21431"},{"taxonomy":"post_tag","embeddable":true,"href":"https:\/\/www.aquilaguna.com\/index.php\/wp-json\/wp\/v2\/tags?post=21431"}],"curies":[{"name":"wp","href":"https:\/\/api.w.org\/{rel}","templated":true}]}}