{"id":2146,"date":"2021-05-12T19:14:05","date_gmt":"2021-05-13T00:14:05","guid":{"rendered":"https:\/\/www.aquilaguna.com\/?p=2146"},"modified":"2021-05-12T19:14:05","modified_gmt":"2021-05-13T00:14:05","slug":"se-recupera-normalidad-en-sector-hotelero","status":"publish","type":"post","link":"https:\/\/www.aquilaguna.com\/index.php\/2021\/05\/12\/se-recupera-normalidad-en-sector-hotelero\/","title":{"rendered":"Se recupera normalidad en sector hotelero."},"content":{"rendered":"\n<p>Torre\u00f3n, Coahuila.- \u00a0 &#8221;Poco a poco, se recobra la normalidad\u00a0 perdida\u00a0 a ra\u00edz de la pandemia\u00a0 que ha asolado al mundo en cuanto a temas\u00a0 propios del sector hotelero\u00a0 en la regi\u00f3n, y el retorno paulatino de reuniones y convenciones que en otro momento ubicaran\u00a0 a Torre\u00f3n como un punto\u00a0 nacional de importancia para estas actividades&#8221;.<\/p>\n\n\n\n<p>Lo anterior fue estimado por\u00a0 el Presidente de la Oficina de Convenciones y Visitantes -OVC-,\u00a0 El\u00edas Habib Rodr\u00edguez P\u00e9rez\u00a0 quien \u00a0 indic\u00f3 que para lo que resta del presente a\u00f1o, se\u00a0 tienen agendas ya \u00a029 \u00a0 fechas para igual n\u00famero de eventos que tienen como sede Torre\u00f3n, contra los solo 15 que\u00a0 fueron la agenda anual\u00a0 registrada\u00a0 en el 2020.\u00a0<\/p>\n\n\n\n<p>Revel\u00f3 luego que se han puesto como meta este\u00a0 a\u00f1o, que la OCV\u00a0 a su cargo,\u00a0 sume\u00a0 45 fechas a desahogar,\u00a0 &#8221;pues a ese numero me he comprometido, como meta en la gesti\u00f3n que hoy tengo a\u00a0 mi cargo&#8221;.<\/p>\n\n\n\n<p>&#8221;De alcanzarlas, esto ser\u00e1 super favorable para esta plaza&#8221;,\u00a0 afirm\u00f3 confiado\u00a0 en ello.<\/p>\n\n\n\n<p>Dio a conocer que\u00a0 hasta la semana\u00a0 pasada,\u00a0 la ocupaci\u00f3n hotelera registrada en esta regi\u00f3n, alcanz\u00f3 un 37 %, la mas alta desde el inicio de la pandemia, contra el 32% del mes anterior.<\/p>\n\n\n\n<p>&#8221;Tenemos pues una buena indicaci\u00f3n, pues\u00a0 la ocupaci\u00f3n\u00a0 hotelera \u00a0 indica que va subiendo paulatinamente&#8221;.<\/p>\n\n\n\n<p>&#8221;Adem\u00e1s, de los dos hoteles que cerraron sus puertas,\u00a0 si bien solo\u00a0 fue por dos semanas, han reabierto ya sus actividades&#8221;.<\/p>\n\n\n\n<p>&#8221;Y adem\u00e1s, se han sumado\u00a0 la inauguraci\u00f3n de\u00a0 por lo menos tres\u00a0 hoteles mas&#8221;, citando en entre estos, &#8221;el Noas de Matamoros y el Plaza Allende,\u00a0 y nosotros el Nuve\u00a0 Gomez Palacio&#8221;.\u00a0<\/p>\n\n\n\n<p>&#8221;Vamos creciendo, Gracias a Dios&#8221;, dice aliviado.<\/p>\n\n\n\n<p>En cuanto a convenciones relevantes , ya confirmadas, cita\u00a0 a, &#8221;la Amered,\u00a0 organizadores de eventos a nivel nacional, en encuentro a realizar en nuestro Centro de Convenciones, a las que tambi\u00e9n estar\u00e1n acudiendo siete Oficinas de Visitantes y Convenciones de igual n\u00famero de ciudades del pa\u00eds para realizar una mesa de trabajo&#8221;.<\/p>\n\n\n\n<p>As\u00ed tambi\u00e9n cito a otras Exposiciones que \u00a0 ya han tenido presencia y mucho \u00e9xito entre los laguneros como es el caso de la denominada Tlaqueparte, que figura en la agenda \u00a0 a realizar durante\u00a0 octubre-noviembre del a\u00f1o en curso.<\/p>\n","protected":false},"excerpt":{"rendered":"<p>Torre\u00f3n, Coahuila.- \u00a0 &#8221;Poco a poco, se recobra la normalidad\u00a0 perdida\u00a0 a ra\u00edz de la pandemia\u00a0 que ha asolado al mundo en cuanto a temas\u00a0 propios del sector hotelero\u00a0 en la regi\u00f3n, y el retorno paulatino de reuniones y convenciones que en otro momento ubicaran\u00a0 a Torre\u00f3n como un punto\u00a0 nacional de importancia para estas actividades&#8221;. Lo anterior fue estimado por\u00a0 el Presidente de la Oficina de Convenciones y Visitantes&#8230;<\/p>\n","protected":false},"author":2,"featured_media":0,"comment_status":"closed","ping_status":"","sticky":false,"template":"","format":"standard","meta":{"footnotes":""},"categories":[5,28,7,34],"tags":[],"class_list":["post-2146","post","type-post","status-publish","format-standard","hentry","category-coahuila","category-la-laguna","category-torreon","category-turismo","wpcat-5-id","wpcat-28-id","wpcat-7-id","wpcat-34-id"],"_links":{"self":[{"href":"https:\/\/www.aquilaguna.com\/index.php\/wp-json\/wp\/v2\/posts\/2146","targetHints":{"allow":["GET"]}}],"collection":[{"href":"https:\/\/www.aquilaguna.com\/index.php\/wp-json\/wp\/v2\/posts"}],"about":[{"href":"https:\/\/www.aquilaguna.com\/index.php\/wp-json\/wp\/v2\/types\/post"}],"author":[{"embeddable":true,"href":"https:\/\/www.aquilaguna.com\/index.php\/wp-json\/wp\/v2\/users\/2"}],"replies":[{"embeddable":true,"href":"https:\/\/www.aquilaguna.com\/index.php\/wp-json\/wp\/v2\/comments?post=2146"}],"version-history":[{"count":1,"href":"https:\/\/www.aquilaguna.com\/index.php\/wp-json\/wp\/v2\/posts\/2146\/revisions"}],"predecessor-version":[{"id":2147,"href":"https:\/\/www.aquilaguna.com\/index.php\/wp-json\/wp\/v2\/posts\/2146\/revisions\/2147"}],"wp:attachment":[{"href":"https:\/\/www.aquilaguna.com\/index.php\/wp-json\/wp\/v2\/media?parent=2146"}],"wp:term":[{"taxonomy":"category","embeddable":true,"href":"https:\/\/www.aquilaguna.com\/index.php\/wp-json\/wp\/v2\/categories?post=2146"},{"taxonomy":"post_tag","embeddable":true,"href":"https:\/\/www.aquilaguna.com\/index.php\/wp-json\/wp\/v2\/tags?post=2146"}],"curies":[{"name":"wp","href":"https:\/\/api.w.org\/{rel}","templated":true}]}}