{"id":21467,"date":"2024-07-11T18:16:27","date_gmt":"2024-07-12T00:16:27","guid":{"rendered":"https:\/\/www.aquilaguna.com\/?p=21467"},"modified":"2024-07-11T18:16:28","modified_gmt":"2024-07-12T00:16:28","slug":"se-gradua-la-generacion-157-de-la-escuela-de-bachilleres-ateneo-fuente-de-la-uadec","status":"publish","type":"post","link":"https:\/\/www.aquilaguna.com\/index.php\/2024\/07\/11\/se-gradua-la-generacion-157-de-la-escuela-de-bachilleres-ateneo-fuente-de-la-uadec\/","title":{"rendered":"Se Grad\u00faa la Generaci\u00f3n 157 de la Escuela de Bachilleres \u201cAteneo Fuente\u201d de la UAdeC."},"content":{"rendered":"\n<p>SALTILLO, Coahuila. 11 de julio de 2024. Para celebrar la conclusi\u00f3n de su<br>educaci\u00f3n media superior, la Generaci\u00f3n 157 de la Escuela de Bachilleres Ateneo<br>Fuente de la Universidad Aut\u00f3noma de Coahuila llev\u00f3 a cabo su ceremonia de<br>graduaci\u00f3n, en la que 672 alumnos recibieron su constancia como bachilleres<br>graduados.<\/p>\n\n\n\n<p>En la ceremonia realizada en el Auditorio del Parque \u201cLas Maravillas\u201d, en<br>representaci\u00f3n del gobernador de Coahuila, Manolo Jim\u00e9nez Salinas, asisti\u00f3 el<br>director general de Planeaci\u00f3n de Educaci\u00f3n Media Superior, Oscar De Le\u00f3n<br>Flores; en representaci\u00f3n del general de Brigada del Estado Mayor, Vicente P\u00e9rez<br>L\u00f3pez asisti\u00f3 el capit\u00e1n segundo de Infanter\u00eda, Rodolfo El\u00edas Ram\u00edrez.<\/p>\n\n\n\n<p>As\u00ed como el rector de la Universidad Aut\u00f3noma de Coahuila, Octavio Pimentel<br>Mart\u00ednez, el oficial mayor de la UAdeC y padrino de la generaci\u00f3n, Josu\u00e9 Garza<br>Carrales, la directora del plantel, Nayely Mery Gonz\u00e1lez, representantes del<br>Gobierno Estatal y Municipal, funcionariado universitario, invitados especiales,<br>personal del plantel y familiares de los graduados.<\/p>\n\n\n\n<p>En su mensaje de bienvenida, la directora del plantel, Nayely Mery Gonz\u00e1lez,<br>destac\u00f3 que las y los Atene\u00edstas han sido formados con valores y conocimientos<br>necesarios para enfrentar el mundo con confianza para convertirse en<br>profesionales destacados, comprometidos con la excelencia y el servicio a los<br>dem\u00e1s; por lo que afirm\u00f3 a los graduados que ser Atene\u00edsta es un honor y una<br>responsabilidad que llevar\u00e1n siempre, sin importar a d\u00f3nde los lleve el futuro.<\/p>\n\n\n\n<p>En su mensaje, rector de la m\u00e1xima casa de estudios, Octavio Pimentel Mart\u00ednez<br>agradeci\u00f3 a las familias de los graduados por su apoyo y confianza en la<br>instituci\u00f3n y dijo que del trabajo en equipo entre la Universidad, el Ateneo Fuente y<br>las familias lograron muy buenos resultados.<\/p>\n\n\n\n<p>Exhort\u00f3 a los j\u00f3venes graduados a actuar con honradez, a ser emprendedores y<br>pensar en grande cada d\u00eda, a transformar a la sociedad aplicando sus habilidades<br>y conocimientos, a ser ciudadanos aut\u00e9nticos y solidarios, por lo que les augur\u00f3<br>\u00e9xito en sus futuras carreras profesionales.<\/p>\n\n\n\n<p>Por su parte, el oficial mayor de la UAdeC y padrino de la generaci\u00f3n 157, Josu\u00e9<br>Garza Carrales, destac\u00f3 la diversidad de talentos y habilidades de la generaci\u00f3n<br>graduada, y los exhort\u00f3 a perseguir sus sue\u00f1os con determinaci\u00f3n y aprovechar<br>cada momento de la vida.<\/p>\n\n\n\n<p>Adem\u00e1s, agradeci\u00f3 a los padres de familia por su apoyo constante a la instituci\u00f3n,<br>la labor de las y los maestros en el desarrollo acad\u00e9mico y personal de los<br>estudiantes, al desempe\u00f1ar un papel fundamental en la misi\u00f3n educativa del<br>Ateneo Fuente.<\/p>\n\n\n\n<p>En representaci\u00f3n de las y los graduados, la alumna Camila Coronado Olivares,<br>rememor\u00f3 momentos cotidianos de sus compa\u00f1eros en la preparatoria, como las<br>visitas a la cafeter\u00eda y las lecciones aprendidas a trav\u00e9s de tareas y ex\u00e1menes;<br>agradeci\u00f3 a los docentes de la instituci\u00f3n por su dedicaci\u00f3n y apoyo, as\u00ed como a<br>los padres por su constante respaldo.<\/p>\n\n\n\n<p>Durante el evento se entregaron reconocimientos a los mejores promedios de la<br>generaci\u00f3n a los alumnos: Camila Olivares Coronado, \u00c1ngel Mizael Pedroza<br>Rangel, Emily Dalila Belmontes Orozco, Areli Fernanda Cortez Cano, Joseph<br>Asher Mart\u00ednez \u00c1lvarez, Nancy Carolina Torres Verastegui, Sofia Elizabeth Quirino<br>Hern\u00e1ndez, Sara Nohem\u00ed Gayt\u00e1n Altamirano, Dasha Cecilia Alan\u00eds Hern\u00e1ndez y<br>Valeria Guadalupe Casas Flores.<\/p>\n","protected":false},"excerpt":{"rendered":"<p>SALTILLO, Coahuila. 11 de julio de 2024. Para celebrar la conclusi\u00f3n de sueducaci\u00f3n media superior, la Generaci\u00f3n 157 de la Escuela de Bachilleres AteneoFuente de la Universidad Aut\u00f3noma de Coahuila llev\u00f3 a cabo su ceremonia degraduaci\u00f3n, en la que 672 alumnos recibieron su constancia como bachilleresgraduados. En la ceremonia realizada en el Auditorio del Parque \u201cLas Maravillas\u201d, enrepresentaci\u00f3n del gobernador de Coahuila, Manolo Jim\u00e9nez Salinas, asisti\u00f3 eldirector general de Planeaci\u00f3n&#8230;<\/p>\n","protected":false},"author":1,"featured_media":21468,"comment_status":"closed","ping_status":"closed","sticky":false,"template":"","format":"standard","meta":{"footnotes":""},"categories":[2],"tags":[],"class_list":["post-21467","post","type-post","status-publish","format-standard","has-post-thumbnail","hentry","category-uadec","wpcat-2-id"],"_links":{"self":[{"href":"https:\/\/www.aquilaguna.com\/index.php\/wp-json\/wp\/v2\/posts\/21467","targetHints":{"allow":["GET"]}}],"collection":[{"href":"https:\/\/www.aquilaguna.com\/index.php\/wp-json\/wp\/v2\/posts"}],"about":[{"href":"https:\/\/www.aquilaguna.com\/index.php\/wp-json\/wp\/v2\/types\/post"}],"author":[{"embeddable":true,"href":"https:\/\/www.aquilaguna.com\/index.php\/wp-json\/wp\/v2\/users\/1"}],"replies":[{"embeddable":true,"href":"https:\/\/www.aquilaguna.com\/index.php\/wp-json\/wp\/v2\/comments?post=21467"}],"version-history":[{"count":1,"href":"https:\/\/www.aquilaguna.com\/index.php\/wp-json\/wp\/v2\/posts\/21467\/revisions"}],"predecessor-version":[{"id":21469,"href":"https:\/\/www.aquilaguna.com\/index.php\/wp-json\/wp\/v2\/posts\/21467\/revisions\/21469"}],"wp:featuredmedia":[{"embeddable":true,"href":"https:\/\/www.aquilaguna.com\/index.php\/wp-json\/wp\/v2\/media\/21468"}],"wp:attachment":[{"href":"https:\/\/www.aquilaguna.com\/index.php\/wp-json\/wp\/v2\/media?parent=21467"}],"wp:term":[{"taxonomy":"category","embeddable":true,"href":"https:\/\/www.aquilaguna.com\/index.php\/wp-json\/wp\/v2\/categories?post=21467"},{"taxonomy":"post_tag","embeddable":true,"href":"https:\/\/www.aquilaguna.com\/index.php\/wp-json\/wp\/v2\/tags?post=21467"}],"curies":[{"name":"wp","href":"https:\/\/api.w.org\/{rel}","templated":true}]}}