{"id":21503,"date":"2024-07-12T23:33:41","date_gmt":"2024-07-13T05:33:41","guid":{"rendered":"https:\/\/www.aquilaguna.com\/?p=21503"},"modified":"2024-07-12T23:33:41","modified_gmt":"2024-07-13T05:33:41","slug":"facultad-de-derecho-de-uadec-y-ayuntamiento-reconocen-a-abogados-en-su-dia","status":"publish","type":"post","link":"https:\/\/www.aquilaguna.com\/index.php\/2024\/07\/12\/facultad-de-derecho-de-uadec-y-ayuntamiento-reconocen-a-abogados-en-su-dia\/","title":{"rendered":"Facultad de Derecho de UAdeC y ayuntamiento reconocen a abogados en su d\u00eda."},"content":{"rendered":"\n<p>Torre\u00f3n, Coahuila.- Miembros y dirigentes\u00a0 de las organizaciones\u00a0 que conforman\u00a0 el  &#8220;Foro Lagunero&#8221;, fueron objeto esta ma\u00f1ana de\u00a0 un \u00e1gape, y la entrega de\u00a0 reconocimientos a elementos\u00a0 que se han distinguido en\u00a0 el ejercicio de su profesi\u00f3n, en el marco de la ya\u00a0 tradicional\u00a0 celebraci\u00f3n del Dia del Abogado que\u00a0 bajo la convocatoria de la Facultad de Derecho\u00a0 de la UAdeC,\u00a0 y en coordinaci\u00f3n con\u00a0 el ayuntamiento \u00a0 que encabeza\u00a0 el\u00a0 Licenciado Rom\u00e1n Alberto Cepeda.<\/p>\n\n\n\n<p>Estuvieron en el acompa\u00f1amiento de este acto,\u00a0 autoridades del Poder\u00a0 Judicial figurando \u00a0 el Magistrado Ulises Guadalupe Hern\u00e1ndez, Presidente\u00a0 de la Sala Regional\u00a0 y\u00a0 el ex magistrado Licenciado Jes\u00fas Sotomayor Garza, Presidente del Consejo Regional de la Abogac\u00eda Lagunera, el Licenciado Omar Rojas Zapata, Director de la Facultad de Derecho entre otros.<\/p>\n\n\n\n<p>Abrieron las intervenciones,\u00a0 que fueron breves, \u00a0 el Licenciado Carlos\u00a0 Centeno Aranda, dando Gracias a\u00a0 dios, por tener la oportunidad  de estar celebrando una d\u00eda m\u00e1s celebrando esta profesi\u00f3n, para agradecer luego a una persona\u00a0 &#8220;que se ha encargado de la uni\u00f3n, de la uni\u00f3n de la sociedad,\u00a0 de sus diferentes grupos\u00a0 de los que no es la excepci\u00f3n\u00a0 este grupo de la abogacia; el alcalde Rom\u00e1n Alberto Cepeda&#8221;, a quien dio las gracias\u00a0 &#8220;por ser para Torre\u00f3n y en Torre\u00f3n, un punto de uni\u00f3n. Gracias por velar todos los d\u00edas, por este bendito Torre\u00f3n&#8221;.<\/p>\n\n\n\n<p>Por su parte, el Director de la Facultad\u00a0 de Derecho\u00a0 de la UAdeC, licenciado Omar Rojas Zapata, en su intervenci\u00f3n dijo que &#8220;la justicia es darle a cada quien lo que corresponde&#8221;, definici\u00f3n\u00a0 que atribuy\u00f3 a Ulpiano, para dar\u00a0 luego\u00a0 saludos y gracias a\u00a0 la administraci\u00f3n local\u00a0 e indicar la\u00a0 bienvenida que les daba\u00a0 a los ah\u00ed presentes en tal convivio la Facultad de Derecho de la UAdeC, de la cual es su actual Director.\u00a0<\/p>\n\n\n\n<p>Enseguida dirigi\u00f3 su discurso al agradecimiento al alcalde Cepeda Gonz\u00e1lez,\u00a0 agradeciendo hospitalidad y simpat\u00eda\u00a0 con el gremio de la abogac\u00eda, &#8220;gracias por todo su apoyo\u00a0 para llevar este evento&#8221;\u00a0 y extendi\u00f3 \u00a0 sus agradecimientos a otros ah\u00ed presentes.\u00a0<\/p>\n\n\n\n<p>Expreso que esta reuni\u00f3n era la expresi\u00f3n de la unidad del gremio, para honrar a todos aquellos que dedican su vida a esta noble profesi\u00f3n del derecho.\u00a0<\/p>\n\n\n\n<p>Agradeci\u00f3 su arduo trabajo,\u00a0 pues sin su esfuerzo, &#8220;muchos no tendr\u00edan voz y otros tantos no encontar\u00edan la justicia que tanto anhelan, Ustedes son los defensores de esos derechos y los guardianes de la legalidad, pilares de nuestra comunidad, etc., etc.&#8221;<\/p>\n\n\n\n<p>Iba bien el orador, pero\u00a0 culmin\u00f3 su intervenci\u00f3n afirmando sorpresivamente con un lapso\u00a0 que, &#8220;Se\u00f1or alcalde, sabemos que Usted, no es licenciado en Derecho, pero s\u00ed es abogado, porque Usted aboga\u00a0 por el bienestar de todos los ciudadanos\u00a0 de nuestro querido Torre\u00f3n&#8221;.<\/p>\n\n\n\n<p>&#8220;El acceso a la seguridad, al empleo, a la inversi\u00f3n a la educaci\u00f3n  y la salud, garantiza la justicia y la legalidad, por ello nuestro reconocimiento y gratitud. Por ello, much\u00edsimas gracias&#8221;.<\/p>\n\n\n\n<p>En su intervenci\u00f3n el alcalde Cepeda Gonz\u00e1lez \u00a0 agradeci\u00f3 la presencia de\u00a0 los ah\u00ed presentes, se\u00f1alando \u00a0 \u00a0 su reconocimiento a\u00a0 sus trabajos coordinados, y felicitar a los abogados en su d\u00eda, por su trabajo esfuerzos y colaboraci\u00f3n, diciendo haber sido un honor haber tenido desde el inicio de su gobierno de manera coordinada, recordando que su primer\u00a0 eje de su gobierno &#8220;tiene que ver con seguridad y orden, y el orden tiene que ver con la impartici\u00f3n de justicia y otros grandes factores&#8221;.\u00a0<\/p>\n\n\n\n<p>&#8220;El estar coordinado\u00a0 son solo con quienes imparten justicia, con los que se dedican a la abogac\u00eda, con quienes tambi\u00e9n dan clases&#8221;.<\/p>\n\n\n\n<p>Y acus\u00f3 el golpe recibido corrigiendo la plana de su antecesor\u00a0 en el micr\u00f3fono, para afirmar que, &#8220;S\u00ed soy abogado y Maestro en la Facultad de Jurisprudencia&#8221;,\u00a0 si bien reconoci\u00f3, \u00a0&#8220;no he ejercido nunca, pero la verdad es que me honro de ser parte de este gremio y decirles a todos de este gremio que me ha tocado colaborar en distintas trincheras con ustedes&#8221;.<\/p>\n\n\n\n<p>En segundo, lugar, afirm\u00f3\u00a0 &#8220;es el tratar de poner a Torre\u00f3n, siempre en el primer plano nacional y eso tienen que ver con los que nos toca en este orden de gobierno; el Tribunal de Justicia Muncipal, que es \u00fanico\u00a0 en su tipo en el pa\u00eds&#8221;.<\/p>\n\n\n\n<p>&#8220;Eso tiene que ver con Torre\u00f3n, lo mas valioso\u00a0 de Torre\u00f3n es su gente y al margen\u00a0 de la profesional de \u00a0 que cada uno nos hayamos\u00a0 colocado, como es\u00a0 la abogac\u00eda,\u00a0 es importante dar muestra\u00a0 de que \u00a0 en Torre\u00f3n, sea ejemplo siempre\u00a0 la impartici\u00f3n de justicia\u00a0 siempre habr\u00e1 de ser un ejemplo\u00a0 de que aqu\u00ed, hacemos las cosas bien&#8221;.<\/p>\n\n\n\n<p>&#8220;Trabajamos \u00a0 de manera coordinada y aqui todo Torre\u00f3n nos ocupa y preocupa, en esta y la siguiente administraci\u00f3n, siempre habr\u00e1n de tener su casa&#8221;.<\/p>\n\n\n\n<p>Anunci\u00f3 que,\u00a0&#8220;a partir de esta semana entramos una reestructuraci\u00f3n \u00a0 con todo lo que tiene que ver con la\u00a0 administraci\u00f3n, que tendr\u00e1 que ver con su reglamentaci\u00f3n, con sus pol\u00edticas\u00a0 publicas que cambien y se acoplen  a las necesidades de lo que hoy\u00a0 se demanda&#8221;.\u00a0<\/p>\n","protected":false},"excerpt":{"rendered":"<p>Torre\u00f3n, Coahuila.- Miembros y dirigentes\u00a0 de las organizaciones\u00a0 que conforman\u00a0 el &#8220;Foro Lagunero&#8221;, fueron objeto esta ma\u00f1ana de\u00a0 un \u00e1gape, y la entrega de\u00a0 reconocimientos a elementos\u00a0 que se han distinguido en\u00a0 el ejercicio de su profesi\u00f3n, en el marco de la ya\u00a0 tradicional\u00a0 celebraci\u00f3n del Dia del Abogado que\u00a0 bajo la convocatoria de la Facultad de Derecho\u00a0 de la UAdeC,\u00a0 y en coordinaci\u00f3n con\u00a0 el ayuntamiento \u00a0 que encabeza\u00a0&#8230;<\/p>\n","protected":false},"author":2,"featured_media":0,"comment_status":"closed","ping_status":"","sticky":false,"template":"","format":"standard","meta":{"footnotes":""},"categories":[5,28,7],"tags":[],"class_list":["post-21503","post","type-post","status-publish","format-standard","hentry","category-coahuila","category-la-laguna","category-torreon","wpcat-5-id","wpcat-28-id","wpcat-7-id"],"_links":{"self":[{"href":"https:\/\/www.aquilaguna.com\/index.php\/wp-json\/wp\/v2\/posts\/21503","targetHints":{"allow":["GET"]}}],"collection":[{"href":"https:\/\/www.aquilaguna.com\/index.php\/wp-json\/wp\/v2\/posts"}],"about":[{"href":"https:\/\/www.aquilaguna.com\/index.php\/wp-json\/wp\/v2\/types\/post"}],"author":[{"embeddable":true,"href":"https:\/\/www.aquilaguna.com\/index.php\/wp-json\/wp\/v2\/users\/2"}],"replies":[{"embeddable":true,"href":"https:\/\/www.aquilaguna.com\/index.php\/wp-json\/wp\/v2\/comments?post=21503"}],"version-history":[{"count":1,"href":"https:\/\/www.aquilaguna.com\/index.php\/wp-json\/wp\/v2\/posts\/21503\/revisions"}],"predecessor-version":[{"id":21504,"href":"https:\/\/www.aquilaguna.com\/index.php\/wp-json\/wp\/v2\/posts\/21503\/revisions\/21504"}],"wp:attachment":[{"href":"https:\/\/www.aquilaguna.com\/index.php\/wp-json\/wp\/v2\/media?parent=21503"}],"wp:term":[{"taxonomy":"category","embeddable":true,"href":"https:\/\/www.aquilaguna.com\/index.php\/wp-json\/wp\/v2\/categories?post=21503"},{"taxonomy":"post_tag","embeddable":true,"href":"https:\/\/www.aquilaguna.com\/index.php\/wp-json\/wp\/v2\/tags?post=21503"}],"curies":[{"name":"wp","href":"https:\/\/api.w.org\/{rel}","templated":true}]}}