{"id":21615,"date":"2024-07-22T20:09:27","date_gmt":"2024-07-23T02:09:27","guid":{"rendered":"https:\/\/www.aquilaguna.com\/?p=21615"},"modified":"2024-07-22T20:09:27","modified_gmt":"2024-07-23T02:09:27","slug":"campana-ver-y-escuchar-de-dif-torreon-realiza-revisiones-preoperatorias-para-cirugias-de-cataratas","status":"publish","type":"post","link":"https:\/\/www.aquilaguna.com\/index.php\/2024\/07\/22\/campana-ver-y-escuchar-de-dif-torreon-realiza-revisiones-preoperatorias-para-cirugias-de-cataratas\/","title":{"rendered":"Campa\u00f1a \u201cVer y escuchar\u201d de DIF Torre\u00f3n, realiza revisiones preoperatorias para cirug\u00edas de cataratas."},"content":{"rendered":"\n<p>Torre\u00f3n, Coahuila. A 22 de julio de 2024.<\/p>\n\n\n\n<p>A trav\u00e9s de la campa\u00f1a \u201cVer y escuchar\u201d, el Sistema para el Desarrollo Integral de<br>la Familia (DIF), en colaboraci\u00f3n con la Asociaci\u00f3n Ale, llev\u00f3 a cabo 40 revisiones<br>preoperatorias para pacientes candidatos a recibir una cirug\u00eda de cataratas.<\/p>\n\n\n\n<p>Esta acci\u00f3n conjunta tiene como objetivo principal mejorar la calidad de vida de la<br>poblaci\u00f3n, especialmente de los adultos mayores, quienes son m\u00e1s propensos a<br>padecer esta enfermedad ocular.<\/p>\n\n\n\n<p>La directora general del organismo, Marlene Mart\u00ednez Vald\u00e9s, destac\u00f3 la<br>importancia de estos programas al se\u00f1alar que est\u00e1n enfocadas a todos los<br>sectores de la poblaci\u00f3n, sin embargo, dijo que se pone \u00e9nfasis especial en los<br>adultos mayores, ya que ellos representan un grupo de mayor riesgo que sufre de<br>cataratas.<\/p>\n\n\n\n<p>&#8220;Queremos garantizar que todos nuestros ciudadanos tengan acceso a una<br>atenci\u00f3n m\u00e9dica de calidad, y a los tratamientos necesarios para preservar su<br>visi\u00f3n&#8221;, afirm\u00f3 la funcionaria.<\/p>\n\n\n\n<p>La valoraci\u00f3n se llev\u00f3 a cabo en el Hospital General de Torre\u00f3n, este lunes a partir<br>de las 11:00 horas, donde se brindaron atenciones oftalmol\u00f3gicas a los candidatos<br>que previamente se registraron, y que cumplen con la sintomatolog\u00eda de cataratas.<\/p>\n\n\n\n<p>Mart\u00ednez Vald\u00e9s tambi\u00e9n destac\u00f3 la colaboraci\u00f3n con la Asociaci\u00f3n Ale, una<br>organizaci\u00f3n reconocida por su labor en el \u00e1mbito de la salud visual, ampliando<br>con ello el alcance de las campa\u00f1as del organismo, que permite beneficiar a m\u00e1s<br>personas.<\/p>\n\n\n\n<p>Indic\u00f3 que las acciones se realizan en conjunto con la Administraci\u00f3n Municipal<br>que encabeza el alcalde Rom\u00e1n Alberto Cepeda Gonz\u00e1lez,\u00a0con labores que<br>buscan impactar positivamente la vida de las personas y asegurar que todos<br>tengan acceso a una atenci\u00f3n m\u00e9dica integral de calidad.<\/p>\n","protected":false},"excerpt":{"rendered":"<p>Torre\u00f3n, Coahuila. A 22 de julio de 2024. A trav\u00e9s de la campa\u00f1a \u201cVer y escuchar\u201d, el Sistema para el Desarrollo Integral dela Familia (DIF), en colaboraci\u00f3n con la Asociaci\u00f3n Ale, llev\u00f3 a cabo 40 revisionespreoperatorias para pacientes candidatos a recibir una cirug\u00eda de cataratas. Esta acci\u00f3n conjunta tiene como objetivo principal mejorar la calidad de vida de lapoblaci\u00f3n, especialmente de los adultos mayores, quienes son m\u00e1s propensos apadecer esta&#8230;<\/p>\n","protected":false},"author":1,"featured_media":21616,"comment_status":"closed","ping_status":"closed","sticky":false,"template":"","format":"standard","meta":{"footnotes":""},"categories":[5,28,7],"tags":[],"class_list":["post-21615","post","type-post","status-publish","format-standard","has-post-thumbnail","hentry","category-coahuila","category-la-laguna","category-torreon","wpcat-5-id","wpcat-28-id","wpcat-7-id"],"_links":{"self":[{"href":"https:\/\/www.aquilaguna.com\/index.php\/wp-json\/wp\/v2\/posts\/21615","targetHints":{"allow":["GET"]}}],"collection":[{"href":"https:\/\/www.aquilaguna.com\/index.php\/wp-json\/wp\/v2\/posts"}],"about":[{"href":"https:\/\/www.aquilaguna.com\/index.php\/wp-json\/wp\/v2\/types\/post"}],"author":[{"embeddable":true,"href":"https:\/\/www.aquilaguna.com\/index.php\/wp-json\/wp\/v2\/users\/1"}],"replies":[{"embeddable":true,"href":"https:\/\/www.aquilaguna.com\/index.php\/wp-json\/wp\/v2\/comments?post=21615"}],"version-history":[{"count":1,"href":"https:\/\/www.aquilaguna.com\/index.php\/wp-json\/wp\/v2\/posts\/21615\/revisions"}],"predecessor-version":[{"id":21617,"href":"https:\/\/www.aquilaguna.com\/index.php\/wp-json\/wp\/v2\/posts\/21615\/revisions\/21617"}],"wp:featuredmedia":[{"embeddable":true,"href":"https:\/\/www.aquilaguna.com\/index.php\/wp-json\/wp\/v2\/media\/21616"}],"wp:attachment":[{"href":"https:\/\/www.aquilaguna.com\/index.php\/wp-json\/wp\/v2\/media?parent=21615"}],"wp:term":[{"taxonomy":"category","embeddable":true,"href":"https:\/\/www.aquilaguna.com\/index.php\/wp-json\/wp\/v2\/categories?post=21615"},{"taxonomy":"post_tag","embeddable":true,"href":"https:\/\/www.aquilaguna.com\/index.php\/wp-json\/wp\/v2\/tags?post=21615"}],"curies":[{"name":"wp","href":"https:\/\/api.w.org\/{rel}","templated":true}]}}