{"id":21622,"date":"2024-07-25T18:03:52","date_gmt":"2024-07-26T00:03:52","guid":{"rendered":"https:\/\/www.aquilaguna.com\/?p=21622"},"modified":"2024-07-25T18:03:53","modified_gmt":"2024-07-26T00:03:53","slug":"visita-la-exposicion-cascarones-de-candela-en-la-infoteca-leon-felipe-de-ciudad-universitaria","status":"publish","type":"post","link":"https:\/\/www.aquilaguna.com\/index.php\/2024\/07\/25\/visita-la-exposicion-cascarones-de-candela-en-la-infoteca-leon-felipe-de-ciudad-universitaria\/","title":{"rendered":"Visita la Exposici\u00f3n \u201cCascarones de Candela\u201d en la Infoteca \u201cLe\u00f3n Felipe\u201d de Ciudad Universitaria."},"content":{"rendered":"\n<p>TORRE\u00d3N, Coahuila. 24 de junio de 2024. La Universidad Aut\u00f3noma de<br>Coahuila, a trav\u00e9s de la Coordinaci\u00f3n General de Patrimonio Cultural, invita a la<br>comunidad universitaria de la Unidad Torre\u00f3n y al p\u00fablico en general a visitar y<br>apreciar la Exposici\u00f3n \u201cCascarones de Candela\u201d, en la Infoteca \u201cLe\u00f3n Felipe\u201d, la<br>cual permanecer\u00e1 abierta hasta el pr\u00f3ximo 6 de septiembre de 2024.<\/p>\n\n\n\n<p>Desde el pasado 3 de mayo, la Exposici\u00f3n \u201cCascarones de Candela\u201d lleg\u00f3 a la<br>Infoteca \u201cLe\u00f3n Felipe\u201d de Ciudad Universitaria Campus Torre\u00f3n, gracias a la suma<br>de esfuerzos de la Coordinaci\u00f3n General de Patrimonio Cultural de la UAdeC, la<br>Universidad Ju\u00e1rez del Estado de Durango (UJED), la Universidad Aut\u00f3noma de<br>La Laguna (UAL), la Coordinaci\u00f3n Unidad Torre\u00f3n y del arquitecto Nicol\u00e1s<br>Armando Nicol\u00e1s Moreno, docente de la Facultad de Ingenier\u00eda Civil de la UT.<\/p>\n\n\n\n<p>La Exposici\u00f3n Cascarones de Candela, surge luego de 30 a\u00f1os de investigaci\u00f3n<br>del doctor Juan Ignacio del Cueto, director de la Facultad de Arquitectura de la<br>Universidad Nacional Aut\u00f3noma de M\u00e9xico (UNAM), quien realiz\u00f3 su tesis doctoral<br>con el tema \u201cArquitectos del exilio espa\u00f1ol\u201d, uno de ellos el arquitecto F\u00e9lix<br>Candela, a quien entrevist\u00f3 para dar testimonio de su trayectoria y del trabajo que<br>realiz\u00f3.<\/p>\n\n\n\n<p>Lo que podr\u00e1n observar en esta exposici\u00f3n es una investigaci\u00f3n cient\u00edfica que se<br>traduce en un dispositivo de ense\u00f1anza, una exposici\u00f3n que ha estado<br>difundiendo la obra de F\u00e9lix Candela en diversas partes del mundo, y en M\u00e9xico<br>ha pasado por el Instituto Cultural Caba\u00f1as y el Palacio de Bellas Artes bajo la<br>direcci\u00f3n y tutela del Dr. del Cueto.<\/p>\n\n\n\n<p>F\u00e9lix Candela, naci\u00f3 en Madrid en enero de 1910, estudi\u00f3 en la Universidad<br>Polit\u00e9cnica de Madrid, la Real Academia de San Fernando, posteriormente radic\u00f3<br>en M\u00e9xico donde desarroll\u00f3 una gran obra en colaboraci\u00f3n con distintos<br>arquitectos mexicanos.<\/p>\n\n\n\n<p>Aplic\u00f3 las matem\u00e1ticas para elaborar por medio de la forma de cascarones,<br>membranas muy delgadas construidas a base de concreto armado, que resisten a<br>pesar de aplicar presi\u00f3n y no se desmoronan; su arquitectura innovadora lleva a<br>un recorrido por tipos de cubiertas, por arquitectura religiosa, y que concluye con<br>el \u201cPalacio de los Deportes\u201d de 1968.<\/p>\n","protected":false},"excerpt":{"rendered":"<p>TORRE\u00d3N, Coahuila. 24 de junio de 2024. La Universidad Aut\u00f3noma deCoahuila, a trav\u00e9s de la Coordinaci\u00f3n General de Patrimonio Cultural, invita a lacomunidad universitaria de la Unidad Torre\u00f3n y al p\u00fablico en general a visitar yapreciar la Exposici\u00f3n \u201cCascarones de Candela\u201d, en la Infoteca \u201cLe\u00f3n Felipe\u201d, lacual permanecer\u00e1 abierta hasta el pr\u00f3ximo 6 de septiembre de 2024. Desde el pasado 3 de mayo, la Exposici\u00f3n \u201cCascarones de Candela\u201d lleg\u00f3 a&#8230;<\/p>\n","protected":false},"author":1,"featured_media":21623,"comment_status":"closed","ping_status":"closed","sticky":false,"template":"","format":"standard","meta":{"footnotes":""},"categories":[7,2],"tags":[],"class_list":["post-21622","post","type-post","status-publish","format-standard","has-post-thumbnail","hentry","category-torreon","category-uadec","wpcat-7-id","wpcat-2-id"],"_links":{"self":[{"href":"https:\/\/www.aquilaguna.com\/index.php\/wp-json\/wp\/v2\/posts\/21622","targetHints":{"allow":["GET"]}}],"collection":[{"href":"https:\/\/www.aquilaguna.com\/index.php\/wp-json\/wp\/v2\/posts"}],"about":[{"href":"https:\/\/www.aquilaguna.com\/index.php\/wp-json\/wp\/v2\/types\/post"}],"author":[{"embeddable":true,"href":"https:\/\/www.aquilaguna.com\/index.php\/wp-json\/wp\/v2\/users\/1"}],"replies":[{"embeddable":true,"href":"https:\/\/www.aquilaguna.com\/index.php\/wp-json\/wp\/v2\/comments?post=21622"}],"version-history":[{"count":1,"href":"https:\/\/www.aquilaguna.com\/index.php\/wp-json\/wp\/v2\/posts\/21622\/revisions"}],"predecessor-version":[{"id":21624,"href":"https:\/\/www.aquilaguna.com\/index.php\/wp-json\/wp\/v2\/posts\/21622\/revisions\/21624"}],"wp:featuredmedia":[{"embeddable":true,"href":"https:\/\/www.aquilaguna.com\/index.php\/wp-json\/wp\/v2\/media\/21623"}],"wp:attachment":[{"href":"https:\/\/www.aquilaguna.com\/index.php\/wp-json\/wp\/v2\/media?parent=21622"}],"wp:term":[{"taxonomy":"category","embeddable":true,"href":"https:\/\/www.aquilaguna.com\/index.php\/wp-json\/wp\/v2\/categories?post=21622"},{"taxonomy":"post_tag","embeddable":true,"href":"https:\/\/www.aquilaguna.com\/index.php\/wp-json\/wp\/v2\/tags?post=21622"}],"curies":[{"name":"wp","href":"https:\/\/api.w.org\/{rel}","templated":true}]}}