{"id":21628,"date":"2024-07-25T18:08:42","date_gmt":"2024-07-26T00:08:42","guid":{"rendered":"https:\/\/www.aquilaguna.com\/?p=21628"},"modified":"2024-07-25T18:08:43","modified_gmt":"2024-07-26T00:08:43","slug":"ante-ligeras-lluvias-en-la-ciudad-no-se-reportan-incidentes-dependencias-vigilan-colonias-y-vialidades","status":"publish","type":"post","link":"https:\/\/www.aquilaguna.com\/index.php\/2024\/07\/25\/ante-ligeras-lluvias-en-la-ciudad-no-se-reportan-incidentes-dependencias-vigilan-colonias-y-vialidades\/","title":{"rendered":"Ante ligeras lluvias en la ciudad no se reportan incidentes, dependencias vigilan colonias y vialidades."},"content":{"rendered":"\n<p>Torre\u00f3n, Coahuila. A 24 de julio de 2024.<\/p>\n\n\n\n<p>Debido a que se presentan ligeras precipitaciones en gran parte de la ciudad, las<br>dependencias municipales que integran el Plan de Atenci\u00f3n a Lluvias est\u00e1n al<br>pendiente mediante recorridos por sectores y vialidades a fin de ocuparse de<br>cualquier situaci\u00f3n que se presente.<\/p>\n\n\n\n<p>Jorge Luis Ju\u00e1rez Llanas, director de Protecci\u00f3n Civil y Bomberos, indic\u00f3 que<br>alrededor de las 05:00 horas empez\u00f3 a registrarse lluvia de intensidad ligera en<br>algunos sectores de Torre\u00f3n, y ante el pron\u00f3stico de que contin\u00fae durante el d\u00eda<br>de hoy, el personal municipal inici\u00f3 los recorridos por la ciudad.<\/p>\n\n\n\n<p>Dijo que en las primeras horas de precipitaci\u00f3n, solo se han presentado leves<br>encharcamientos, y destac\u00f3 el trabajo permanente que se realiza conforme el Plan<br>Municipal de Atenci\u00f3n a lluvias antes, durante y posterior a las mismas.<\/p>\n\n\n\n<p>\u201cEstamos atentos todas las dependencias, a pesar de que se presentan lluvias<br>ligeras, la indicaci\u00f3n del alcalde Rom\u00e1n Alberto Cepeda Gonz\u00e1lez es que<br>recorramos las calles, que se atienda desde la prevenci\u00f3n como se ha hecho<br>desde inicio de la Administraci\u00f3n, lo que nos ha permitido disminuir notablemente<br>el tiempo de respuesta en zonas anegadas\u201d, coment\u00f3 el titular.<\/p>\n\n\n\n<p>De igual forma, Ju\u00e1rez Llanas recomend\u00f3 a la ciudadan\u00eda conducir con mayor<br>precauci\u00f3n, guardar suficiente distancia con los otros veh\u00edculos, evitar los charcos<br>y ser conscientes del peat\u00f3n.<\/p>\n\n\n\n<p>Las Direcciones de Tr\u00e1nsito y Vialidad, y Seguridad P\u00fablica se encuentran<br>tambi\u00e9n en recorridos por la ciudad para atender el tr\u00e1fico y brindar apoyo a la<br>ciudadan\u00eda.<\/p>\n\n\n\n<p>El Sistema Municipal de Aguas y Saneamiento (SIMAS) Torre\u00f3n, Servicios<br>P\u00fablicos, Obras P\u00fablicas, el Sistema Municipal de Mantenimiento Vial (SIMV),<br>tambi\u00e9n est\u00e1n pendientes de las acciones que se requieran.<\/p>\n\n\n\n<p>El tel\u00e9fono de contacto de la Direcci\u00f3n de Protecci\u00f3n Civil, para atender<br>emergencias es el 871 7120066.<\/p>\n","protected":false},"excerpt":{"rendered":"<p>Torre\u00f3n, Coahuila. A 24 de julio de 2024. Debido a que se presentan ligeras precipitaciones en gran parte de la ciudad, lasdependencias municipales que integran el Plan de Atenci\u00f3n a Lluvias est\u00e1n alpendiente mediante recorridos por sectores y vialidades a fin de ocuparse decualquier situaci\u00f3n que se presente. Jorge Luis Ju\u00e1rez Llanas, director de Protecci\u00f3n Civil y Bomberos, indic\u00f3 quealrededor de las 05:00 horas empez\u00f3 a registrarse lluvia de intensidad&#8230;<\/p>\n","protected":false},"author":1,"featured_media":21629,"comment_status":"closed","ping_status":"closed","sticky":false,"template":"","format":"standard","meta":{"footnotes":""},"categories":[5,28,7],"tags":[],"class_list":["post-21628","post","type-post","status-publish","format-standard","has-post-thumbnail","hentry","category-coahuila","category-la-laguna","category-torreon","wpcat-5-id","wpcat-28-id","wpcat-7-id"],"_links":{"self":[{"href":"https:\/\/www.aquilaguna.com\/index.php\/wp-json\/wp\/v2\/posts\/21628","targetHints":{"allow":["GET"]}}],"collection":[{"href":"https:\/\/www.aquilaguna.com\/index.php\/wp-json\/wp\/v2\/posts"}],"about":[{"href":"https:\/\/www.aquilaguna.com\/index.php\/wp-json\/wp\/v2\/types\/post"}],"author":[{"embeddable":true,"href":"https:\/\/www.aquilaguna.com\/index.php\/wp-json\/wp\/v2\/users\/1"}],"replies":[{"embeddable":true,"href":"https:\/\/www.aquilaguna.com\/index.php\/wp-json\/wp\/v2\/comments?post=21628"}],"version-history":[{"count":1,"href":"https:\/\/www.aquilaguna.com\/index.php\/wp-json\/wp\/v2\/posts\/21628\/revisions"}],"predecessor-version":[{"id":21630,"href":"https:\/\/www.aquilaguna.com\/index.php\/wp-json\/wp\/v2\/posts\/21628\/revisions\/21630"}],"wp:featuredmedia":[{"embeddable":true,"href":"https:\/\/www.aquilaguna.com\/index.php\/wp-json\/wp\/v2\/media\/21629"}],"wp:attachment":[{"href":"https:\/\/www.aquilaguna.com\/index.php\/wp-json\/wp\/v2\/media?parent=21628"}],"wp:term":[{"taxonomy":"category","embeddable":true,"href":"https:\/\/www.aquilaguna.com\/index.php\/wp-json\/wp\/v2\/categories?post=21628"},{"taxonomy":"post_tag","embeddable":true,"href":"https:\/\/www.aquilaguna.com\/index.php\/wp-json\/wp\/v2\/tags?post=21628"}],"curies":[{"name":"wp","href":"https:\/\/api.w.org\/{rel}","templated":true}]}}