{"id":21760,"date":"2024-08-06T22:35:12","date_gmt":"2024-08-07T04:35:12","guid":{"rendered":"https:\/\/www.aquilaguna.com\/?p=21760"},"modified":"2024-08-06T22:35:13","modified_gmt":"2024-08-07T04:35:13","slug":"mas-de-4-mil-motociclistas-se-han-capacitado-en-manejo-defensivo-y-preventivo-se-duplica-numero-de-sesiones-por-semana","status":"publish","type":"post","link":"https:\/\/www.aquilaguna.com\/index.php\/2024\/08\/06\/mas-de-4-mil-motociclistas-se-han-capacitado-en-manejo-defensivo-y-preventivo-se-duplica-numero-de-sesiones-por-semana\/","title":{"rendered":"M\u00e1s de 4 mil motociclistas se han capacitado en manejo defensivo y preventivo; se duplica n\u00famero de sesiones por semana."},"content":{"rendered":"\n<p>Torre\u00f3n, Coahuila. A 06 de agosto de 2024.<\/p>\n\n\n\n<p>En lo que va de la Administraci\u00f3n ya son m\u00e1s de 4 mil motociclistas capacitados y<br>certificados por parte de la Direcci\u00f3n General de Vialidad y Movilidad Urbana, y el<br>Instituto de Capacitaci\u00f3n para el Trabajo del Estado de Coahuila (ICATEC).<\/p>\n\n\n\n<p>Luis Alberto Morales Cort\u00e9s, director de la dependencia, indic\u00f3 que esta semana<br>se van a superar los mil 934 conductores de motocicleta que se registraron en<br>todo el a\u00f1o pasado, por lo que se estima que al t\u00e9rmino de la actual<br>Administraci\u00f3n se puedan superar los 5 mil conductores capacitados y certificados<br>en el manejo preventivo y defensivo.<\/p>\n\n\n\n<p>En ese sentido, dijo que dentro de las acciones dirigidas a la prevenci\u00f3n de<br>accidentes, desde el mes de junio pasado se increment\u00f3 de dos cursos de<br>capacitaci\u00f3n por semana a cuatro en el mismo periodo de tiempo.<\/p>\n\n\n\n<p>\u201cEsta \u00faltima semana se impartieron cinco cursos, al abrirse una sesi\u00f3n especial en<br>domingo para los integrantes de cuatro Moto Clubs como Camellos MC, Elegidos<br>de la comarca MC, Rebels MC y Black Side MC, que entendemos que por<br>actividades no pueden acudir entre semana, pero tienen la voluntad\u201d, coment\u00f3 el<br>director.<\/p>\n\n\n\n<p>Morales Cort\u00e9s indic\u00f3 que la estrategia implementada por el Municipio a trav\u00e9s de<br>la dependencia, con el programa \u201cSin casco no viajas\u201d, y la capacitaci\u00f3n a<br>conductores de este tipo de veh\u00edculos, ha favorecido a la baja en accidentes<br>fatales.<\/p>\n\n\n\n<p>\u201cAl primer semestre de 2024, se logr\u00f3 una disminuci\u00f3n del 60 por ciento en el<br>n\u00famero de motociclistas que perdieron la vida en Torre\u00f3n, al contabilizarse 13<br>casos el a\u00f1o pasado contra cinco casos de enero a junio del presente a\u00f1o\u201d,<br>precis\u00f3.<\/p>\n\n\n\n<p>Sin embargo, debido a que en el mes de julio se registraron dos defunciones que<br>involucran a motociclistas, en consecuencia se incrementaron los operativos en<br>las colonias del sur y oriente de la ciudad, al detectar que en dichas zonas los<br>conductores acostumbran trasladarse sin casco.<\/p>\n\n\n\n<p>\u201cSin casco, no viajas\u201d, es el operativo que surge a iniciativa del Consejo consultivo<br>de Vialidad y permite detectar a motociclistas sin casco de seguridad para quien<br>conduce o su acompa\u00f1ante, y que son requeridos para tomar los cursos de<br>capacitaci\u00f3n.<\/p>\n\n\n\n<p>En los operativos se detecta que el 30 por ciento de los motociclistas no trae<br>casco de seguridad y el 28 por ciento lo porta de forma incorrecta.<\/p>\n\n\n\n<p>\u201cDesde que inici\u00f3 la Administraci\u00f3n del alcalde Rom\u00e1n Alberto Cepeda Gonz\u00e1lez,<br>indic\u00f3 que se diera especial atenci\u00f3n al tema de los motociclistas, por lo que se<br>plante\u00f3 este modelo en cuanto a operativos y capacitaciones que ya ha sido<br>compartido con el Mando Especial de La Laguna\u201d, explic\u00f3 el funcionario.<\/p>\n\n\n\n<p>Al t\u00e9rmino de la actual Administraci\u00f3n, el Alcalde habr\u00e1 obsequiado mil cascos<br>sorteados entre todos los motociclistas que acuden a la capacitaci\u00f3n y aprenden<br>las t\u00e9cnicas de manejo que les ayudan a salvar su vida.<\/p>\n","protected":false},"excerpt":{"rendered":"<p>Torre\u00f3n, Coahuila. A 06 de agosto de 2024. En lo que va de la Administraci\u00f3n ya son m\u00e1s de 4 mil motociclistas capacitados ycertificados por parte de la Direcci\u00f3n General de Vialidad y Movilidad Urbana, y elInstituto de Capacitaci\u00f3n para el Trabajo del Estado de Coahuila (ICATEC). Luis Alberto Morales Cort\u00e9s, director de la dependencia, indic\u00f3 que esta semanase van a superar los mil 934 conductores de motocicleta que se&#8230;<\/p>\n","protected":false},"author":1,"featured_media":21761,"comment_status":"closed","ping_status":"closed","sticky":false,"template":"","format":"standard","meta":{"footnotes":""},"categories":[5,28,7],"tags":[],"class_list":["post-21760","post","type-post","status-publish","format-standard","has-post-thumbnail","hentry","category-coahuila","category-la-laguna","category-torreon","wpcat-5-id","wpcat-28-id","wpcat-7-id"],"_links":{"self":[{"href":"https:\/\/www.aquilaguna.com\/index.php\/wp-json\/wp\/v2\/posts\/21760","targetHints":{"allow":["GET"]}}],"collection":[{"href":"https:\/\/www.aquilaguna.com\/index.php\/wp-json\/wp\/v2\/posts"}],"about":[{"href":"https:\/\/www.aquilaguna.com\/index.php\/wp-json\/wp\/v2\/types\/post"}],"author":[{"embeddable":true,"href":"https:\/\/www.aquilaguna.com\/index.php\/wp-json\/wp\/v2\/users\/1"}],"replies":[{"embeddable":true,"href":"https:\/\/www.aquilaguna.com\/index.php\/wp-json\/wp\/v2\/comments?post=21760"}],"version-history":[{"count":1,"href":"https:\/\/www.aquilaguna.com\/index.php\/wp-json\/wp\/v2\/posts\/21760\/revisions"}],"predecessor-version":[{"id":21762,"href":"https:\/\/www.aquilaguna.com\/index.php\/wp-json\/wp\/v2\/posts\/21760\/revisions\/21762"}],"wp:featuredmedia":[{"embeddable":true,"href":"https:\/\/www.aquilaguna.com\/index.php\/wp-json\/wp\/v2\/media\/21761"}],"wp:attachment":[{"href":"https:\/\/www.aquilaguna.com\/index.php\/wp-json\/wp\/v2\/media?parent=21760"}],"wp:term":[{"taxonomy":"category","embeddable":true,"href":"https:\/\/www.aquilaguna.com\/index.php\/wp-json\/wp\/v2\/categories?post=21760"},{"taxonomy":"post_tag","embeddable":true,"href":"https:\/\/www.aquilaguna.com\/index.php\/wp-json\/wp\/v2\/tags?post=21760"}],"curies":[{"name":"wp","href":"https:\/\/api.w.org\/{rel}","templated":true}]}}