{"id":21772,"date":"2024-08-06T22:40:54","date_gmt":"2024-08-07T04:40:54","guid":{"rendered":"https:\/\/www.aquilaguna.com\/?p=21772"},"modified":"2024-08-06T22:40:54","modified_gmt":"2024-08-07T04:40:54","slug":"se-reunen-sheinbaum-y-manolo-para-trabajar-en-equipo-por-coahuila","status":"publish","type":"post","link":"https:\/\/www.aquilaguna.com\/index.php\/2024\/08\/06\/se-reunen-sheinbaum-y-manolo-para-trabajar-en-equipo-por-coahuila\/","title":{"rendered":"SE RE\u00daNEN SHEINBAUM Y MANOLO PARA TRABAJAR EN EQUIPO POR COAHUILA."},"content":{"rendered":"\n<p>Ciudad de M\u00e9xico; a 6 de agosto de 2024.- El gobernador Manolo Jim\u00e9nez Salinas, junto a gobernadores y gobernadoras del pa\u00eds, tuvo una productiva reuni\u00f3n de trabajo con la Presidenta Electa de M\u00e9xico, Claudia Sheinbaum Pardo, en la que revisaron y acordaron trabajar en los proyectos prioritarios para cada entidad.<\/p>\n\n\n\n<p>Manolo Jim\u00e9nez agradeci\u00f3 la apertura y disposici\u00f3n de la presidenta electa Claudia Sheinbaum, y mencion\u00f3 que gracias al trabajo en equipo entre los tres \u00f3rdenes de gobierno se obtienen mejores resultados.<\/p>\n\n\n\n<p>\u201cJunto con un grupo de amigas y amigos gobernadores tuvimos una muy productiva reuni\u00f3n con la Presidenta Electa de M\u00e9xico, Claudia Sheinbaum y su gabinete, con quienes acordamos ir planeando los grandes proyectos de infraestructura, agua, educaci\u00f3n, salud y seguridad para nuestros Estados. Cuando se trabaja en equipo entre los municipios, el estado y la federaci\u00f3n siempre se logran mejores resultados. Muchas gracias por todo su apoyo estimada Presidenta\u201d, expres\u00f3 el mandatario coahuilense.<\/p>\n\n\n\n<p>Manolo Jim\u00e9nez inform\u00f3 que en esta reuni\u00f3n de trabajo expuso a la Presidenta y a su Gabinete los proyectos prioritarios para su Administraci\u00f3n, como son, en el tema del Agua:<\/p>\n\n\n\n<p>&#8211;&nbsp;&nbsp;&nbsp;&nbsp;&nbsp;&nbsp;&nbsp;Conclusi\u00f3n del Proyecto Agua Saludable para La Laguna, para llevar el agua a los municipios que faltan de Coahuila.<\/p>\n\n\n\n<p>&#8211;&nbsp;&nbsp;&nbsp;&nbsp;&nbsp;&nbsp;&nbsp;Plan integral de gesti\u00f3n del agua y la modernizaci\u00f3n de la red de distribuci\u00f3n de agua en todas las regiones de Coahuila.<\/p>\n\n\n\n<p>&#8211;&nbsp;&nbsp;&nbsp;&nbsp;&nbsp;&nbsp;&nbsp;Canalizaci\u00f3n del Arroyo del Cuatro, en Saltillo.<\/p>\n\n\n\n<p>&#8211;&nbsp;&nbsp;&nbsp;&nbsp;&nbsp;&nbsp;&nbsp;Plan integral pluvial para Torre\u00f3n.<\/p>\n\n\n\n<p>En el tema de Infraestructura, los proyectos que present\u00f3 Manolo Jim\u00e9nez fueron:<\/p>\n\n\n\n<p>&#8211;&nbsp;&nbsp;&nbsp;&nbsp;&nbsp;&nbsp;&nbsp;La modernizaci\u00f3n de la carretera 57, de Saltillo a Piedras Negras y Acu\u00f1a, as\u00ed como el tramo \u201cLos Chorros\u201d.<\/p>\n\n\n\n<p>&#8211;&nbsp;&nbsp;&nbsp;&nbsp;&nbsp;&nbsp;&nbsp;Los libramientos faltantes para completar el Ports to Plains.<\/p>\n\n\n\n<p>&#8211;&nbsp;&nbsp;&nbsp;&nbsp;&nbsp;&nbsp;&nbsp;Una estaci\u00f3n en Saltillo para el proyecto del tren de pasajeros que ir\u00e1 de la Ciudad de M\u00e9xico a Nuevo Laredo, y que pasar\u00e1 por la capital de Coahuila.<\/p>\n\n\n\n<p>&#8211;&nbsp;&nbsp;&nbsp;&nbsp;&nbsp;&nbsp;&nbsp;Puentes fronterizos de Acu\u00f1a y Piedras Negras.<\/p>\n\n\n\n<p>&#8211;&nbsp;&nbsp;&nbsp;&nbsp;&nbsp;&nbsp;&nbsp;Metrobus Laguna.<\/p>\n\n\n\n<p>En el tema de Salud:<\/p>\n\n\n\n<p>&#8211;&nbsp;&nbsp;&nbsp;&nbsp;&nbsp;&nbsp;&nbsp;&nbsp;Modernizar y rehabilitar los hospitales del IMSS y del ISSSTE, para dar una mejor atenci\u00f3n m\u00e9dica a los coahuilenses.<\/p>\n\n\n\n<p>&#8211;&nbsp;&nbsp;&nbsp;&nbsp;&nbsp;&nbsp;&nbsp;&nbsp;Proyecto estatal de salud, para atender a la poblaci\u00f3n sin seguridad social.<\/p>\n\n\n\n<p>En el tema de seguridad:<\/p>\n\n\n\n<p>&#8211;&nbsp;&nbsp;&nbsp;&nbsp;&nbsp;&nbsp;&nbsp;&nbsp;Base A\u00e9rea Militar en Piedras Negras.<\/p>\n\n\n\n<p>&#8211;&nbsp;&nbsp;&nbsp;&nbsp;&nbsp;&nbsp;&nbsp;&nbsp;Patrullas y veh\u00edculos t\u00e1cticos.<\/p>\n\n\n\n<p>&#8211;&nbsp;&nbsp;&nbsp;&nbsp;&nbsp;&nbsp;&nbsp;&nbsp;Proyecto de radio comunicaci\u00f3n.<\/p>\n\n\n\n<p>&#8211;&nbsp;&nbsp;&nbsp;&nbsp;&nbsp;&nbsp;&nbsp;&nbsp;Mando Especial del Noreste (Tamaulipas, Nuevo Le\u00f3n, Coahuila)<\/p>\n\n\n\n<p>&#8211;&nbsp;&nbsp;&nbsp;&nbsp;&nbsp;&nbsp;&nbsp;&nbsp;Gran proyecto de seguridad Estado y Federaci\u00f3n.<\/p>\n\n\n\n<p>Adem\u00e1s, plante\u00f3 la inversi\u00f3n que se requiere en infraestructura en educaci\u00f3n para Coahuila, as\u00ed como el apoyo de la Presidenta electa para elevar el status zoosanitario del ganado de Coahuila.<\/p>\n\n\n\n<p>As\u00edmismo se toc\u00f3 el tema de Ahmsa, para buscar una soluci\u00f3n en beneficio de los trabajadores y sus familias, adem\u00e1s del tema de energ\u00eda para que el estado no se vea afectado con los cortes.<\/p>\n\n\n\n<p>\u201cEstaremos trabajando de manera coordinada con la presidenta y con su gabinete para mejorar la calidad de vida de las y los coahuilenses, y llevar al estado al siguiente nivel\u201d, expres\u00f3 el Gobernador de Coahuila.<\/p>\n\n\n\n<p>Adem\u00e1s del gobernador de Coahuila, en esta mesa de trabajo participaron las y los gobernadores Mar\u00eda Teresa Jim\u00e9nez Esquivel, de Aguascalientes; Esteban Villegas Villarreal, de Durango; Samuel Garc\u00eda Sep\u00falveda, de Nuevo Le\u00f3n; Jos\u00e9 Ricardo Gallardo Cardona, de San Luis Potos\u00ed; Am\u00e9rico Villarreal Anaya, de Tamaulipas; Roc\u00edo Nahle Garc\u00eda, gobernadora electa de Veracruz; y David Monreal \u00c1vila, de Zacatecas.<\/p>\n\n\n\n<p>Tambi\u00e9n participaron miembros del Gabinete de la presidente electa, quienes ser\u00e1n las y los titulares de las \u00e1reas de Gobernaci\u00f3n, Turismo, Relaciones Exteriores, Comunicaciones y Transporte, del Instituto Mexicano del Seguro Social, Energ\u00eda, Salud y Educaci\u00f3n.<\/p>\n\n\n\n<p>Sheinbaum Pardo coment\u00f3 que est\u00e1n trabajando en los temas prioritarios para cada uno de los Estados y para la Federaci\u00f3n, principalmente lo que tiene qu\u00e9 ver con infraestructura.<\/p>\n\n\n\n<p>\u201cHemos dado como prioridad la infraestructura en agua potable; cada uno de los estados tiene proyectos muy definidos que vamos a trabajar; y el segundo es el tema de carreteras\u201d, inform\u00f3. Agreg\u00f3 que, vinculado con el tema del agua, se atender\u00e1n los proyectos que tienen que ver con riego agr\u00edcola.<\/p>\n\n\n\n<p>Coment\u00f3 que el 1 de octubre, que es el d\u00eda en que toma posesi\u00f3n como Presidenta de la Rep\u00fablica, podr\u00e1 plantear los 100 puntos de manera clara y ya trabajados con los gobernadores, y seguir\u00e1 definiendo y trabajando de manera coordinada e institucional, independientemente del partido pol\u00edtico al que pertenezcan.<\/p>\n\n\n\n<p>\u201cFue una reuni\u00f3n muy cordial y muy importante porque nos da una idea clara de cuales son las prioridades para cada estado\u201d,&nbsp;se\u00f1al\u00f3.<\/p>\n","protected":false},"excerpt":{"rendered":"<p>Ciudad de M\u00e9xico; a 6 de agosto de 2024.- El gobernador Manolo Jim\u00e9nez Salinas, junto a gobernadores y gobernadoras del pa\u00eds, tuvo una productiva reuni\u00f3n de trabajo con la Presidenta Electa de M\u00e9xico, Claudia Sheinbaum Pardo, en la que revisaron y acordaron trabajar en los proyectos prioritarios para cada entidad. Manolo Jim\u00e9nez agradeci\u00f3 la apertura y disposici\u00f3n de la presidenta electa Claudia Sheinbaum, y mencion\u00f3 que gracias al trabajo en&#8230;<\/p>\n","protected":false},"author":1,"featured_media":21773,"comment_status":"closed","ping_status":"closed","sticky":false,"template":"","format":"standard","meta":{"footnotes":""},"categories":[5,15],"tags":[],"class_list":["post-21772","post","type-post","status-publish","format-standard","has-post-thumbnail","hentry","category-coahuila","category-gobierno-de-coahuila","wpcat-5-id","wpcat-15-id"],"_links":{"self":[{"href":"https:\/\/www.aquilaguna.com\/index.php\/wp-json\/wp\/v2\/posts\/21772","targetHints":{"allow":["GET"]}}],"collection":[{"href":"https:\/\/www.aquilaguna.com\/index.php\/wp-json\/wp\/v2\/posts"}],"about":[{"href":"https:\/\/www.aquilaguna.com\/index.php\/wp-json\/wp\/v2\/types\/post"}],"author":[{"embeddable":true,"href":"https:\/\/www.aquilaguna.com\/index.php\/wp-json\/wp\/v2\/users\/1"}],"replies":[{"embeddable":true,"href":"https:\/\/www.aquilaguna.com\/index.php\/wp-json\/wp\/v2\/comments?post=21772"}],"version-history":[{"count":1,"href":"https:\/\/www.aquilaguna.com\/index.php\/wp-json\/wp\/v2\/posts\/21772\/revisions"}],"predecessor-version":[{"id":21774,"href":"https:\/\/www.aquilaguna.com\/index.php\/wp-json\/wp\/v2\/posts\/21772\/revisions\/21774"}],"wp:featuredmedia":[{"embeddable":true,"href":"https:\/\/www.aquilaguna.com\/index.php\/wp-json\/wp\/v2\/media\/21773"}],"wp:attachment":[{"href":"https:\/\/www.aquilaguna.com\/index.php\/wp-json\/wp\/v2\/media?parent=21772"}],"wp:term":[{"taxonomy":"category","embeddable":true,"href":"https:\/\/www.aquilaguna.com\/index.php\/wp-json\/wp\/v2\/categories?post=21772"},{"taxonomy":"post_tag","embeddable":true,"href":"https:\/\/www.aquilaguna.com\/index.php\/wp-json\/wp\/v2\/tags?post=21772"}],"curies":[{"name":"wp","href":"https:\/\/api.w.org\/{rel}","templated":true}]}}