{"id":21815,"date":"2024-08-09T19:40:23","date_gmt":"2024-08-10T01:40:23","guid":{"rendered":"https:\/\/www.aquilaguna.com\/?p=21815"},"modified":"2024-08-09T19:40:23","modified_gmt":"2024-08-10T01:40:23","slug":"roman-alberto-cepeda-gonzalez-solicita-coordinacion-entre-las-dependencias-para-garantizar-la-seguridad-y-movilidad-en-la-feria-de-torreon","status":"publish","type":"post","link":"https:\/\/www.aquilaguna.com\/index.php\/2024\/08\/09\/roman-alberto-cepeda-gonzalez-solicita-coordinacion-entre-las-dependencias-para-garantizar-la-seguridad-y-movilidad-en-la-feria-de-torreon\/","title":{"rendered":"Rom\u00e1n Alberto Cepeda Gonz\u00e1lez solicita coordinaci\u00f3n entre las dependencias para garantizar la seguridad y movilidad en la Feria de Torre\u00f3n."},"content":{"rendered":"\n<p>Torre\u00f3n, Coahuila. A 09 de agosto de 2024.<\/p>\n\n\n\n<p>Durante la trig\u00e9sima primera reuni\u00f3n semanal de seguridad, el alcalde Rom\u00e1n<br>Alberto Cepeda Gonz\u00e1lez instruy\u00f3 a las dependencias coordinarse en la log\u00edstica<br>en torno a las medidas de protecci\u00f3n, orden y vialidad que se implementar\u00e1n en la<br>Feria de Torre\u00f3n.<br>\u00a0<br>Adem\u00e1s, se revisaron los avances de trabajo del Comit\u00e9 de Eventos, que se<br>conform\u00f3 recientemente por indicaci\u00f3n del edil.<br>\u00a0<br>El Presidente Municipal solicit\u00f3 que se establezcan las l\u00edneas de acci\u00f3n en materia<br>de vialidad, para lograr una mayor fluidez de tr\u00e1fico en el perif\u00e9rico hacia la<br>entrada a la Feria de Torre\u00f3n, con la propuesta de rutas alternas para los accesos,<br>en coordinaci\u00f3n tambi\u00e9n con la Direcci\u00f3n de Obras P\u00fablicas para el intercambio<br>de informaci\u00f3n por los trabajos del Giro Independencia.<br>\u00a0<br>En cuanto al Comit\u00e9 de Eventos presidido por la Secretar\u00eda del Ayuntamiento, e<br>integrado por la Sindicatura de Mayor\u00eda y directores de diferentes dependencias<br>en materia de seguridad, protecci\u00f3n civil e inspecci\u00f3n y verificaci\u00f3n, as\u00ed como<br>tambi\u00e9n de cultura y deporte, entre otras, se inform\u00f3 que se realiz\u00f3 una segunda<br>reuni\u00f3n de trabajo.<br>\u00a0<br>Se dio a conocer que se extendi\u00f3 la invitaci\u00f3n a participar en dicho comit\u00e9, al<br>Gobierno del Estado a trav\u00e9s de la oficina de Recaudaci\u00f3n de Rentas y Seguridad.<br>\u00a0<br>Los integrantes del Comit\u00e9 ya revisan las solicitudes de permisos para eventos en<br>ejidos como en otros sectores, los cuales se otorgan bajo cumplimiento de las<br>medidas de seguridad, vialidad, protecci\u00f3n civil, sanitarias, y con el control de los<br>aforos.<br>\u00a0<br>Cepeda Gonz\u00e1lez record\u00f3 que el objetivo del Comit\u00e9 es verificar que eventos<br>festivos, deportivos, festejos ejidales y los que habr\u00e1 por el aniversario 117 de<br>Torre\u00f3n, cumplan con las medidas de seguridad para salvaguardar la integridad<br>de los ciudadanos.<br>\u00a0<br>Referente al \u00edndice semanal de incidencia delictiva, el comisario C\u00e9sar Antonio<br>Perales Esparza, director de la Polic\u00eda Municipal, inform\u00f3 que en la semana del 31<br>de julio al 6 de agosto de 2024, disminuy\u00f3 el \u00edndice delictivo en el rubro de robo a<br>veh\u00edculo sin violencia, con dos eventos; as\u00ed como el robo a veh\u00edculo con violencia,<br>con cero eventos; adem\u00e1s del robo a persona con violencia, con un evento.<\/p>\n\n\n\n<p>&nbsp;<br>La Polic\u00eda Municipal efectu\u00f3 64 detenciones que fueron remitidas al Ministerio<br>P\u00fablico y 60 al Juez Calificador.<br>&nbsp;<br>El Grupo de Reacci\u00f3n Torre\u00f3n realiz\u00f3 18 detenciones, relacionadas con la<br>posesi\u00f3n de narc\u00f3ticos.<br>&nbsp;<br>Luis Alberto Morales Cort\u00e9s, director de Vialidad y Movilidad Urbana, inform\u00f3 que<br>durante esta semana, continu\u00f3 la capacitaci\u00f3n a empresas, en materia de<br>prevenci\u00f3n de accidentes viales provocados por el consumo de alcohol, para<br>personal de FAZA y de CFE en la sucursal Centro.<br>&nbsp;<br>Adem\u00e1s, el director inform\u00f3 de una primera reuni\u00f3n con el Magistrado Presidente<br>de la Sala Regional, Ulises Hern\u00e1ndez Torres, con quien se proyecta coordinar<br>una nueva capacitaci\u00f3n para los elementos de Vialidad.<br>&nbsp;<br>Marco Prone Ram\u00edrez, director administrativo del Tribunal de Justicia Municipal,<br>inform\u00f3 que entre las principales faltas administrativas, destacan: personas<br>intoxicadas con 38 casos; calumnias y amenazas con 35; y alterar el orden en la<br>v\u00eda p\u00fablica, con 15.<br>&nbsp;<br>Jorge Luis Ju\u00e1rez Llanas, director de Protecci\u00f3n Civil y Bomberos de Torre\u00f3n,<br>mencion\u00f3 que permanecen las capacitaciones a empresas y simulacros.<br>&nbsp;<br>Adem\u00e1s, este viernes concluye la capacitaci\u00f3n a bomberos que viajaron a<br>Thomasville, Carolina del Norte, para obtener la certificaci\u00f3n RIT NFPA 1407.<br>&nbsp;<br>Ra\u00fal Gerardo Rodr\u00edguez Garc\u00eda, director de Inspecci\u00f3n y Verificaci\u00f3n, inform\u00f3 que<br>los principales reportes que recibi\u00f3 la dependencia mediante el sistema 073 fueron<br>por veh\u00edculos chatarra con 15; y obstrucci\u00f3n en la v\u00eda p\u00fablica, con nueve.<\/p>\n","protected":false},"excerpt":{"rendered":"<p>Torre\u00f3n, Coahuila. A 09 de agosto de 2024. Durante la trig\u00e9sima primera reuni\u00f3n semanal de seguridad, el alcalde Rom\u00e1nAlberto Cepeda Gonz\u00e1lez instruy\u00f3 a las dependencias coordinarse en la log\u00edsticaen torno a las medidas de protecci\u00f3n, orden y vialidad que se implementar\u00e1n en laFeria de Torre\u00f3n.\u00a0Adem\u00e1s, se revisaron los avances de trabajo del Comit\u00e9 de Eventos, que seconform\u00f3 recientemente por indicaci\u00f3n del edil.\u00a0El Presidente Municipal solicit\u00f3 que se establezcan las l\u00edneas&#8230;<\/p>\n","protected":false},"author":1,"featured_media":21816,"comment_status":"closed","ping_status":"closed","sticky":false,"template":"","format":"standard","meta":{"footnotes":""},"categories":[5,28,7],"tags":[],"class_list":["post-21815","post","type-post","status-publish","format-standard","has-post-thumbnail","hentry","category-coahuila","category-la-laguna","category-torreon","wpcat-5-id","wpcat-28-id","wpcat-7-id"],"_links":{"self":[{"href":"https:\/\/www.aquilaguna.com\/index.php\/wp-json\/wp\/v2\/posts\/21815","targetHints":{"allow":["GET"]}}],"collection":[{"href":"https:\/\/www.aquilaguna.com\/index.php\/wp-json\/wp\/v2\/posts"}],"about":[{"href":"https:\/\/www.aquilaguna.com\/index.php\/wp-json\/wp\/v2\/types\/post"}],"author":[{"embeddable":true,"href":"https:\/\/www.aquilaguna.com\/index.php\/wp-json\/wp\/v2\/users\/1"}],"replies":[{"embeddable":true,"href":"https:\/\/www.aquilaguna.com\/index.php\/wp-json\/wp\/v2\/comments?post=21815"}],"version-history":[{"count":1,"href":"https:\/\/www.aquilaguna.com\/index.php\/wp-json\/wp\/v2\/posts\/21815\/revisions"}],"predecessor-version":[{"id":21817,"href":"https:\/\/www.aquilaguna.com\/index.php\/wp-json\/wp\/v2\/posts\/21815\/revisions\/21817"}],"wp:featuredmedia":[{"embeddable":true,"href":"https:\/\/www.aquilaguna.com\/index.php\/wp-json\/wp\/v2\/media\/21816"}],"wp:attachment":[{"href":"https:\/\/www.aquilaguna.com\/index.php\/wp-json\/wp\/v2\/media?parent=21815"}],"wp:term":[{"taxonomy":"category","embeddable":true,"href":"https:\/\/www.aquilaguna.com\/index.php\/wp-json\/wp\/v2\/categories?post=21815"},{"taxonomy":"post_tag","embeddable":true,"href":"https:\/\/www.aquilaguna.com\/index.php\/wp-json\/wp\/v2\/tags?post=21815"}],"curies":[{"name":"wp","href":"https:\/\/api.w.org\/{rel}","templated":true}]}}