{"id":21830,"date":"2024-08-09T20:15:45","date_gmt":"2024-08-10T02:15:45","guid":{"rendered":"https:\/\/www.aquilaguna.com\/?p=21830"},"modified":"2024-08-09T20:15:45","modified_gmt":"2024-08-10T02:15:45","slug":"alcalde-de-torreon-se-declara-listo-para-enfrentar-utilizacion-politica-de-resultados-de-auditoria","status":"publish","type":"post","link":"https:\/\/www.aquilaguna.com\/index.php\/2024\/08\/09\/alcalde-de-torreon-se-declara-listo-para-enfrentar-utilizacion-politica-de-resultados-de-auditoria\/","title":{"rendered":"Alcalde de Torre\u00f3n se declara listo para enfrentar utilizaci\u00f3n pol\u00edtica de resultados de auditor\u00eda."},"content":{"rendered":"\n<p>Torre\u00f3n, Coahuila.- El\u00a0 ya reelecto\u00a0 alcalde de Torreon, Licenciado Rom\u00e1n Alberto Cepeda Gonz\u00e1lez se declara \u00a0 en condiciones\u00a0 suficientes para hacer frente a cualquier sesgo\u00a0 o utilizaci\u00f3n politica de los resultados\u00a0 de la\u00a0 auditor\u00eda que sobre su administraci\u00f3n viene realizando la Auditor\u00eda Superior de Hacienda\u00a0 del Gobierno de Coahuila.<\/p>\n\n\n\n<p>Tal tema, que domina \u00a0 en los d\u00edas que corren Radio Pasillo, fue preguntado al edil, esta ma\u00f1ana y fiel a su estilo directo dijo, &#8220;pues mira, no nos sorprende. Te lo voy a decir,\u00a0 que lo que es \u00fanico y lo pongo, es el sesgo pol\u00edtico que le dan a las auditor\u00edas&#8221;.\u00a0<\/p>\n\n\n\n<p>Se\u00f1alado\u00a0 tal punto, afirm\u00f3, &#8220;ya lo veremos, pero estamos listos y preparados&#8221;.<\/p>\n\n\n\n<p>&#8220;No tengo duda que lo va a haber en cualquier tema&#8221;, agregaba , &#8220;particularmente en este. Se han hecho cosas que nunca en la historia que tenga memoria, se hab\u00edan hecho\u00a0 a una administraci\u00f3n municipal&#8221;.<\/p>\n\n\n\n<p>Preguntado los por que es tal consideraci\u00f3n, dijo, &#8220;lo desconozco, pero bueno, ellos tendr\u00e1n que dar cuentas, yo dar\u00e9 las m\u00edas y ellos tendr\u00e1n que dar cuenta de lo de\u00a0 ellos, de lo mio, yo me voy a encargar&#8221;.\u00a0<\/p>\n\n\n\n<p>&#8220;Yo conf\u00edo y sigo confiando en las autoridades&#8221;, dijo luego, &#8220;pero no\u00a0 tengo duda de que lo que se ha hecho, indiscutiblemente para m\u00ed, tiene un sesgo pol\u00edtico. Y los habremos de ver en los\u00a0 pr\u00f3ximos resultados&#8221;.<\/p>\n\n\n\n<p>Declin\u00f3 opinar sobre la actuaci\u00f3n de la ASE, diciendo\u00a0 que, &#8220;vamos a esperar a los resultados\u00a0 y ya veremos\u00a0 cual es nuestra respuesta&#8221;.<\/p>\n\n\n\n<p>Preguntado si ya conoce algunos datos del\u00a0 proceso \u00a0 en marcha,\u00a0 dijo desconocerlos, &#8220;pero por algunos datos que se han ido dando, creo que son acciones at\u00edpicas, que en la memoria que se tiene de corto, mediano e incluso de largo plazo nunca se hab\u00eda hecho&#8221;.<\/p>\n\n\n\n<p>Preguntado si tales acciones revelan alguna diferencia\u00a0 profunda con algun segmento del actual r\u00e9gimen estatal,\u00a0 declin\u00f3 comentario, diciendo\u00a0 desconocer, si bien cr\u00edpticamente adelant\u00f3 que, &#8220;la anticipaci\u00f3n de la muerte, es peor que la muerte misma&#8221;.\u00a0\u00a0<\/p>\n\n\n\n<p>En cuanto a las acciones que podr\u00eda realizar\u00a0 para enfrentar tal posibilidad,\u00a0 afirm\u00f3 no querer anticiparse, &#8220;pero ya lo veremos, pronto&#8221;.<\/p>\n\n\n\n<p>&#8220;Es algo que no me atreveria, algo que no s\u00e9, pero es un tema que se ha venido desdoblando\u00a0 desde el primer a\u00f1o\u00a0 de gobierno&#8221;.\u00a0<\/p>\n\n\n\n<p>&#8220;Se han presentado situaciones\u00a0 raras, extra\u00f1as\u00a0 y tendenciosas, pero no me quiero adelantar, espero resultados&#8221;.<\/p>\n\n\n\n<p>Expreso que har\u00e1 lo que se tenga que hacer. &#8220;Nosotros estos preparados legalmente para hacerlo, pero la verdad es que que s\u00ed hemos tenido de alguna forma, \u00a0 hemos percibido acciones extraordinarias \u00a0 particularmente en Torre\u00f3n&#8221;.<\/p>\n\n\n\n<p>Preguntado si ello revelan diferencias pol\u00edticas, o de otro orden\u00a0 profundas con\u00a0 la instancia superior de gobierno, manifest\u00f3 de nueva cuenta, &#8220;lo desconozco, pero ya lo veremos. Yo&#8221;, insisti\u00f3, &#8220;esperaremos los resultados, pero por lo que se respira, si se han visto reacciones at\u00edpicas&#8221;.<\/p>\n\n\n\n<p>&#8220;No me toca decirlas a mi, pero como alcalde, es lo que a m\u00ed, me han informado&#8221;.<\/p>\n\n\n\n<p>Adem\u00e1s, manifest\u00f3 desconocer hasta ahora, resultados\u00a0 de auditor\u00edas que correspondan a los dos a\u00f1os anteriores de su presente\u00a0 gesti\u00f3n, &#8220;pero ya lo veremos, estamos preparados. Nosotros, hemos hecho lo nuestro&#8221;.\u00a0<\/p>\n\n\n\n<p><strong>AVANCE.<\/strong><\/p>\n\n\n\n<p>En otro de los puntos desahogados en la\u00a0 Sesi\u00f3n de Cabildo mencionada,\u00a0 trat\u00f3 sobre\u00a0 \u00a0 nuevas disposiciones en proceso\u00a0 versus la venta de bebidas alcoh\u00f3licas en botella y vaso de vidrio en\u00a0 eventos, reuniones, etc.,\u00a0 que incluyan mas de 500 personas, y &#8220;en todos los eventos deportivos&#8221;.<\/p>\n\n\n\n<p>En contrario en esta nueva modificaci\u00f3n no se incluy\u00f3, la venta de\u00a0 cervezas y bebidas alcoh\u00f3licas &#8220;en vaso de pl\u00e1stico&#8221;,\u00a0 como es el caso que se registra en eventos deportivos masivos, diciendo el edil que, &#8220;es un tema de prevenci\u00f3n y de evitar tragedias, tiene que ver con\u00a0 cautela y\u00a0 orden&#8221;, dijo.<\/p>\n\n\n\n<p>&#8220;Vamos a tener\u00a0 eventos importantes\u00a0 en especial durante el pr\u00f3ximo mes de septiembre y eso es \u00a0 por lo que\u00a0 durante la ultima Sesi\u00f3n de Cabildo\u00a0 correspondiente a este mismo mes, entrar\u00e1 en vigor, para que ya se aplique&#8221;.<\/p>\n\n\n\n<p><strong>DE CESIONES.<\/strong><\/p>\n\n\n\n<p>En\u00a0cuanto a la cesi\u00f3n\u00a0 aprobada para el usufructo de una superficie de mas de 1,200 metros cuadrados \u00a0 de propiedad p\u00fablica, localizada sobre\u00a0 uno de los tramos que corresponden a superficie superior del Sistema Vial 4 Caminos,\u00a0 frente a la entrada principal de\u00a0 la Tienda Departamental\u00a0 Cimaco, solicitada a la comuna municipal a trav\u00e9s\u00a0 de una raz\u00f3n social denominada\u00a0 Inmobiliaria CAREDO, S.A.\u00a0 de C.V. \u00a0 esta les fue concedida, sin mayores discusiones, por un lapso de tiempo que abarcar\u00e1 los 35 a\u00f1os siguientes, es decir, llegar\u00e1 a su t\u00e9rmino\u00a0 el a\u00f1o 2059, si bien\u00a0de entrada y hace algunos meses\u00a0 se les hab\u00eda rechazo,\u00a0 conoci\u00e9ndose que se pretend\u00eda alcanzar tal concesi\u00f3n\u00a0 por 100 a\u00f1os.<\/p>\n\n\n\n<p>Explic\u00f3 el alcalde que tal tema &#8220;tiene un orden, desde el inicio de la construcci\u00f3n del Sistema Vial 4 Caminos por ese espacio que se queda ah\u00ed y tiene que ver con el cuidado\u00a0 en cuesti\u00f3n del peat\u00f3n y en segundo, es un tema de imagen de un centro comercial que ha sido evidentemente\u00a0 emblem\u00e1tico para Torre\u00f3n&#8221;.<\/p>\n\n\n\n<p>El compromiso, revel\u00f3,&#8221; se hizo en ese tiempo y hoy se cristaliza y en donde hay una corresponsabilidad con el emprendimiento de Torre\u00f3n a trav\u00e9s del Instituto Municipal del Emprendimiento en donde algunos espacios se guardan para ello&#8221;.<\/p>\n\n\n\n<p>&#8220;La concesi\u00f3n ser\u00eda revisada\u00a0 en funci\u00f3n de los mecanismos de imagen y de orden, de acuerdo\u00a0 al convenio\u00a0 para que se respeten&#8221;.<\/p>\n\n\n\n<p>&#8220;De ah\u00ed, que no se trate\u00a0 de realizar competencia desleal, sino de generar una\u00a0 alternativa para quienes visiten y est\u00e9n en este escenario del comercio abierto&#8221;. Dijo luego que \u00a0 la raz\u00f3n social citada \u00a0 esta integrada por los empresarios que, por otra parte,\u00a0 p\u00fablicamente se identifican\u00a0 como\u00a0 propietarios de\u00a0 la empresa CIMACO;\u00a0 La familia Murra Talam\u00e1s.<\/p>\n","protected":false},"excerpt":{"rendered":"<p>Torre\u00f3n, Coahuila.- El\u00a0 ya reelecto\u00a0 alcalde de Torreon, Licenciado Rom\u00e1n Alberto Cepeda Gonz\u00e1lez se declara \u00a0 en condiciones\u00a0 suficientes para hacer frente a cualquier sesgo\u00a0 o utilizaci\u00f3n politica de los resultados\u00a0 de la\u00a0 auditor\u00eda que sobre su administraci\u00f3n viene realizando la Auditor\u00eda Superior de Hacienda\u00a0 del Gobierno de Coahuila. Tal tema, que domina \u00a0 en los d\u00edas que corren Radio Pasillo, fue preguntado al edil, esta ma\u00f1ana y fiel a&#8230;<\/p>\n","protected":false},"author":2,"featured_media":0,"comment_status":"closed","ping_status":"","sticky":false,"template":"","format":"standard","meta":{"footnotes":""},"categories":[5,28,7],"tags":[],"class_list":["post-21830","post","type-post","status-publish","format-standard","hentry","category-coahuila","category-la-laguna","category-torreon","wpcat-5-id","wpcat-28-id","wpcat-7-id"],"_links":{"self":[{"href":"https:\/\/www.aquilaguna.com\/index.php\/wp-json\/wp\/v2\/posts\/21830","targetHints":{"allow":["GET"]}}],"collection":[{"href":"https:\/\/www.aquilaguna.com\/index.php\/wp-json\/wp\/v2\/posts"}],"about":[{"href":"https:\/\/www.aquilaguna.com\/index.php\/wp-json\/wp\/v2\/types\/post"}],"author":[{"embeddable":true,"href":"https:\/\/www.aquilaguna.com\/index.php\/wp-json\/wp\/v2\/users\/2"}],"replies":[{"embeddable":true,"href":"https:\/\/www.aquilaguna.com\/index.php\/wp-json\/wp\/v2\/comments?post=21830"}],"version-history":[{"count":1,"href":"https:\/\/www.aquilaguna.com\/index.php\/wp-json\/wp\/v2\/posts\/21830\/revisions"}],"predecessor-version":[{"id":21831,"href":"https:\/\/www.aquilaguna.com\/index.php\/wp-json\/wp\/v2\/posts\/21830\/revisions\/21831"}],"wp:attachment":[{"href":"https:\/\/www.aquilaguna.com\/index.php\/wp-json\/wp\/v2\/media?parent=21830"}],"wp:term":[{"taxonomy":"category","embeddable":true,"href":"https:\/\/www.aquilaguna.com\/index.php\/wp-json\/wp\/v2\/categories?post=21830"},{"taxonomy":"post_tag","embeddable":true,"href":"https:\/\/www.aquilaguna.com\/index.php\/wp-json\/wp\/v2\/tags?post=21830"}],"curies":[{"name":"wp","href":"https:\/\/api.w.org\/{rel}","templated":true}]}}