{"id":21832,"date":"2024-08-11T18:29:33","date_gmt":"2024-08-12T00:29:33","guid":{"rendered":"https:\/\/www.aquilaguna.com\/?p=21832"},"modified":"2024-08-11T18:29:34","modified_gmt":"2024-08-12T00:29:34","slug":"colabora-uadec-en-la-promocion-del-turismo-y-del-fomento-a-la-cultura","status":"publish","type":"post","link":"https:\/\/www.aquilaguna.com\/index.php\/2024\/08\/11\/colabora-uadec-en-la-promocion-del-turismo-y-del-fomento-a-la-cultura\/","title":{"rendered":"Colabora UAdeC en la Promoci\u00f3n del Turismo y del Fomento a la Cultura."},"content":{"rendered":"\n<p>SALTILLO, Coahuila. 9 de agosto de 2024. Este viernes, el rector de la<br>Universidad Aut\u00f3noma de Coahuila, Octavio Pimentel Mart\u00ednez, asisti\u00f3 a la<br>ceremonia oficial donde el Barrio del Ojo de Agua de Saltillo recibi\u00f3 la<br>denominaci\u00f3n como &#8220;Barrio M\u00e1gico del Ojo de Agua&#8221; por parte de la Secretar\u00eda de<br>Turismo Federal.<\/p>\n\n\n\n<p>En la explanada del Mirador de la Plaza M\u00e9xico de Saltillo develaron la placa con<br>el nuevo nombre, el secretario de Turismo del Gobierno Federal, Miguel Torruco<br>Marqu\u00e9s; el gobernador del estado de Coahuila, Manolo Jim\u00e9nez Salinas, la<br>secretaria de Turismo y Desarrollo de Pueblos M\u00e1gicos, Cristina Amezcua<br>Gonz\u00e1lez y el director de Fomento Econ\u00f3mico y Turismo de Saltillo, Mario Mata<br>Quintero.<\/p>\n\n\n\n<p>Adem\u00e1s, el p\u00e1rroco de la Iglesia del Ojo de Agua de Saltillo, Jos\u00e9 Flores Ramos;<br>el director de Servicios al Turista \u00c1ngeles Verdes, Jos\u00e9 Armando Garc\u00eda Nu\u00f1o y el<br>encargado de la Corporaci\u00f3n de Servicios al Turista \u00c1ngeles Verdes, Juan Ram\u00f3n<br>Garces Zamora, representantes del gobierno estatal, municipal, legislativo, judicial,<br>y p\u00fablico en general.<\/p>\n\n\n\n<p>El rector Octavio Pimentel Mart\u00ednez, destac\u00f3 la importancia de la colaboraci\u00f3n<br>entre las instituciones educativas con las autoridades federales, estatales y<br>municipales, para promover el desarrollo integral de la regi\u00f3n, y una muestra de<br>ello, es la participaci\u00f3n de la m\u00e1xima casa de estudios en uno de los lugares<br>emblem\u00e1ticos de la ciudad como lo es el Barrio del Ojo de Agua.<\/p>\n\n\n\n<p>Afirm\u00f3 que el compromiso de la UAdeC es seguir apoyando y fomentando la<br>riqueza cultural de la regi\u00f3n con la activa participaci\u00f3n de estudiantes de la<br>Licenciatura en Historia de la Escuela de Ciencias Sociales, que se desempe\u00f1an<br>como gu\u00edas tur\u00edsticos en el Centro Hist\u00f3rico de Saltillo, quienes han contribuido en<br>la promoci\u00f3n de la historia del ahora Barrio M\u00e1gico del Ojo de Agua.<\/p>\n\n\n\n<p>De acuerdo a la Secretaria de Turismo de M\u00e9xico, la denominaci\u00f3n de \u201cBarrio<br>M\u00e1gico\u201d representa un espacio en el que se combinan diversos elementos:<br>historia, cultura, gastronom\u00eda, productos y servicios, as\u00ed como la convivencia de la<br>poblaci\u00f3n local con los visitantes.<\/p>\n","protected":false},"excerpt":{"rendered":"<p>SALTILLO, Coahuila. 9 de agosto de 2024. Este viernes, el rector de laUniversidad Aut\u00f3noma de Coahuila, Octavio Pimentel Mart\u00ednez, asisti\u00f3 a laceremonia oficial donde el Barrio del Ojo de Agua de Saltillo recibi\u00f3 ladenominaci\u00f3n como &#8220;Barrio M\u00e1gico del Ojo de Agua&#8221; por parte de la Secretar\u00eda deTurismo Federal. En la explanada del Mirador de la Plaza M\u00e9xico de Saltillo develaron la placa conel nuevo nombre, el secretario de Turismo del&#8230;<\/p>\n","protected":false},"author":1,"featured_media":21833,"comment_status":"closed","ping_status":"closed","sticky":false,"template":"","format":"standard","meta":{"footnotes":""},"categories":[2],"tags":[],"class_list":["post-21832","post","type-post","status-publish","format-standard","has-post-thumbnail","hentry","category-uadec","wpcat-2-id"],"_links":{"self":[{"href":"https:\/\/www.aquilaguna.com\/index.php\/wp-json\/wp\/v2\/posts\/21832","targetHints":{"allow":["GET"]}}],"collection":[{"href":"https:\/\/www.aquilaguna.com\/index.php\/wp-json\/wp\/v2\/posts"}],"about":[{"href":"https:\/\/www.aquilaguna.com\/index.php\/wp-json\/wp\/v2\/types\/post"}],"author":[{"embeddable":true,"href":"https:\/\/www.aquilaguna.com\/index.php\/wp-json\/wp\/v2\/users\/1"}],"replies":[{"embeddable":true,"href":"https:\/\/www.aquilaguna.com\/index.php\/wp-json\/wp\/v2\/comments?post=21832"}],"version-history":[{"count":1,"href":"https:\/\/www.aquilaguna.com\/index.php\/wp-json\/wp\/v2\/posts\/21832\/revisions"}],"predecessor-version":[{"id":21834,"href":"https:\/\/www.aquilaguna.com\/index.php\/wp-json\/wp\/v2\/posts\/21832\/revisions\/21834"}],"wp:featuredmedia":[{"embeddable":true,"href":"https:\/\/www.aquilaguna.com\/index.php\/wp-json\/wp\/v2\/media\/21833"}],"wp:attachment":[{"href":"https:\/\/www.aquilaguna.com\/index.php\/wp-json\/wp\/v2\/media?parent=21832"}],"wp:term":[{"taxonomy":"category","embeddable":true,"href":"https:\/\/www.aquilaguna.com\/index.php\/wp-json\/wp\/v2\/categories?post=21832"},{"taxonomy":"post_tag","embeddable":true,"href":"https:\/\/www.aquilaguna.com\/index.php\/wp-json\/wp\/v2\/tags?post=21832"}],"curies":[{"name":"wp","href":"https:\/\/api.w.org\/{rel}","templated":true}]}}