{"id":21838,"date":"2024-08-11T18:45:47","date_gmt":"2024-08-12T00:45:47","guid":{"rendered":"https:\/\/www.aquilaguna.com\/?p=21838"},"modified":"2024-08-11T18:45:47","modified_gmt":"2024-08-12T00:45:47","slug":"aqui-laguna-340","status":"publish","type":"post","link":"https:\/\/www.aquilaguna.com\/index.php\/2024\/08\/11\/aqui-laguna-340\/","title":{"rendered":"Aqu\u00ed Laguna."},"content":{"rendered":"\n<p>\u00a1Alito habemus!\u00a0 Y\u00a0 vaya que &#8220;la hizo&#8221; el controversial campechano que\u00a0 se ha apoderado\u00a0 primero de &#8220;facto&#8221; un a\u00f1o m\u00e1s del mandato correspondiente\u00a0 al ciclo\u00a0 2019\/2023, con motivo del proceso elecionario federal del 2024\u00a0 y modificar\u00a0 luego\u00a0 a modo,\u00a0 \u00a0 las condiciones\u00a0 estatutarias que le permitieron a\u00a0 Alejandro Moreno\u00a0 y su amigable camarilla, as\u00ed como\u00a0 documentos y principios partidistas -que por cierto, queda en pendiente, toda vez que\u00a0 el INE\u00a0 no ha resuelto aun impugnaciones\u00a0 sobre el tema-,\u00a0 resolver\u00a0 am\u00e9n de reducir da sus 2,500 delegados nacionales, a su expresi\u00f3n m\u00ednima, sobre los que se alz\u00f3 esta tarde, con 440 votos\u00a0 a favor de prolongar y estrenar\u00a0 un nuevo periodo \u00a0 que abarcar\u00e1\u00a0 del 2024\/2028 y la posibilidad de\u00a0 registrar\u00a0 al menos\u00a0 hipot\u00e9ticamente, de prestare\u00a0 Dios vida y salud, dos periodos mas al hilo.<\/p>\n\n\n\n<p>Destacan los Medios nacionales este domig\u00fcero d\u00eda, que\u00a0 la asamblea eleccionaria se realiz\u00f3 en la capital del pa\u00eds,\u00a0a la cual,\u00a0 representantes de los Medios nacionales,\u00a0 no tuvieron acceso, pues el mismo les fue denegado, eso s\u00ed, los convocantes a la Asamblea\u00a0 presumieron haber\u00a0 invitado, en &#8220;aras a la transparencia&#8221;\u00a0 a 25 personalidades de diversas partes del mundo, como &#8220;observadores del proceso&#8221;, es decir, una m\u00e1s de aquello que dice &#8220;candil de la calle, oscuridad de su casa&#8221;.<\/p>\n\n\n\n<p>Como compa\u00f1era\u00a0 de formula,\u00a0 lo acompa\u00f1a, por segunda ocasi\u00f3n al hilo, la que fuera ex primera dama de Coahuila y fallida candidata al gobierno de\u00a0 su Estado natal: Hidalgo, Carolina Viggiano,\u00a0 si bien resta por conocer \u00a0 si alcanzar\u00e1 inclusi\u00f3n, en el hoy renovado comit\u00e9 ejecutivo nacional, otro de nuestros ex gobernadores,\u00a0 el ex gobernador\u00a0 y hoy repetidor pluri como diputado federal Rub\u00e9n Moreira Valdes y si\u00a0 la inclusi\u00f3n de esta dupla\u00a0 repetidora\u00a0 cierra espacios que impidan alcanzar cargo partidista\u00a0 de nivel \u00a0 nacional partidista a otro de nuestros gobernadores, el hoy\u00a0 Senador Miguel Angel Riquelme Solis quien aportar\u00eda un buen\u00a0 ganado nombre como\u00a0 gobernante a tal dirigencia, que por cierto, mucha falta le hace\u2026<\/p>\n\n\n\n<p>Con todo y ello diremos que\u00a0 el seguimiento medi\u00e1tico de Alejandro Moreno, decay\u00f3 de m\u00e1s en los \u00faltimos d\u00edas\u00a0 desplazado del inter\u00e9s nacional, y al parecer del priismo mismo, al grado de no contarse con promoci\u00f3n\u00a0 u opini\u00f3n alguna en torno al mismo\u00a0 m\u00e1s alla de las voces airadas que levantaron hace semanas sus detractores, incluso se puede\u00a0 afirmar que se desconoce cuantos y quienes fueron los delegados que representaron a Coahuila en esta asamblea, tras la rasurada al padr\u00f3n de Delegados Nacionales, y tal inter\u00e9s\u00a0 disminuy\u00f3 entre otras causas a que\u00a0 la poblaci\u00f3n, esta m\u00e1s que \u00a0 ocupada en seguir &#8220;la narrativa&#8221;\u00a0 que incluya &#8220;los otros datos&#8221; en torno a la sustracci\u00f3n\u00a0 del Mayo Zambada\u00a0 y la &#8220;entrega&#8221;\u00a0 del Chapito Guzman\u00a0al gobierno\u00a0 estadounidense, agravado ahora por\u00a0 las revelaci\u00f3n surgida con la\u00a0 exhibici\u00f3n p\u00fablica\u00a0 de una carta a cargo del Mayo Zambada en la que cuenta &#8220;su verdad&#8221;\u00a0 sobre\u00a0 su detenci\u00f3n y traslado al vecino pa\u00eds, y en la que generosamente &#8220;embarra&#8221;\u00a0 al Gobernador de Sonora Rub\u00e9n Rocha Moya para ayudar a zanjar diferencias con el\u00a0 ex Rector de la\u00a0 Universidad Sinaloense \u00a0 H\u00e9ctor Melesio Cuan -asesinado el\u00a0 d\u00eda\u00a0 25 de julio\u00a0 en la capital del Estado-,\u00a0 y en la\u00a0 que estar\u00edan presentes el\u00a0 Chapito Guzm\u00e1n y el Mayo Zambada\u00a0 cual &#8220;consejeros a\u00falicos&#8221;\u00a0 invitados exprofeso para dar salida a las diferencias entre los dos pol\u00edticos citados, enfrentados\u00a0 por la sucesi\u00f3n de la universidad sonorenese.\u00a0 <\/p>\n\n\n\n<p>Por cierto\u00a0 bast\u00f3 la menci\u00f3n del nombre de Rub\u00e9n Rocha para que\u00a0 se exhumaran e hicieran p\u00fablicos, archivos\u00a0 medi\u00e1ticos, de entrevistas,\u00a0 al mencionado cuando realizaba campa\u00f1a en pos de la gubernatura de Sonora y en la que dejaba percibir su disposici\u00f3n\u00a0 a cambiar las reglas del\u00a0 juego de la relaci\u00f3n del poder p\u00fablico\u00a0 con los capos de la droga y lo que estos representan\u00a0 en su entidad,\u00a0 de donde surgen hasta la fecha, los m\u00e1s prominentes cabezas de estas organizaciones criminales que al parecer hizo\u00a0 realidad.<\/p>\n\n\n\n<p>Tal trama, digna\u00a0 no de uno,\u00a0 sino de\u00a0 varias l\u00edneas argumentales \u00a0 para ser desarrolladas por alg\u00fan productor de Netflix, revelan de golpe \u00a0 un axioma conocido &#8220;no hay narcotr\u00e1fico\u00a0 sin poder pol\u00edtico&#8221;, pues se afirma que ambos elementos \u00a0 corren por caminos paralelos, el caso \u00a0 am\u00e9n de desatar todo tipo de conjeturas, fortalecidas aun\u00a0 m\u00e1s por la postura sostenida sobre tal tema\u00a0 a cargo\u00a0 ya no solo del Presidente Andr\u00e9s Manuel L\u00f3pez Obrador y la\u00a0 ya \u00a0 casi presidenta \u00a0 electa Claudia Sheinbaum, quien si duda arribar\u00e1\u00a0 a la m\u00e1xima representaci\u00f3n del pais, con tan peligroso y pesado fardo, sobre sus espaldas, y\u00a0 los impactos que a nivel internacional, registre no solo la sinuosa relaci\u00f3n con el vecino pa\u00eds en materia de trafico y migrantes, sino\u00a0 con el resto de los pa\u00edses del mundo. \u00a1Pero qu\u00e9 necesidad!  dir\u00edamos parodiando a Juan Gabriel. <\/p>\n\n\n\n<p>Y\u00a0 el martes 13, ese que cabil\u00edsticamente aconsejan &#8220;ni te cases ni te embarques&#8221; nuestro reeelecto alcalde Rom\u00e1n Alberto Cepeda Gonz\u00e1lez, en comitiva encabezada por el Gobernador Manolo Jim\u00e9nez\u00a0 y\u00a0 otros 14 alcaldes electos\u00a0 del pa\u00eds, entre los que se encuentra el del\u00a0 municipio de Saltillo, Javier\u00a0 Diaz,\u00a0 estar\u00e1n arribando a Boston, Massachusets; invitados por la Fundaci\u00f3n FEMSA -que preside ahora Jos\u00e9 Antonio Fernandez Carbajal-,\u00a0 yerno del\u00a0 ya desparecido empresario regio Eugenio\u00a0Garza Sada, y quien tiene entre sus muchas empresas y diversas\u00a0 la cadena de tiendas OXXO, de las cuales Torre\u00f3n, ya tiene casi una en cada esquina y habr\u00e1\u00a0 m\u00e1s sin duda, pues \u00a0 est\u00e1n en expansi\u00f3n en todo el pa\u00eds. El objetivo de tal viaje seg\u00fan se justific\u00f3 en Cabildo para que \u00a0 obtuviera el permiso de ausencia necesario,\u00a0 y no &#8220;se la hagan de tos&#8221;, indica que\u00a0 ser\u00e1 el de tomar diversos cursos, impartidos por expertos \u00a0 en la Universidad de Harvard, relacionados con la din\u00e1mica que la modernidad y las condiciones sociales y econ\u00f3micas del pais imponen. <\/p>\n\n\n\n<p>En tanto\u00a0y al parecer seguir\u00e1n los trabajos de funcionarios de la Auditor\u00eda Superior Estatal -ASE-, sobre\u00a0 la administraci\u00f3n del municipio \u00a0 de Torre\u00f3n, acci\u00f3n que el\u00a0 alcalde\u00a0 reelecto\u00a0 sugiere\u00a0 no se haga sobre los resultados de tales revisiones uso pol\u00edtico, pues se declara de ser as\u00ed, listo para su defensa. <\/p>\n\n\n\n<p>En el \u00ednter \u00a0 los rumores en torno a quienes ser\u00e1n los funcionarios empleados\u00a0 de la actual administraci\u00f3n\u00a0 local, que podr\u00e1n sobrevivir a la reelecci\u00f3n del alcalde, en especial hay guerra interna, en torno a quien estar\u00e1 ocupando una posici\u00f3n que consideran clave; la Secretar\u00eda del Ayuntamiento, y una vez que el ahora\u00a0 diputado local Felipe Gonz\u00e1lez\u00a0 queda firme en el Congreso \u00a0 tras haber figurado como regidor\u00a0 y quien era mencionado como uno de los sucesores viables en el cargo que hoy ocupa la Licenciada Natalia Fern\u00e1ndez, de\u00a0 ah\u00ed que se escuche en Radio Pasillo\u00a0 el nombre de\u00a0 Pepe Ganem, el ex controversial ex regidor en\u00a0 el cabildo que presidi\u00f3 el Licenciado Eduardo Olmos Castro, como un\u00a0 prospecto viable para tal cargo\u00a0 y c\u00f3mo no, tambi\u00e9n se cita al Licenciado Ariel Mart\u00ednez y otros\u00a0 aventados mencionan incluso al primer regidor reelecto\u00a0 Luis Jorge Serna. Vaya Usted\u00a0 saber.<\/p>\n","protected":false},"excerpt":{"rendered":"<p>\u00a1Alito habemus!\u00a0 Y\u00a0 vaya que &#8220;la hizo&#8221; el controversial campechano que\u00a0 se ha apoderado\u00a0 primero de &#8220;facto&#8221; un a\u00f1o m\u00e1s del mandato correspondiente\u00a0 al ciclo\u00a0 2019\/2023, con motivo del proceso elecionario federal del 2024\u00a0 y modificar\u00a0 luego\u00a0 a modo,\u00a0 \u00a0 las condiciones\u00a0 estatutarias que le permitieron a\u00a0 Alejandro Moreno\u00a0 y su amigable camarilla, as\u00ed como\u00a0 documentos y principios partidistas -que por cierto, queda en pendiente, toda vez que\u00a0 el INE\u00a0&#8230;<\/p>\n","protected":false},"author":2,"featured_media":0,"comment_status":"closed","ping_status":"","sticky":false,"template":"","format":"standard","meta":{"footnotes":""},"categories":[8],"tags":[],"class_list":["post-21838","post","type-post","status-publish","format-standard","hentry","category-aqui-laguna","wpcat-8-id"],"_links":{"self":[{"href":"https:\/\/www.aquilaguna.com\/index.php\/wp-json\/wp\/v2\/posts\/21838","targetHints":{"allow":["GET"]}}],"collection":[{"href":"https:\/\/www.aquilaguna.com\/index.php\/wp-json\/wp\/v2\/posts"}],"about":[{"href":"https:\/\/www.aquilaguna.com\/index.php\/wp-json\/wp\/v2\/types\/post"}],"author":[{"embeddable":true,"href":"https:\/\/www.aquilaguna.com\/index.php\/wp-json\/wp\/v2\/users\/2"}],"replies":[{"embeddable":true,"href":"https:\/\/www.aquilaguna.com\/index.php\/wp-json\/wp\/v2\/comments?post=21838"}],"version-history":[{"count":1,"href":"https:\/\/www.aquilaguna.com\/index.php\/wp-json\/wp\/v2\/posts\/21838\/revisions"}],"predecessor-version":[{"id":21839,"href":"https:\/\/www.aquilaguna.com\/index.php\/wp-json\/wp\/v2\/posts\/21838\/revisions\/21839"}],"wp:attachment":[{"href":"https:\/\/www.aquilaguna.com\/index.php\/wp-json\/wp\/v2\/media?parent=21838"}],"wp:term":[{"taxonomy":"category","embeddable":true,"href":"https:\/\/www.aquilaguna.com\/index.php\/wp-json\/wp\/v2\/categories?post=21838"},{"taxonomy":"post_tag","embeddable":true,"href":"https:\/\/www.aquilaguna.com\/index.php\/wp-json\/wp\/v2\/tags?post=21838"}],"curies":[{"name":"wp","href":"https:\/\/api.w.org\/{rel}","templated":true}]}}