{"id":21856,"date":"2024-08-13T18:10:53","date_gmt":"2024-08-14T00:10:53","guid":{"rendered":"https:\/\/www.aquilaguna.com\/?p=21856"},"modified":"2024-08-13T18:10:53","modified_gmt":"2024-08-14T00:10:53","slug":"la-uadec-presente-en-la-26-edicion-de-la-feria-internacional-del-libro","status":"publish","type":"post","link":"https:\/\/www.aquilaguna.com\/index.php\/2024\/08\/13\/la-uadec-presente-en-la-26-edicion-de-la-feria-internacional-del-libro\/","title":{"rendered":"La UAdeC Presente en la 26 Edici\u00f3n de la Feria Internacional del Libro."},"content":{"rendered":"\n<p>SALTILLO, Coahuila. 13 de agosto de 2024. En conferencia de prensa fue<br>presentada la vig\u00e9sima sexta edici\u00f3n de la Feria Internacional del Libro<br>2024\/Bicentenario Coahuila, que se desarrollar\u00e1 en el Centro Cultural de Arteaga<br>de la Universidad Aut\u00f3noma de Coahuila del 13 al 22 de septiembre de 2024.<\/p>\n\n\n\n<p>La Secretar\u00eda de Cultura del Gobierno del estado de Coahuila encabeza la<br>organizaci\u00f3n de este magno evento literario en coordinaci\u00f3n con la Secretaria de<br>Educaci\u00f3n, la Universidad Aut\u00f3noma de Coahuila y la C\u00e1mara Nacional de la<br>Industria Editorial Mexicana, los invitados especiales son Canad\u00e1, Chihuahua y<br>tres universidades de Texas entre ellas la UT Austin, la Universidad de Houston y<br>la Southern Methodist University de Dallas.<\/p>\n\n\n\n<p>Asistieron el jefe de Gabinete y Proyectos Estrat\u00e9gicos del Gobierno de Coahuila,<br>Blas Jos\u00e9 Flores Gonz\u00e1lez, la Secretaria de Cultura, Esther Quintana Salinas, el<br>C\u00f3nsul Comercial de Canad\u00e1 en Monterrey, Eric Gelinas, en representaci\u00f3n del<br>rector de la Universidad Aut\u00f3noma de Coahuila Octavio Pimentel Mart\u00ednez, asisti\u00f3<br>el coordinador de Difusi\u00f3n y Patrimonio cultural, F\u00e9lix Ibarra Linares.<\/p>\n\n\n\n<p>En representaci\u00f3n del secretario de educaci\u00f3n p\u00fablica, Emmanuel Garza<br>Fishburn, el subsecretario de Educaci\u00f3n B\u00e1sica, Jorge Alberto Salcido Portillo; el<br>director de la Orquesta Filarm\u00f3nica del Desierto, Natanael Espinoza Rinc\u00f3n y el<br>subsecretario de Cultura, Juan Salvador \u00c1lvarez de la Fuente.<\/p>\n\n\n\n<p>En su mensaje la titular de la Secretar\u00eda de Cultura, Esther Quintana Salinas,<br>destac\u00f3 el trabajo en equipo, pues dijo, la suma es un factor esencial para que las<br>cosas se hagan a lo grande, ejemplo de ello el slogan de esta edici\u00f3n \u201cLeer es de<br>Gigantes\u201d, porque la lectura contribuye de manera importante al desarrollo integral<br>del ser humano y enriquece la vida de quien lo hace, porque permite imaginar,<br>crear y sacar lo mejor de nosotros mismos.<\/p>\n\n\n\n<p>Dijo que la inversi\u00f3n es de 4 millones y medio de pesos, para generar una<br>derrama econ\u00f3mica de aproximada 17 millones de pesos; se estima recibir a m\u00e1s<br>de 130 mil visitantes, con la colaboraci\u00f3n de la Secretaria de Educaci\u00f3n permitir\u00e1<br>que acudan al evento hasta 25 mil estudiantes de educaci\u00f3n b\u00e1sica en las visitas<br>escolares, los pabellones principales ser\u00e1n de Canad\u00e1, del estado de Chihuahua,<br>el relativo a Texas con motivo del Bicentenario, del SNTE, de Artesanos y de<br>Talleres Infantiles.<\/p>\n\n\n\n<p>Quintana Salinas, inform\u00f3 que se instalar\u00e1n 33 stands en el \u00e1rea institucional, 124<br>en el \u00e1rea editorial, una nueva cafeter\u00eda, 12 stands de alimentos, 30 en el \u00e1rea de<br>artesanos, cinco salas de exposici\u00f3n: Manuel Acu\u00f1a, Enriqueta Ochoa, Julio Torri,<br>Armando S\u00e1nchez Quintanilla, Infoteca, el Foro de Escritores Coahuilenses y Foro<br>Caravana.<\/p>\n\n\n\n<p>Para la Universidad Aut\u00f3noma de Coahuila es prioritario formar parte de este<br>evento literario, en donde se conjuga la cultura, el fomento a la lectura, la<br>participaci\u00f3n social y las relaciones internacionales, por ello participaremos con la<br>instalaci\u00f3n de un stand que se ubicar\u00e1 en el \u00c1rea Institucional a un costado del<br>Aula Magna de CU, as\u00ed como de seis espacios en la programaci\u00f3n literaria de la<br>Feria.<\/p>\n\n\n\n<p>Para la programaci\u00f3n art\u00edstica se contar\u00e1 con la participaci\u00f3n de los grupos<br>art\u00edsticos representativos de la Escuela Superior de M\u00fasica y de la Coordinaci\u00f3n<br>General de Difusi\u00f3n y Patrimonio Cultural, adem\u00e1s en la programaci\u00f3n literaria del<br>domingo 15 de septiembre la Escuela Superior de M\u00fasica, el 16 de septiembre en<br>la Facultad de Ciencias Sociales, el 17 de septiembre la Facultad de Artes<br>Pl\u00e1sticas \u201cRub\u00e9n Herrera\u201d, el 18 de septiembre en la Facultad de Ciencias de la<br>Comunicaci\u00f3n, el 19 de septiembre la Facultad de Ciencia, Educaci\u00f3n y<br>Humanidades y el 22 de septiembre la Escuela de Artes Esc\u00e9nicas de Unidad<br>Torre\u00f3n.<\/p>\n\n\n\n<p>Adem\u00e1s se llevar\u00e1n a cabo actividades en los planteles: el 18 de septiembre de<br>10:00 a 12:00, la Facultad de Ciencias de la Educaci\u00f3n y Humanidades ofrecer\u00e1 el<br>Conversatorio \u201cEl arte de la concisi\u00f3n: Una mirada personal al acto de escribir&#8221;,<br>con el escritor Luis Humberto Crosthwaite; el viernes 20 de septiembre a las 11:00<br>horas, la Facultad de Ciencias Sociales ofrece la Charla con estudiantes de<br>Historia sobre c\u00f3mo acceder y utilizar los archivos de la colecci\u00f3n LLILAS Benson<br>con Albert Palacios de UT Austin.<\/p>\n\n\n\n<p>El lunes 23 de septiembre a las 11:00 horas, la Facultad de Ciencias de la<br>Comunicaci\u00f3n ofrece la Charla con estudiantes sobre el trabajo de edici\u00f3n, dise\u00f1o<br>y distribuci\u00f3n de una revista literaria con Greg Brownderville y Robert Rea,<br>editores de la revista Southwest Review de la SMU Dallas.<\/p>\n\n\n\n<p>Algunas actividades que organiza la FILC a las que pueden asistir grupos de<br>estudiantes de la m\u00e1xima casa de estudios son: el 13 de septiembre a las 19:00<br>horas, Di\u00e1logo \u201cPido la Palabra: Un proyecto sobre justicia social e imaginaci\u00f3n<br>literaria\u201d, participan Adela Pineda Franco, Gabriel Noriega y Yefferson Ospina (UT<br>Austin) para estudiantes de Letras Espa\u00f1olas.<\/p>\n\n\n\n<p>El 14 de septiembre a las 12:00 horas la conferencia \u201cEl arte de la canter\u00eda<br>Mixteca, Contribuciones de la poblaci\u00f3n ind\u00edgena a la arquitectura colonial,<br>rompiendo el mito del constructor hispano en el siglo XVI&#8221;, participa Benjam\u00edn<br>Ibarra Sevilla (UT Austin) y pueden asistir estudiantes de Arquitectura.<\/p>\n\n\n\n<p>El 20 de septiembre a las 16:00 horas \u201cIniciativas de LLILAS Benson en la<br>creaci\u00f3n de archivos coloniales digitales\u201d, participa Albert Palacios UT Austin<br>dirigido para Estudiantes de Historia; el 22 de septiembre La presencia<br>latinoamericana en Southwest Review, participan Greg, Robert Rea y Juli\u00e1n<br>Herbert, modera Manuel Calvillo de la SMU Dallas, para estudiantes de Dise\u00f1o<br>Gr\u00e1fico.<\/p>\n","protected":false},"excerpt":{"rendered":"<p>SALTILLO, Coahuila. 13 de agosto de 2024. En conferencia de prensa fuepresentada la vig\u00e9sima sexta edici\u00f3n de la Feria Internacional del Libro2024\/Bicentenario Coahuila, que se desarrollar\u00e1 en el Centro Cultural de Arteagade la Universidad Aut\u00f3noma de Coahuila del 13 al 22 de septiembre de 2024. La Secretar\u00eda de Cultura del Gobierno del estado de Coahuila encabeza laorganizaci\u00f3n de este magno evento literario en coordinaci\u00f3n con la Secretaria deEducaci\u00f3n, la Universidad&#8230;<\/p>\n","protected":false},"author":1,"featured_media":21857,"comment_status":"closed","ping_status":"closed","sticky":false,"template":"","format":"standard","meta":{"footnotes":""},"categories":[2],"tags":[],"class_list":["post-21856","post","type-post","status-publish","format-standard","has-post-thumbnail","hentry","category-uadec","wpcat-2-id"],"_links":{"self":[{"href":"https:\/\/www.aquilaguna.com\/index.php\/wp-json\/wp\/v2\/posts\/21856","targetHints":{"allow":["GET"]}}],"collection":[{"href":"https:\/\/www.aquilaguna.com\/index.php\/wp-json\/wp\/v2\/posts"}],"about":[{"href":"https:\/\/www.aquilaguna.com\/index.php\/wp-json\/wp\/v2\/types\/post"}],"author":[{"embeddable":true,"href":"https:\/\/www.aquilaguna.com\/index.php\/wp-json\/wp\/v2\/users\/1"}],"replies":[{"embeddable":true,"href":"https:\/\/www.aquilaguna.com\/index.php\/wp-json\/wp\/v2\/comments?post=21856"}],"version-history":[{"count":1,"href":"https:\/\/www.aquilaguna.com\/index.php\/wp-json\/wp\/v2\/posts\/21856\/revisions"}],"predecessor-version":[{"id":21858,"href":"https:\/\/www.aquilaguna.com\/index.php\/wp-json\/wp\/v2\/posts\/21856\/revisions\/21858"}],"wp:featuredmedia":[{"embeddable":true,"href":"https:\/\/www.aquilaguna.com\/index.php\/wp-json\/wp\/v2\/media\/21857"}],"wp:attachment":[{"href":"https:\/\/www.aquilaguna.com\/index.php\/wp-json\/wp\/v2\/media?parent=21856"}],"wp:term":[{"taxonomy":"category","embeddable":true,"href":"https:\/\/www.aquilaguna.com\/index.php\/wp-json\/wp\/v2\/categories?post=21856"},{"taxonomy":"post_tag","embeddable":true,"href":"https:\/\/www.aquilaguna.com\/index.php\/wp-json\/wp\/v2\/tags?post=21856"}],"curies":[{"name":"wp","href":"https:\/\/api.w.org\/{rel}","templated":true}]}}