{"id":21873,"date":"2024-08-14T19:28:19","date_gmt":"2024-08-15T01:28:19","guid":{"rendered":"https:\/\/www.aquilaguna.com\/?p=21873"},"modified":"2024-08-14T19:28:20","modified_gmt":"2024-08-15T01:28:20","slug":"presentan-gran-proyecto-impulso-educativo-coahuila","status":"publish","type":"post","link":"https:\/\/www.aquilaguna.com\/index.php\/2024\/08\/14\/presentan-gran-proyecto-impulso-educativo-coahuila\/","title":{"rendered":"PRESENTAN GRAN PROYECTO IMPULSO EDUCATIVO COAHUILA."},"content":{"rendered":"\n<p>\u00b7&nbsp;&nbsp;&nbsp;&nbsp;&nbsp;&nbsp;<strong><em>Presenta Gobernador estrategia Impulso Educativo Coahuila, cumpliendo uno de sus compromisos prioritarios de campa\u00f1a<\/em><\/strong><\/p>\n\n\n\n<p>Saltillo, Coahuila de Zaragoza; a 13 de agosto de 2024.- En cumplimiento a uno de sus compromisos prioritarios con las familias coahuilenses, el gobernador Manolo Jim\u00e9nez Salinas present\u00f3 la Estrategia Impulso Educativo Coahuila, que se pondr\u00e1 en marcha el pr\u00f3ximo ciclo escolar 2024-2025.&nbsp;<\/p>\n\n\n\n<p>&#8220;Presentamos la Estrategia \u2018Impulso Educativo Coahuila\u2019; con ella fortaleceremos una de las herramientas m\u00e1s poderosas para que nuestras ni\u00f1as, ni\u00f1os, adolescentes y j\u00f3venes puedan prosperar, que es la educaci\u00f3n. De esta manera estamos construyendo la grandeza de Coahuila&#8221;, destac\u00f3 el mandatario estatal.<\/p>\n\n\n\n<p>Ante la presencia de la estructura educativa del estado, as\u00ed como de Alfonso Cepeda Salas, secretario general del SNTE Nacional, el gobernador Manolo Jim\u00e9nez Salinas detall\u00f3 que dicha estrategia se detonar\u00e1 en 10 ejes de trabajo para beneficio de m\u00e1s de 1 mill\u00f3n de estudiantes; m\u00e1s de 53 mil docentes en m\u00e1s de 6 mil planteles educativos.<\/p>\n\n\n\n<p>Manolo Jim\u00e9nez estuvo acompa\u00f1ado por los deportistas ol\u00edmpicos coahuilenses en Par\u00eds 2024: \u00c1ngela Ruiz, medalla de bronce en tiro con arco; y Edson Ram\u00edrez, de tiro deportivo.<\/p>\n\n\n\n<p>El modelo de la estrategia educativa fue construido como medio de respuesta al llamado compartido de fortalecer de forma prioritaria nuestra educaci\u00f3n, como basti\u00f3n fundamental del desarrollo sostenido de nuestro Estado.&nbsp;<\/p>\n\n\n\n<p>El Mandatario estatal destac\u00f3 que esta es una gran estrategia que engloba 10 ejes para poder mejorar la educaci\u00f3n en nuestro estado. Mencion\u00f3 sentirse motivado porque la educaci\u00f3n es una de las herramientas m\u00e1s poderosas que se le puede dar a nuestras ni\u00f1as, ni\u00f1os, j\u00f3venes y adolescentes para que puedan salir adelante.<\/p>\n\n\n\n<p>\u201cPor eso, aqu\u00ed decidimos apostarle a la educaci\u00f3n con todo\u201d, expres\u00f3, al tiempo de mencionar que hoy se tiene una estrategia muy clara en la materia, con rumbo y direcci\u00f3n.<\/p>\n\n\n\n<p>Manolo Jim\u00e9nez extern\u00f3 que este proyecto ha servido para reunir a los diversos sectores de la sociedad coahuilense, y para darnos cuenta de la gran fortaleza que tiene nuestro estado; el gran equipo para impulsar el tema educativo.<\/p>\n\n\n\n<p>\u201cAqu\u00ed est\u00e1 cada una y cada uno de los actores que nos pueden ayudar a hacer realidad todo lo que aqu\u00ed comentamos\u201d, se\u00f1al\u00f3.<\/p>\n\n\n\n<p>Jim\u00e9nez Salinas reconoci\u00f3 el gran trabajo que se ha estado realizando en la Secretar\u00eda de Educaci\u00f3n de Coahuila, y dijo que se ha estado fortaleciendo este equipo con una combinaci\u00f3n de juventud y experiencia.<\/p>\n\n\n\n<p>Pidi\u00f3 a la estructura magisterial estar al pie del ca\u00f1\u00f3n para avanzar con este gran proyecto y poder comunicarlo. Afirm\u00f3 que en Coahuila tenemos grandes alumnas y alumnos, tenemos mucho talento y hay que potencializarlo.<\/p>\n\n\n\n<p>\u201cTenemos padres de familia muy comprometidos, que quieren lo mejor para sus hijas e hijos, y tienen que encontrar en nosotros todo el apoyo para su formaci\u00f3n; est\u00e1n tambi\u00e9n las y los empresarios, representantes de la sociedad civil, el apoyo de las alcaldesas y alcaldes; diputadas, diputados, magistrados y magistradas\u201d, se\u00f1al\u00f3.<\/p>\n\n\n\n<p>\u201cEstamos todos aqu\u00ed reunidos para que a trav\u00e9s de este pacto sigamos construyendo la grandeza de nuestro estado\u201d, mencion\u00f3.<\/p>\n\n\n\n<p>Manolo Jim\u00e9nez reiter\u00f3 su compromiso en otros temas igual de importantes como el desarrollo econ\u00f3mico y el de seguridad, para mantener blindado a Coahuila.<\/p>\n\n\n\n<p>El secretario de Educaci\u00f3n, Emanuel Garza Fishburn, destac\u00f3 que en Coahuila existen las condiciones propicias para llevar a buen puerto esta estrategia educativa.<\/p>\n\n\n\n<p>Se\u00f1al\u00f3 que la educaci\u00f3n es una tarea de todos, por lo que exhort\u00f3 a todos los sectores de la sociedad a trabajar de la mano para beneficio de las ni\u00f1as, ni\u00f1os, adolescentes y j\u00f3venes coahuilenses.&nbsp;<\/p>\n\n\n\n<p>Detall\u00f3 que los ejes que&nbsp;&nbsp;conforman esta estrategia son:<\/p>\n\n\n\n<p>1. Liderazgo Educativo: Fortalecimiento de las capacidades de liderazgo, vertebraci\u00f3n y contribuci\u00f3n de nuestros agentes educativos.<\/p>\n\n\n\n<p>2. Aprendizajes Esenciales: Fortalecer el proceso de ense\u00f1anza aprendizaje requerido en cada nivel educativo, con especial \u00e9nfasis en el d\u00e9ficit causado por la pandemia.<\/p>\n\n\n\n<p>3. Educaci\u00f3n Global (ingl\u00e9s): Aprendizaje del idioma ingl\u00e9s para formar ciudadanos con mayores oportunidades de desarrollo en el \u00e1mbito global.<\/p>\n\n\n\n<p>4. Educaci\u00f3n Socioemocional: Fortalecimiento de las competencias socioemocionales en los agentes educativos para detonar su desarrollo personal y su convivencia arm\u00f3nica con los dem\u00e1s.<\/p>\n\n\n\n<p>5. Infraestructura Educativa: Espacios y equipamientos dignos para el aprendizaje de la comunidad escolar.<\/p>\n\n\n\n<p>6. Formaci\u00f3n Ciudadana: Fomento de valores c\u00edvicos y pr\u00e1cticos democr\u00e1ticos para formar ciudadanos comprometidos con el mejoramiento de sus comunidades.<\/p>\n\n\n\n<p>7. Desarrollo Tecnol\u00f3gico: Reducir la brecha digital y permitir el uso cr\u00edtico y responsable de tecnolog\u00edas que permitan enriquecer la experiencia en el aprendizaje.<\/p>\n\n\n\n<p>8. Deporte y Nutrici\u00f3n: Desarrollo integral de los estudiantes fomentando h\u00e1bitos saludables y la pr\u00e1ctica para mejorar su bienestar f\u00edsico y mental.<\/p>\n\n\n\n<p>9. Equidad Educativa: Fomentar el acceso equitativo a oportunidades educativas para todos los estudiantes, con principal atenci\u00f3n a poblaci\u00f3n en situaci\u00f3n de vulnerabilidad.<\/p>\n\n\n\n<p>10. Fortalecimiento Institucional: Fortalecimiento de los sistemas, pol\u00edticas y procesos de gesti\u00f3n encaminados a prestar con eficiencia nuestros servicios educativos.<\/p>\n\n\n\n<p>Acompa\u00f1aron al gobernador en esta presentaci\u00f3n, Paola Rodr\u00edguez L\u00f3pez, presidenta honoraria de Inspira Coahuila; Liliana Salinas Vald\u00e9s, presidenta honoraria del DIF Estatal; Luz Elena Morales N\u00fa\u00f1ez, diputada presidenta de la Junta de Gobierno del Congreso de Coahuila; Miguel Felipe Mery Ayup, magistrado presidente del Tribunal Superior de Justicia del Estado de Coahuila; \u00d3scar Pimentel Gonz\u00e1lez, secretario de Gobierno; Blas Jos\u00e9 Flores Gonz\u00e1lez, jefe de Gabinete y Proyectos Estrat\u00e9gicos y Octavio Pimentel Mart\u00ednez, rector de la UAdeC.&nbsp;<\/p>\n\n\n\n<p>As\u00ed como Everardo Padr\u00f3n Garc\u00eda, secretario general de la Secci\u00f3n 5; Arturo D\u00edaz Gonz\u00e1lez, secretario general de la Secci\u00f3n 35; Isela Licerio Luevano, secretaria general de la Secci\u00f3n 38; Ramiro Dur\u00e1n Garc\u00eda, alcalde de Arteaga; Juan Carlos L\u00f3pez Villarreal, vocal IP del Comit\u00e9 ISN; Beatriz Arizpe Narro, presidenta del Consejo de Alianza Educativa para el Bienestar.<\/p>\n\n\n\n<p>Adem\u00e1s de integrantes de la estructura de educaci\u00f3n b\u00e1sica, media y superior; directores de subsistemas, empresarios, sociedad civil, rectores de universidades, directivos de escuelas, alumnos representantes, padres de familia.<\/p>\n","protected":false},"excerpt":{"rendered":"<p>\u00b7&nbsp;&nbsp;&nbsp;&nbsp;&nbsp;&nbsp;Presenta Gobernador estrategia Impulso Educativo Coahuila, cumpliendo uno de sus compromisos prioritarios de campa\u00f1a Saltillo, Coahuila de Zaragoza; a 13 de agosto de 2024.- En cumplimiento a uno de sus compromisos prioritarios con las familias coahuilenses, el gobernador Manolo Jim\u00e9nez Salinas present\u00f3 la Estrategia Impulso Educativo Coahuila, que se pondr\u00e1 en marcha el pr\u00f3ximo ciclo escolar 2024-2025.&nbsp; &#8220;Presentamos la Estrategia \u2018Impulso Educativo Coahuila\u2019; con ella fortaleceremos una de las herramientas&#8230;<\/p>\n","protected":false},"author":1,"featured_media":21874,"comment_status":"closed","ping_status":"closed","sticky":false,"template":"","format":"standard","meta":{"footnotes":""},"categories":[5,9,15],"tags":[],"class_list":["post-21873","post","type-post","status-publish","format-standard","has-post-thumbnail","hentry","category-coahuila","category-educacion","category-gobierno-de-coahuila","wpcat-5-id","wpcat-9-id","wpcat-15-id"],"_links":{"self":[{"href":"https:\/\/www.aquilaguna.com\/index.php\/wp-json\/wp\/v2\/posts\/21873","targetHints":{"allow":["GET"]}}],"collection":[{"href":"https:\/\/www.aquilaguna.com\/index.php\/wp-json\/wp\/v2\/posts"}],"about":[{"href":"https:\/\/www.aquilaguna.com\/index.php\/wp-json\/wp\/v2\/types\/post"}],"author":[{"embeddable":true,"href":"https:\/\/www.aquilaguna.com\/index.php\/wp-json\/wp\/v2\/users\/1"}],"replies":[{"embeddable":true,"href":"https:\/\/www.aquilaguna.com\/index.php\/wp-json\/wp\/v2\/comments?post=21873"}],"version-history":[{"count":1,"href":"https:\/\/www.aquilaguna.com\/index.php\/wp-json\/wp\/v2\/posts\/21873\/revisions"}],"predecessor-version":[{"id":21875,"href":"https:\/\/www.aquilaguna.com\/index.php\/wp-json\/wp\/v2\/posts\/21873\/revisions\/21875"}],"wp:featuredmedia":[{"embeddable":true,"href":"https:\/\/www.aquilaguna.com\/index.php\/wp-json\/wp\/v2\/media\/21874"}],"wp:attachment":[{"href":"https:\/\/www.aquilaguna.com\/index.php\/wp-json\/wp\/v2\/media?parent=21873"}],"wp:term":[{"taxonomy":"category","embeddable":true,"href":"https:\/\/www.aquilaguna.com\/index.php\/wp-json\/wp\/v2\/categories?post=21873"},{"taxonomy":"post_tag","embeddable":true,"href":"https:\/\/www.aquilaguna.com\/index.php\/wp-json\/wp\/v2\/tags?post=21873"}],"curies":[{"name":"wp","href":"https:\/\/api.w.org\/{rel}","templated":true}]}}