{"id":21876,"date":"2024-08-14T19:29:43","date_gmt":"2024-08-15T01:29:43","guid":{"rendered":"https:\/\/www.aquilaguna.com\/?p=21876"},"modified":"2024-08-14T19:29:44","modified_gmt":"2024-08-15T01:29:44","slug":"presentan-feria-internacional-del-libro-coahuila-2024-leer-es-de-gigantes","status":"publish","type":"post","link":"https:\/\/www.aquilaguna.com\/index.php\/2024\/08\/14\/presentan-feria-internacional-del-libro-coahuila-2024-leer-es-de-gigantes\/","title":{"rendered":"PRESENTAN FERIA INTERNACIONAL DEL LIBRO COAHUILA 2024 \u201cLEER ES DE GIGANTES\u201d."},"content":{"rendered":"\n<p>\u00b7&nbsp;&nbsp;&nbsp;&nbsp;&nbsp;&nbsp;<strong><em>Se anuncia, adem\u00e1s, parte de los eventos de la Conmemoraci\u00f3n del Bicentenario de Coahuila-Texas<\/em><\/strong><\/p>\n\n\n\n<p>Saltillo, Coahuila de Zaragoza; a 13 de agosto de 2024.- Blas Flores Gonz\u00e1lez, jefe de Gabinete y Proyectos Estrat\u00e9gicos, con la representaci\u00f3n del gobernador Manolo Jim\u00e9nez Salinas, junto a Esther Quintana Salinas, secretaria de Cultura, presentaron la edici\u00f3n 26 de la Feria Internacional del Libro Coahuila \u201cLeer es de Gigantes\u201d, la cual se celebrar\u00e1 del 13 al 22 de septiembre en las instalaciones del Centro Cultural de la Universidad Aut\u00f3noma de Coahuila, campus Arteaga.<\/p>\n\n\n\n<p>En esta edici\u00f3n 26 de la FILC, se tendr\u00e1 como pa\u00eds invitado a Canad\u00e1; a Chihuahua como estado invitado; y como instituciones invitadas a la Universidad de Texas en Austin (UT Austin), la Universidad de Houston (University of Houston) y Southern Methodist University (SMU) de Dallas, como parte de los festejos del Bicentenario de la fundaci\u00f3n del Estado de Coahuila-Texas.<\/p>\n\n\n\n<p>Blas Flores destac\u00f3 que la Feria Internacional del Libro Coahuila es uno de los proyectos prioritarios del gobernador Manolo Jim\u00e9nez; se\u00f1al\u00f3 que para la actual administraci\u00f3n estatal la cultura es un factor fundamental para crear comunidad, identidad, y para hacernos una mejor sociedad.<\/p>\n\n\n\n<p>Agradeci\u00f3 y reconoci\u00f3 el trabajo de todos los involucrados en hacer que la FILC sea todo un \u00e9xito y se ofrezca con alto nivel de organizaci\u00f3n y calidad a la ciudadan\u00eda.<\/p>\n\n\n\n<p>Flores Gonz\u00e1lez mencion\u00f3 que se estar\u00e1n haciendo giras por todas las regiones de la entidad, visitando instituciones educativas, para invitar a las y los coahuilenses a asistir a la FILC, una de las ferias m\u00e1s importantes del Norte de M\u00e9xico.&nbsp;&nbsp;<\/p>\n\n\n\n<p>Asimismo, anunci\u00f3 algunas de las actividades culturales que se estar\u00e1n realizando en el marco de la conmemoraci\u00f3n del Bicentenario de la Fundaci\u00f3n del Estado Coahuila-Texas. Inform\u00f3 que se llevar\u00e1 a cabo una gira del concierto Country-Sinf\u00f3nico, con la Orquesta Filarm\u00f3nica del Desierto y el grupo de m\u00fasica country Black Cherry Country Band.<\/p>\n\n\n\n<p>El concierto, dijo, se presentar\u00e1 en Acu\u00f1a el 23 de agosto; en Piedras Negras, el 24 de agosto; en Saltillo, el 31 de agosto; en Torre\u00f3n, el 5 de septiembre; en Monclova, el 20 de septiembre; y en Sabinas, el 21 de septiembre. Los conciertos ser\u00e1n gratuitos y en redes sociales se estar\u00e1 informando la mec\u00e1nica para entregar las cortes\u00edas.&nbsp;&nbsp;&nbsp;<\/p>\n\n\n\n<p>Flores Gonz\u00e1lez agreg\u00f3 que, en el marco del Bicentenario, la gira de la Cabina Fotogr\u00e1fica ha recorrido las regiones Sureste, Carbon\u00edfera y Norte, y que pr\u00f3ximamente estar\u00e1 en La Laguna y en la regi\u00f3n Centro Desierto.<\/p>\n\n\n\n<p>Abund\u00f3 que el jueves 15 de agosto, en Sesi\u00f3n Solemne en Palacio Legislativo, se inscribir\u00e1 en letras doradas en el Muro de Honor la leyenda \u201cCoahuila, 200 A\u00f1os de Grandeza\u201d, y que ese mismo d\u00eda se abrir\u00e1 una exposici\u00f3n fotogr\u00e1fica, en coordinaci\u00f3n con el Congreso, en la que se resaltar\u00e1n los diferentes hechos hist\u00f3ricos de la celebraci\u00f3n del Bicentenario, y estar\u00e1 disponible durante agosto y septiembre recorriendo diferentes municipios de la entidad.<\/p>\n\n\n\n<p>De la misma manera, anunci\u00f3 que el documental que se realiz\u00f3 para estas mismas celebraciones se estar\u00e1 lanzando en la FILC, y posteriormente estar\u00e1 disponible en las plataformas digitales y en programas especiales en los medios de comunicaci\u00f3n.<\/p>\n\n\n\n<p>Agreg\u00f3 que, para los festejos de la Independencia de M\u00e9xico, se llevar\u00e1n a cabo una serie de actividades y espect\u00e1culos especiales que permitir\u00e1n celebrar el orgullo de ser mexicanos y de cumplir 200 a\u00f1os de la fundaci\u00f3n Coahuila-Texas.<\/p>\n\n\n\n<p>Esther Quintana Salinas, secretaria de Cultura, mencion\u00f3 que la lectura contribuye de manera importante al desarrollo integral del ser humano, porque la lectura enriquece la vida de quien lo hace; porque la lectura nos permite imaginar, crear y sacar lo mejor de nosotros mismos.<\/p>\n\n\n\n<p>Inform\u00f3 que se espera una derrama econ\u00f3mica cercana a los 17 millones de pesos y se prpyecta recibir entre 20 mil y 25 mil estudiantes de educaci\u00f3n b\u00e1sica en las visitas escolares.<\/p>\n\n\n\n<p>El representante de Canad\u00e1, Eric Gelinas, C\u00f3nsul comercial, mencion\u00f3 que algunos de los autores invitados son Garry Gottfriedson, Rosemary Sullivan (poetas) e Ingrid Bejerman, quien coordina el proyecto literario denominado \u201cHojas de Hielo\u201d, en el cual participan escritores canadienses con distintos contextos, entre ellos Garry y Rosemary.<\/p>\n\n\n\n<p>Asimismo, se dio a conocer que la FILC 2024 reinventa su imagen con un dise\u00f1o que habla de los elementos que integran la identidad coahuilense, de la importancia de leer en familia y del compromiso del gobernador Manolo Jim\u00e9nez con el desarrollo cultural de los coahuilenses.<\/p>\n\n\n\n<p>A la presentaci\u00f3n de la FILC 2024 acudieron, adem\u00e1s, F\u00e9lix Ibarra, coordinador de Difusi\u00f3n Cultural de la UAdeC; Jorge Alberto Salcido Portillo, subsecretario de Educaci\u00f3n B\u00e1sica; Natanael Espinosa Rinc\u00f3n, director de la Orquesta Filarm\u00f3nica del Desierto y Juan Salvador \u00c1lvarez de la Fuente, subsecretario de Cultura.<\/p>\n","protected":false},"excerpt":{"rendered":"<p>\u00b7&nbsp;&nbsp;&nbsp;&nbsp;&nbsp;&nbsp;Se anuncia, adem\u00e1s, parte de los eventos de la Conmemoraci\u00f3n del Bicentenario de Coahuila-Texas Saltillo, Coahuila de Zaragoza; a 13 de agosto de 2024.- Blas Flores Gonz\u00e1lez, jefe de Gabinete y Proyectos Estrat\u00e9gicos, con la representaci\u00f3n del gobernador Manolo Jim\u00e9nez Salinas, junto a Esther Quintana Salinas, secretaria de Cultura, presentaron la edici\u00f3n 26 de la Feria Internacional del Libro Coahuila \u201cLeer es de Gigantes\u201d, la cual se celebrar\u00e1 del 13&#8230;<\/p>\n","protected":false},"author":1,"featured_media":21877,"comment_status":"closed","ping_status":"closed","sticky":false,"template":"","format":"standard","meta":{"footnotes":""},"categories":[5,12,15],"tags":[],"class_list":["post-21876","post","type-post","status-publish","format-standard","has-post-thumbnail","hentry","category-coahuila","category-cultura","category-gobierno-de-coahuila","wpcat-5-id","wpcat-12-id","wpcat-15-id"],"_links":{"self":[{"href":"https:\/\/www.aquilaguna.com\/index.php\/wp-json\/wp\/v2\/posts\/21876","targetHints":{"allow":["GET"]}}],"collection":[{"href":"https:\/\/www.aquilaguna.com\/index.php\/wp-json\/wp\/v2\/posts"}],"about":[{"href":"https:\/\/www.aquilaguna.com\/index.php\/wp-json\/wp\/v2\/types\/post"}],"author":[{"embeddable":true,"href":"https:\/\/www.aquilaguna.com\/index.php\/wp-json\/wp\/v2\/users\/1"}],"replies":[{"embeddable":true,"href":"https:\/\/www.aquilaguna.com\/index.php\/wp-json\/wp\/v2\/comments?post=21876"}],"version-history":[{"count":1,"href":"https:\/\/www.aquilaguna.com\/index.php\/wp-json\/wp\/v2\/posts\/21876\/revisions"}],"predecessor-version":[{"id":21878,"href":"https:\/\/www.aquilaguna.com\/index.php\/wp-json\/wp\/v2\/posts\/21876\/revisions\/21878"}],"wp:featuredmedia":[{"embeddable":true,"href":"https:\/\/www.aquilaguna.com\/index.php\/wp-json\/wp\/v2\/media\/21877"}],"wp:attachment":[{"href":"https:\/\/www.aquilaguna.com\/index.php\/wp-json\/wp\/v2\/media?parent=21876"}],"wp:term":[{"taxonomy":"category","embeddable":true,"href":"https:\/\/www.aquilaguna.com\/index.php\/wp-json\/wp\/v2\/categories?post=21876"},{"taxonomy":"post_tag","embeddable":true,"href":"https:\/\/www.aquilaguna.com\/index.php\/wp-json\/wp\/v2\/tags?post=21876"}],"curies":[{"name":"wp","href":"https:\/\/api.w.org\/{rel}","templated":true}]}}