{"id":21879,"date":"2024-08-14T19:50:53","date_gmt":"2024-08-15T01:50:53","guid":{"rendered":"https:\/\/www.aquilaguna.com\/?p=21879"},"modified":"2024-08-14T19:50:53","modified_gmt":"2024-08-15T01:50:53","slug":"aqui-laguna-341","status":"publish","type":"post","link":"https:\/\/www.aquilaguna.com\/index.php\/2024\/08\/14\/aqui-laguna-341\/","title":{"rendered":"Aqu\u00ed Laguna."},"content":{"rendered":"\n<p>\u00a1No, no es tormenta, es diluvio! Sobre el que navegan en los postreros d\u00edas del r\u00e9gimen federal\u00a0 a cargo de Andr\u00e9s Manuel L\u00f3pez Obrador, quien a partir del pasado 25 de julio\u00a0 nomas no acierta a alcanzar &#8220;el control de da\u00f1os&#8221; que a su nave -casi casi, ya del olvido-,\u00a0 le propin\u00f3 la sustracci\u00f3n del Mayo Zambada, no tanto la entrega de Chapito\u00a0 Guzm\u00e1n\u00a0 L\u00f3pez, convertido en aut\u00e9ntico traidor\u00a0 a su gremio y de paso &#8220;a la patria&#8221; por haber cooperado, cuando no dirigido,\u00a0 la sutracci\u00f3n y entrega de un connancional, as\u00ed sea un delincuente, a fuerzas del orden del vecino pais del norte.<\/p>\n\n\n\n<p>El caso, que deber\u00eda ser en principio tema solo del orden policiaco, resulta que se ha derramado, literal y figuradamente sobre el aparato pol\u00edtico,\u00a0 y en donde obvio\u00a0 el da\u00f1o, apenas comienza, lesionando con ello las intenciones largamente\u00a0 acariciadas de nuestro peje de alcanzar la trascendencia hist\u00f3rica, que lo eleve pues\u00a0 a la adoraci\u00f3n\u00a0 del\u00a0 altar patrio, da\u00f1o que ya acusan sin duda los amlovers -que los hay-, en especial los que conforman el establismenth morenista conformado\u00a0 por los m\u00e1s de 30 gobernadores,\u00a0 que como\u00a0 &#8220;abajo firmantes&#8221; hicieron\u00a0 publicar un desplegado abonando la inocencia de su par, el Gobernador Rocha Moya\u00a0 que en accion\u00a0 \u00a0 parecida a\u00a0 algun control de da\u00f1os que pueda da\u00f1ar\u00a0 la imagen de AMLO, avalan la inocencia del primer implicado\u00a0 en esta trama, el impresentable Gobernador de Sinaloa, figura central en la trama que envuelve a la entidad que gobierna, exhibido\u00a0 quiz\u00e1s,\u00a0 como el m\u00e1s representativo\u00a0 narcoestado mexicano -pues hay varios-, muestra de la involuci\u00f3n que registra nuestra vida nacional desde hace algun tiempo, agravada con la permisiva pol\u00edtica contra el narco resumida en la\u00a0 conocida frase de &#8220;abrazos no balazos&#8221; haciendo a un lado la aplicaci\u00f3n simple y llana de la ley\u00a0 contra \u00a0 la delincuencia,\u00a0 en especial\u00a0 la de &#8220;altos vuelos&#8221;, que hizo m\u00e1s\u00a0 amplio el espacio para la connivencia\u00a0 y convivencia de\u00a0 los\u00a0 intocables capos con amplios segmentos\u00a0 del gobierno visible ya en la impedida\u00a0 detenci\u00f3n de Ovidio Guzman en el inolvidable &#8220;culiacanazo&#8221; que hizo posible a estos no solo\u00a0 tener injerencia y dominar\u00a0 el mundo delictivo del\u00a0 narco, sino su\u00a0 expansi\u00f3n\u00a0 y expresi\u00f3n legitimada \u00a0 \u00a0 que\u00a0 abarca ya no solo grandes segmentos de nuestra econom\u00eda, sino\u00a0 incursiona, seg\u00fan se ve, con \u00e9xito total \u00a1en\u00a0las universidades! como un factor de poder real, que juegan, como es el caso exhibido de Sinaloa, en la designaci\u00f3n de quienes dirigen sus destinos en la Rectoria,\u00a0 asi vaya en ello, la muerte.<\/p>\n\n\n\n<p>De ese tama\u00f1o es la p\u00edldora que\u00a0 propagandistas y aplaudidores \u00a0 quieren hacernos tragar, \u00a0 gobernadores de MORENA que para nada esperaron\u00a0 la decisi\u00f3n de alg\u00fan tribunal, \u00a0 luego de alguna\u00a0 investigaci\u00f3n exhaustiva\u00a0 de los hechos que \u00a0 incluye el\u00a0 desconcertante\u00a0 &#8220;asalto&#8221; y\u00a0 muerte\u00a0 del\u00a0 ex\u00a0 Rector de la Universidad de Sinaloa\u00a0 Melesio Cu\u00e9n, y una vez que &#8220;la voz&#8221; por interp\u00f3sita persona, el Mayo Zambada adelante la narrativa de tales hechos. En verdad\u00a0 la percepci\u00f3n\u00a0 que se ha generado y en la que \u00a0 el gobierno federal y sus instituciones\u00a0 policiacas, de seguridad nacional, etc., etc., y hasta del Embajador, Ken Salazar se encuentran m\u00e1s que enredados en mentiras, en falacias,\u00a0 y es que al parecer &#8220;El Mayo&#8221; es decir, el presunto delincuente \u00a0 ahora en manos del vecino pa\u00eds &#8220;es quien dice la verdad&#8221;\u00a0 ante\u00a0 estos\u00a0 tropiezos y enredos\u00a0 que han protagonizado hasta ahora, todos los\u00a0 opinadores oficiales\u00a0 que habitan este lado de la frontera.<\/p>\n\n\n\n<p>Por cierto, un peque\u00f1o detalle, resulta que el avi\u00f3n privado\u00a0 en que dice haber viajado a\u00a0 los Angeles California,\u00a0 el dia previo a la sustracci\u00f3n del Mayo Zambada y asesinato\u00a0 de Cuen\u00a0 la tarde noche del pasado 25 de\u00a0 julio,\u00a0 el gobernador Rocha Moya en plan de descanso, es propiedad de uno de sus compadres, el tambi\u00e9n sinaloense Jes\u00fas Vizcarra Calder\u00f3n, alcalde priista de Culiac\u00e1n\u00a0 y fallido candidato a gobernador de ese Estado, ya le est\u00e1n sacando &#8220;la garra&#8221; es decir,\u00a0 sus trapos al sol, solo por\u00a0 el peque\u00f1o detalle, toda vez que el mencionado,\u00a0 de haber sido &#8220;tocado&#8221; hace algunos a\u00f1os, por\u00a0 supuestos v\u00ednculos con el narco, de los que parece pudo &#8220;sacudirse&#8221; y quien resulta ser uno de los hombres m\u00e1s ricos del pa\u00eds, propietario de la empresa Sukarne -entre otras muchas-, pues dicen que tambi\u00e9n es\u00a0 propietario de una compa\u00f1\u00eda a\u00e9rea, y\u00a0 del rancho\u00a0 ganadero m\u00e1s grande del pa\u00eds, incluso\u00a0 hay una empresa empacadora en la zona lagunera de Durango, \u00a0 contando con muchos reconocimientos a sus m\u00e9ritos como empresario ganadero, y quien desde el 2003, sostiene en sociedad con otras figuras de la plutocracia\u00a0 nacional, incluso de Coahuila, una organizaci\u00f3n denominada &#8220;Salud Digna&#8221; encargada de proporcionar \u00a0 a bajo costo y calidad servicios\u00a0 de prevenci\u00f3n a la salud a la poblaci\u00f3n abierta, y de la cual, seg\u00fan testimonios de beneficiados con tal acci\u00f3n, en materia de estudios de nutrici\u00f3n, servicios de laboratorios, resonancias magn\u00e9ticas, electrocardiogramas, rayos x, \u00f3ptica,\u00a0 ultrasonidos,\u00a0 mastrograf\u00edas, tom\u00f3grafos, etc., etc., contando para ello y hasta el 2013,\u00a0 con 132\u00a0 sitios de atenci\u00f3n distribu\u00eddas en todo el pa\u00eds, Coahuila y Torre\u00f3n incluidos apareciendo como\u00a0 representante en estas acciones que pueden inscribirse en mera filantrop\u00eda,\u00a0 el Licenciado Enrique Mart\u00ednez\u00a0 Morales. <\/p>\n\n\n\n<p>Intensa\u00a0 las acciones que ejerce el Gobernador\u00a0 Manolo Jim\u00e9nez Salinas en pos de mantener\u00a0 la unidad de los coahuilenses, en los farragosos tiempos\u00a0 que le tocan ejercer su mandato, estas se advierten en su d\u00eda a d\u00eda, en su trato que\u00a0 otorga a\u00a0 todo personaje o no que acude a presentar saludos o peticiones en los tiempos que destina \u00a0 tras presidir alg\u00fan acto publico, y esto\u00a0 se agradece,\u00a0 con todo y la intencionalidad\u00a0 que lo genere,\u00a0 ante la rispidez que parece invadir la vida p\u00fablica en el pa\u00eds. Y en este maco se inscribe la construcci\u00f3n que realiza de la relaci\u00f3n con la pr\u00f3xima presidenta, pues en ello va,\u00a0 los espacios y las oportunidades de alcanzar beneficios tangibles para la entidad y su poblaci\u00f3n, sin que por ello deje de se\u00f1alar los &#8220;peros&#8221; que se le pueden poner a la actual relaci\u00f3n pol\u00edtica \u00a0 con el r\u00e9gimen presente, manifestado en especial, con los recortes que al hilo aplica a las finanzas\u00a0 de la entidad en materia de participaciones.<\/p>\n\n\n\n<p>En unos d\u00edas mas se estar\u00e1 conociendo la capacidad desplegada por la Universidad Aut\u00f3noma de Coahuila, para ser receptora de x n\u00famero de nuevos universitarios a sus aulas,\u00a0 y los a caminos alternos para quienes se hayan topado con algun obst\u00e1culo, as\u00ed sea el cupo\u00a0 en su intenci\u00f3n de acceder a educaci\u00f3n\u00a0 superior en\u00a0 una instituci\u00f3n\u00a0 p\u00fablica.<\/p>\n\n\n\n<p>Por cierto, si ve por ah\u00ed al Maestro en ciencias Manuel Medina Elizando, felic\u00edtelo, pues\u00a0 uno de sus egresados del \u00e1rea a su\u00a0 cargo en la Facultad de Contadur\u00eda y Administraci\u00f3n Emilia Esther Calleja Alor, result\u00f3 designada\u00a0 por la pr\u00f3xima presidenta del pa\u00eds, como nueva titular de la\u00a0 CFE, dejando fuera a  Manuel Bartlett quien\u00a0 se cre\u00eda innamovible en tal cargo.<\/p>\n","protected":false},"excerpt":{"rendered":"<p>\u00a1No, no es tormenta, es diluvio! Sobre el que navegan en los postreros d\u00edas del r\u00e9gimen federal\u00a0 a cargo de Andr\u00e9s Manuel L\u00f3pez Obrador, quien a partir del pasado 25 de julio\u00a0 nomas no acierta a alcanzar &#8220;el control de da\u00f1os&#8221; que a su nave -casi casi, ya del olvido-,\u00a0 le propin\u00f3 la sustracci\u00f3n del Mayo Zambada, no tanto la entrega de Chapito\u00a0 Guzm\u00e1n\u00a0 L\u00f3pez, convertido en aut\u00e9ntico traidor\u00a0 a&#8230;<\/p>\n","protected":false},"author":2,"featured_media":0,"comment_status":"closed","ping_status":"","sticky":false,"template":"","format":"standard","meta":{"footnotes":""},"categories":[8],"tags":[],"class_list":["post-21879","post","type-post","status-publish","format-standard","hentry","category-aqui-laguna","wpcat-8-id"],"_links":{"self":[{"href":"https:\/\/www.aquilaguna.com\/index.php\/wp-json\/wp\/v2\/posts\/21879","targetHints":{"allow":["GET"]}}],"collection":[{"href":"https:\/\/www.aquilaguna.com\/index.php\/wp-json\/wp\/v2\/posts"}],"about":[{"href":"https:\/\/www.aquilaguna.com\/index.php\/wp-json\/wp\/v2\/types\/post"}],"author":[{"embeddable":true,"href":"https:\/\/www.aquilaguna.com\/index.php\/wp-json\/wp\/v2\/users\/2"}],"replies":[{"embeddable":true,"href":"https:\/\/www.aquilaguna.com\/index.php\/wp-json\/wp\/v2\/comments?post=21879"}],"version-history":[{"count":1,"href":"https:\/\/www.aquilaguna.com\/index.php\/wp-json\/wp\/v2\/posts\/21879\/revisions"}],"predecessor-version":[{"id":21880,"href":"https:\/\/www.aquilaguna.com\/index.php\/wp-json\/wp\/v2\/posts\/21879\/revisions\/21880"}],"wp:attachment":[{"href":"https:\/\/www.aquilaguna.com\/index.php\/wp-json\/wp\/v2\/media?parent=21879"}],"wp:term":[{"taxonomy":"category","embeddable":true,"href":"https:\/\/www.aquilaguna.com\/index.php\/wp-json\/wp\/v2\/categories?post=21879"},{"taxonomy":"post_tag","embeddable":true,"href":"https:\/\/www.aquilaguna.com\/index.php\/wp-json\/wp\/v2\/tags?post=21879"}],"curies":[{"name":"wp","href":"https:\/\/api.w.org\/{rel}","templated":true}]}}