{"id":21904,"date":"2024-08-17T10:03:05","date_gmt":"2024-08-17T16:03:05","guid":{"rendered":"https:\/\/www.aquilaguna.com\/?p=21904"},"modified":"2024-08-17T10:03:05","modified_gmt":"2024-08-17T16:03:05","slug":"entrega-uadec-las-becas-de-movilidad-estudiantil-internacional-2024-lobos-internacionales","status":"publish","type":"post","link":"https:\/\/www.aquilaguna.com\/index.php\/2024\/08\/17\/entrega-uadec-las-becas-de-movilidad-estudiantil-internacional-2024-lobos-internacionales\/","title":{"rendered":"Entrega UAdeC las Becas de Movilidad Estudiantil Internacional 2024 \u201cLobos Internacionales\u201d."},"content":{"rendered":"\n<p>ARTEAGA, Coahuila. 15 de agosto de 2024. La Universidad Aut\u00f3noma de<br>Coahuila a trav\u00e9s de la Coordinaci\u00f3n General de Relaciones Internacionales,<br>entreg\u00f3 las Becas de Movilidad Estudiantil Internacional 2024 \u201cLobos<br>Internacionales\u201d a los estudiantes que realizar\u00e1n su movilidad internacional en el<br>semestre agosto-diciembre, as\u00ed como las constancias a quienes regresaron de su<br>estancia de movilidad del semestre enero-junio.<\/p>\n\n\n\n<p>A los alumnos que est\u00e1n por realizar su estancia recibieron su constancia de<br>movilidad internacional, apoyo econ\u00f3mico, una playera de \u201cLobos Internacionales\u201d<br>y la Bandera de M\u00e9xico, como dignos representantes de nuestro pa\u00eds.<\/p>\n\n\n\n<p>La ceremonia se llev\u00f3 a cabo en la Sala de Videoconferencias de la Infoteca<br>Campus Arteaga, a donde asisti\u00f3 el rector de la m\u00e1xima casa de estudios, Octavio<br>Pimentel Mart\u00ednez, el tesorero general, Evaristo Alf\u00e9rez Rodr\u00edguez, la<br>coordinadora de Unidad Saltillo, Eva Kerena Hern\u00e1ndez Mart\u00ednez, la coordinadora<br>general de Relaciones Internacionales, Lourdes Morales Oyervides, el<br>subcoordinador general acad\u00e9mico, Juan Roberto Benavente y el director del<br>Instituto Coahuilense de la Juventud, Iv\u00e1n Terashima Zamora, funcionariado<br>universitario y directores de las diversas Escuelas, Facultades e Institutos.<br>En su mensaje, el Rector coment\u00f3 que cuando se trabaja en equipo se obtienen<br>mejores resultados, logrando tener a profesionales m\u00e1s competentes y preparados<br>que es lo que se necesita en un mundo cambiante, por ello, destac\u00f3 que el<br>programa como \u201cLobos Internacionales\u201d debe de permanecer siempre \u201cCuando se<br>trate de invertirle a la juventud y al desarrollo de los j\u00f3venes no vamos a escatimar<br>en ello\u201d.<br>Agradeci\u00f3 el trabajo realizado por los colaboradores de la Coordinaci\u00f3n General<br>de Relaciones Internacionales y al tesorero Evaristo Alf\u00e9rez, por darse a la tarea<br>de buscar la manera de apoyar a los universitarios quienes van a representar<br>dignamente a la UAdeC.<br>\u201cJ\u00f3venes ya son agentes de cambio, el d\u00eda de ma\u00f1ana van a transformar a la<br>sociedad, se les va a abrir la mente, conocer\u00e1n otra cultura, conocer\u00e1n como son<br>las cosas en otro pa\u00eds, otras costumbres y otras formas de vida, dejen huella en<br>donde est\u00e9n, llenen su esp\u00edritu y representen a la Universidad en todos los<br>lugares, recuerden que en cada paso que den llevan el apoyo de la manada de<br>Los Lobos\u201d, dijo.<br>Por su parte, la coordinadora general de Relaciones Internacionales, Lourdes<br>Morales Oyervides, se\u00f1alo que es fundamental que los j\u00f3venes exploren el<br>mundo, ya que realizar una movilidad internacional no es solo una oportunidad de<br>aprender en otro pa\u00eds, sino que tambi\u00e9n es una experiencia transformadora en la<br>que se presentan retos y se conoce una nueva cultura.<br>Enfatiz\u00f3 en que la m\u00e1xima casa de estudios est\u00e1 comprometida con el desarrollo<br>integral de sus estudiantes, al proyectarlos a nivel global, por ello agradeci\u00f3 al<br>rector Octavio Pimentel Mart\u00ednez y al tesorero Evaristo Alf\u00e9rez por todo el apoyo<br>que les han brindado.<br>El estudiante de la Facultad de Sistemas Unidad Saltillo, Pablo David Gonz\u00e1lez<br>Barr\u00f3n, comparti\u00f3 su experiencia como parte del programa de Lobos<br>Internacionales que lo llev\u00f3 a realizar una estancia en China en el Instituto<br>Tecnol\u00f3gico de Beijing, se\u00f1al\u00f3 que su meta siempre fui estudiar en dicho pa\u00eds<br>para aprender de una de las industrias m\u00e1s grandes del mundo.<br>Destac\u00f3 que un intercambio internacional abre la mente, pues permite ampliar la<br>visi\u00f3n y afrontar nuevos retos, por ello agradeci\u00f3 a sus docentes por impulsarlo y a<br>su familia por siempre alentarlo a tomar nuevas oportunidades, exhort\u00f3 a los<br>alumnos a ser parte del Programa \u201cLobos Internacionales\u201d.<br>Los alumnos que realizar\u00e1n su estancia de movilidad en el semestre agosto-<br>diciembre 2024 son: de la Facultad de Ciencias de la Comunicaci\u00f3n, F\u00e1tima<br>Ponce Moreno y M\u00f3nica Anah\u00ed Valdez Menchaca van a Espa\u00f1a; de la Escuela de<br>Arquitectura, Diego Villarreal Lomeli ir\u00e1 a Italia; de la Facultad de Jurisprudencia,<br>Enrique Medina Trevi\u00f1o, Maritere Saucedo Reyes y Sonia Melissa Cardona<br>Moreno van a Espa\u00f1a; de la Facultad de Ciencia, Educaci\u00f3n y Humanidades,<br>Jimena del Carmen Campos Gordillo a Estados Unidos; Facultad de Arquitectura,<br>Idalia Monserrat Garc\u00eda L\u00f3pez y Mar\u00eda Fernanda Fr\u00edas Ochoa a Espa\u00f1a; Facultad<br>de Econom\u00eda y Mercadotecnia, Natalia Rangel Pallares a Colombia.<br>Del Instituto de Lenguas Extranjeras, Jos\u00e9 Guadalupe Mart\u00ednez Banda a Estados<br>Unidos; Facultad de Ciencias Pol\u00edticas y Sociales, Lesly Estefan\u00eda Guti\u00e9rrez<br>N\u00fa\u00f1ez e Itzel Barrionuevo Trejo a Colombia y Grecia Dannahe Luna Salazar a<br>Espa\u00f1a; Facultad de Ciencias Biol\u00f3gicas, Valeria Mac\u00edas Casas, Ana Luisa L\u00f3pez<br>Gonz\u00e1lez a Espa\u00f1a y Marlies Sol\u00eds Rodr\u00edguez a Corea del Sur; Facultad de<br>Contadur\u00eda y Administraci\u00f3n, Danna Estefany De Santiago Tovar a Espa\u00f1a;<br>Facultad de Ciencias Qu\u00edmicas, Emilia Elena Jim\u00e9nez G\u00f3mez a Brasil; Escuela de<br>Psicolog\u00eda, Mario Campos Mendoza a Colombia; Coordinaci\u00f3n General de<br>Educaci\u00f3n a Distancia, Fernando Atilano Garc\u00eda a Alemania.<br>Por otro lado, los estudiantes que regresaron de su estancia realizada en enero-<br>junio 2024 son: Escuela de Arquitectura, Danna Paola Paniagua Monarrez y Karla<br>Gabriela Quimiro Mart\u00ednez; Facultad de Sistemas, Jorge Eduardo Posada P\u00e9rez,<br>Odalys Guadalupe Leza Uresti, Pablo David Gonz\u00e1lez Barr\u00f3n, Enrique Armando<br>Acosta L\u00f3pez y Diego Mendoza Garc\u00eda; Escuela de Sistemas &#8220;Prof. Marcial Ruiz<br>Vargas&#8221;, Jorge Rodr\u00edguez Flores y Jes\u00fas Daniel Garc\u00eda Vargas; Facultad de<br>Administraci\u00f3n y Contadur\u00eda (Piedras Negras), Diana Loretto Torres Gu\u00eda;<br>Facultad de Ciencias Qu\u00edmicas, Griselda Alejandra Cadena Salazar; Facultad de<br>Ciencias de la Administraci\u00f3n, Horacio El\u00ed Villegas Garc\u00eda.<br>Facultad de Econom\u00eda, Claudia Irene Zapata Hern\u00e1ndez, Juan Jaime Flores<br>Aguirre; Facultad de Arquitectura, Juan Pablo Pacheco Flores; Facultad de<br>Odontolog\u00eda, Mirel Yocelin Chicano Calder\u00f3n, Scarlet G\u00f3mez Alonso Mart\u00ednez y<br>Mar\u00eda Fernanda Ortega Aguirre; Facultad de Psicolog\u00eda, Natalia Gonz\u00e1lez Garc\u00eda;<br>Facultad de Contadur\u00eda y Administraci\u00f3n (Monclova), Kenya Joseline Zapata<br>Mart\u00ednez; Facultad de Jurisprudencia, \u00c1ngel David Mart\u00ednez Coronado.<\/p>\n","protected":false},"excerpt":{"rendered":"<p>ARTEAGA, Coahuila. 15 de agosto de 2024. La Universidad Aut\u00f3noma deCoahuila a trav\u00e9s de la Coordinaci\u00f3n General de Relaciones Internacionales,entreg\u00f3 las Becas de Movilidad Estudiantil Internacional 2024 \u201cLobosInternacionales\u201d a los estudiantes que realizar\u00e1n su movilidad internacional en elsemestre agosto-diciembre, as\u00ed como las constancias a quienes regresaron de suestancia de movilidad del semestre enero-junio. A los alumnos que est\u00e1n por realizar su estancia recibieron su constancia demovilidad internacional, apoyo econ\u00f3mico, una&#8230;<\/p>\n","protected":false},"author":1,"featured_media":21905,"comment_status":"closed","ping_status":"closed","sticky":false,"template":"","format":"standard","meta":{"footnotes":""},"categories":[2],"tags":[],"class_list":["post-21904","post","type-post","status-publish","format-standard","has-post-thumbnail","hentry","category-uadec","wpcat-2-id"],"_links":{"self":[{"href":"https:\/\/www.aquilaguna.com\/index.php\/wp-json\/wp\/v2\/posts\/21904","targetHints":{"allow":["GET"]}}],"collection":[{"href":"https:\/\/www.aquilaguna.com\/index.php\/wp-json\/wp\/v2\/posts"}],"about":[{"href":"https:\/\/www.aquilaguna.com\/index.php\/wp-json\/wp\/v2\/types\/post"}],"author":[{"embeddable":true,"href":"https:\/\/www.aquilaguna.com\/index.php\/wp-json\/wp\/v2\/users\/1"}],"replies":[{"embeddable":true,"href":"https:\/\/www.aquilaguna.com\/index.php\/wp-json\/wp\/v2\/comments?post=21904"}],"version-history":[{"count":1,"href":"https:\/\/www.aquilaguna.com\/index.php\/wp-json\/wp\/v2\/posts\/21904\/revisions"}],"predecessor-version":[{"id":21906,"href":"https:\/\/www.aquilaguna.com\/index.php\/wp-json\/wp\/v2\/posts\/21904\/revisions\/21906"}],"wp:featuredmedia":[{"embeddable":true,"href":"https:\/\/www.aquilaguna.com\/index.php\/wp-json\/wp\/v2\/media\/21905"}],"wp:attachment":[{"href":"https:\/\/www.aquilaguna.com\/index.php\/wp-json\/wp\/v2\/media?parent=21904"}],"wp:term":[{"taxonomy":"category","embeddable":true,"href":"https:\/\/www.aquilaguna.com\/index.php\/wp-json\/wp\/v2\/categories?post=21904"},{"taxonomy":"post_tag","embeddable":true,"href":"https:\/\/www.aquilaguna.com\/index.php\/wp-json\/wp\/v2\/tags?post=21904"}],"curies":[{"name":"wp","href":"https:\/\/api.w.org\/{rel}","templated":true}]}}