{"id":21973,"date":"2024-08-21T19:20:42","date_gmt":"2024-08-22T01:20:42","guid":{"rendered":"https:\/\/www.aquilaguna.com\/?p=21973"},"modified":"2024-08-21T19:20:43","modified_gmt":"2024-08-22T01:20:43","slug":"la-sobrerrepresentacion-no-es-voluntad-del-pueblo-es-un-capricho-de-morena-julen-rementeria","status":"publish","type":"post","link":"https:\/\/www.aquilaguna.com\/index.php\/2024\/08\/21\/la-sobrerrepresentacion-no-es-voluntad-del-pueblo-es-un-capricho-de-morena-julen-rementeria\/","title":{"rendered":"LA SOBRERREPRESENTACI\u00d3N NO ES VOLUNTAD DEL PUEBLO, ES UN CAPRICHO DE MORENA: JULEN REMENTER\u00cdA."},"content":{"rendered":"\n<ul class=\"wp-block-list\">\n<li><strong>Es mentira cuando dicen que la gente vot\u00f3 por eso, agreg\u00f3<\/strong><\/li>\n<\/ul>\n\n\n\n<p>El coordinador de las senadoras y los senadores del Partido Acci\u00f3n Nacional (PAN), Julen Rementer\u00eda del Puerto, asegur\u00f3 que la sobrerrepresentaci\u00f3n no es voluntad del pueblo, sino que es el \u201ccapricho perverso\u201d del partido en el poder.<\/p>\n\n\n\n<p>\u201cEs mentira cuando dicen, \u2018oye, es que la gente vot\u00f3 por eso\u2019, s\u00f3lo es un capricho perverso. Primero, la gente no vot\u00f3, ya se dijo hasta el cansancio. Lo que se est\u00e1 obteniendo con esta asignaci\u00f3n que se hace todav\u00eda en esta Comisi\u00f3n de Prerrogativas del INE es que alguien que obtuvo el 56 por ciento se vaya al 75 por ciento y alguien que obtuvo el 43 por ciento se vaya al 25 por ciento\u201d, declar\u00f3.<\/p>\n\n\n\n<p>Rementer\u00eda del Puerto explic\u00f3 que los partidos de la coalici\u00f3n oficialista obtuvieron 32 millones 535 mil 23 votos, esto es el 54.7 por ciento de los votos, es decir, los ciudadanos no le dieron 74 por ciento de los votos, \u00fanicamente obtuvieron el 54 por ciento de los votos y quiere obtener perversamente el 74.6 por ciento de las curules en el Congreso, o sea un 20 por ciento m\u00e1s que sus votos recibidos.<\/p>\n\n\n\n<p>\u201cLos partidos de oposici\u00f3n recibieron 24 millones 620 mil 253 votos, el 41 por ciento de los votos emitidos y s\u00f3lo quieren darnos alrededor del 25 por ciento de las curules. En el caso del PAN, tuvimos el 18 por ciento de la votaci\u00f3n y quieren darnos el 13 por ciento de los curules, mientras al Verde, que con tan solo el 9 por ciento de votaci\u00f3n tendr\u00e1 el 15 por ciento de los curules. Parece injusto que el n\u00famero de votos para conseguir una curul sea tan descaradamente desproporcional\u201d, se\u00f1al\u00f3.<\/p>\n\n\n\n<p>En entrevista, el legislador explic\u00f3 que Morena y aliados son una minor\u00eda relativamente grande y la sobrerrepresentaci\u00f3n es un completo atentado contra la igualdad del voto, porque la Constituci\u00f3n es clara y establece que ning\u00fan partido pol\u00edtico puede tener 300 diputados.<\/p>\n\n\n\n<p>\u201cLo que se est\u00e1 obteniendo con esta asignaci\u00f3n que se hace todav\u00eda en esta Comisi\u00f3n de Prerrogativas del INE es que alguien que obtuvo el 56 por ciento se vaya al 75 por ciento y alguien que obtuvo el 43 por ciento se vaya al 25 por ciento, es decir, un voto por el PT o PVEM valdr\u00eda dos veces que uno por el PAN, tres veces que uno por el PRI y cuatro veces que uno por MC. Est\u00e1n alterando la voluntad popular\u201d, a\u00f1adi\u00f3.<\/p>\n\n\n\n<p>El coordinador del PAN en el Senado remarc\u00f3 que este gobierno se est\u00e1 convirtiendo en un gobierno aut\u00e9nticamente represor, y parece que el Presidente se est\u00e1 desequilibrando al presionar a los \u00f3rganos aut\u00f3nomos.<\/p>\n\n\n\n<p>\u201cLo que est\u00e1 sucediendo es que est\u00e1 diciendo cosas, presionando a todo mundo, por supuesto, al INE, a los magistrados, a los magistrados del Tribunal Electoral, seguramente tambi\u00e9n los han de estar presionando de todas las formas, y vemos como las instituciones aut\u00f3nomas, que as\u00ed deb\u00edan de ser, pues no est\u00e1n pudiendo resolver con ese car\u00e1cter de autonom\u00eda, de libertad, porque hay un gobierno que est\u00e1 con el pie atr\u00e1s, con la pistola en la sien, apunt\u00e1ndoles por si no hacen lo que ellos quieren\u201d, concluy\u00f3.<\/p>\n","protected":false},"excerpt":{"rendered":"<p>El coordinador de las senadoras y los senadores del Partido Acci\u00f3n Nacional (PAN), Julen Rementer\u00eda del Puerto, asegur\u00f3 que la sobrerrepresentaci\u00f3n no es voluntad del pueblo, sino que es el \u201ccapricho perverso\u201d del partido en el poder. \u201cEs mentira cuando dicen, \u2018oye, es que la gente vot\u00f3 por eso\u2019, s\u00f3lo es un capricho perverso. Primero, la gente no vot\u00f3, ya se dijo hasta el cansancio. Lo que se est\u00e1 obteniendo&#8230;<\/p>\n","protected":false},"author":1,"featured_media":0,"comment_status":"closed","ping_status":"closed","sticky":false,"template":"","format":"standard","meta":{"footnotes":""},"categories":[17,51],"tags":[],"class_list":["post-21973","post","type-post","status-publish","format-standard","hentry","category-pan","category-senado","wpcat-17-id","wpcat-51-id"],"_links":{"self":[{"href":"https:\/\/www.aquilaguna.com\/index.php\/wp-json\/wp\/v2\/posts\/21973","targetHints":{"allow":["GET"]}}],"collection":[{"href":"https:\/\/www.aquilaguna.com\/index.php\/wp-json\/wp\/v2\/posts"}],"about":[{"href":"https:\/\/www.aquilaguna.com\/index.php\/wp-json\/wp\/v2\/types\/post"}],"author":[{"embeddable":true,"href":"https:\/\/www.aquilaguna.com\/index.php\/wp-json\/wp\/v2\/users\/1"}],"replies":[{"embeddable":true,"href":"https:\/\/www.aquilaguna.com\/index.php\/wp-json\/wp\/v2\/comments?post=21973"}],"version-history":[{"count":1,"href":"https:\/\/www.aquilaguna.com\/index.php\/wp-json\/wp\/v2\/posts\/21973\/revisions"}],"predecessor-version":[{"id":21974,"href":"https:\/\/www.aquilaguna.com\/index.php\/wp-json\/wp\/v2\/posts\/21973\/revisions\/21974"}],"wp:attachment":[{"href":"https:\/\/www.aquilaguna.com\/index.php\/wp-json\/wp\/v2\/media?parent=21973"}],"wp:term":[{"taxonomy":"category","embeddable":true,"href":"https:\/\/www.aquilaguna.com\/index.php\/wp-json\/wp\/v2\/categories?post=21973"},{"taxonomy":"post_tag","embeddable":true,"href":"https:\/\/www.aquilaguna.com\/index.php\/wp-json\/wp\/v2\/tags?post=21973"}],"curies":[{"name":"wp","href":"https:\/\/api.w.org\/{rel}","templated":true}]}}