{"id":21986,"date":"2024-08-22T22:12:59","date_gmt":"2024-08-23T04:12:59","guid":{"rendered":"https:\/\/www.aquilaguna.com\/?p=21986"},"modified":"2024-08-22T22:13:00","modified_gmt":"2024-08-23T04:13:00","slug":"roman-alberto-cepeda-gonzalez-entrega-reconocimientos-a-bomberos-de-torreon-por-su-heroismo-y-perseverancia","status":"publish","type":"post","link":"https:\/\/www.aquilaguna.com\/index.php\/2024\/08\/22\/roman-alberto-cepeda-gonzalez-entrega-reconocimientos-a-bomberos-de-torreon-por-su-heroismo-y-perseverancia\/","title":{"rendered":"Rom\u00e1n Alberto Cepeda Gonz\u00e1lez entrega reconocimientos a bomberos de Torre\u00f3n, por su hero\u00edsmo y perseverancia."},"content":{"rendered":"\n<p>Torre\u00f3n, Coahuila. A 22 de agosto de 2024.<\/p>\n\n\n\n<p>En el D\u00eda del Bombero, el alcalde Rom\u00e1n Alberto Cepeda Gonz\u00e1lez entreg\u00f3<br>medallas de Honor, Perseverancia y Hero\u00edsmo, a elementos que han destacado<br>en el cumplimiento de su deber.<\/p>\n\n\n\n<p>La ma\u00f1ana de este jueves, el edil se reuni\u00f3 con 120 bomberos de Torre\u00f3n, y sus<br>familias, con el objetivo de felicitarlos por su labor diaria y actos heroicos que<br>realizan en favor de la ciudadan\u00eda.<\/p>\n\n\n\n<p>Cada 22 de agosto se celebra en M\u00e9xico el D\u00eda del Bombero.<\/p>\n\n\n\n<p>El Presidente Municipal entreg\u00f3 reconocimientos a 59 elementos del Cuerpo de<br>Bomberos por su trabajo destacado en diferentes \u00e1mbitos.<\/p>\n\n\n\n<p>\u201cFelicidades en su d\u00eda. Mi reconocimiento por el valor, el respeto, y sobre todo por<br>la imagen que le han dado a un Cuerpo de Bomberos que, d\u00eda a d\u00eda desde el<br>primero de enero de 2022, hemos tratado de honrar, de dignificar y de esforzarnos<br>porque tengan mejores condiciones\u201d, dijo el edil.<\/p>\n\n\n\n<p>En su mensaje, Rom\u00e1n Alberto Cepeda Gonz\u00e1lez, asegur\u00f3 que los bomberos<br>cuentan con el apoyo de la Administraci\u00f3n Municipal.<\/p>\n\n\n\n<p>\u201cMi profundo reconcomiendo a los 120 elementos, donde adem\u00e1s por primera vez<br>se incorporan cuatro mujeres al Cuerpo de Bomberos en esta Administraci\u00f3n;<br>tienen todo mi apoyo, mi respaldo, y el compromiso de que continuaremos<br>haciendo un esfuerzo por mejorar sus condiciones econ\u00f3micas y profesionales\u201d.<\/p>\n\n\n\n<p>Adem\u00e1s, destac\u00f3 la capacitaci\u00f3n constante que han recibido los bomberos,<br>incluso a nivel internacional, para brindar un mejor servicio a la poblaci\u00f3n.<\/p>\n\n\n\n<p>\u201cQuienes est\u00e1n en el d\u00eda a d\u00eda en eventos como el ocurrido en el fraccionamiento<br>San Luciano, o al momento en que una persona que quiere privarse de la vida, o<br>en el rescate de un animal, son actos heroicos para los que est\u00e1n preparados con<br>la permanente capacitaci\u00f3n que reciben, como fue recientemente por segunda<br>ocasi\u00f3n en Carolina del Norte\u201d, mencion\u00f3.<\/p>\n\n\n\n<p>El Presidente Municipal dijo que el trabajo de los bomberos es importante para su<br>Administraci\u00f3n, y se comprometi\u00f3 a continuar mejorando las condiciones laborales<br>de los elementos, y reconocer siempre las acciones heroicas.<\/p>\n\n\n\n<p>\u201cTienen el reconocimiento del Municipio y el honor de servir a esta tierra que es<br>Torre\u00f3n, Coahuila y M\u00e9xico\u201d, expres\u00f3 el edil.<\/p>\n\n\n\n<p>Jorge Luis Ju\u00e1rez Llanas, director de Protecci\u00f3n Civil y Bomberos, destac\u00f3 el<br>papel de las familias de los bomberos, pues sin su apoyo no podr\u00edan dar el 100<br>por ciento en el trabajo.<\/p>\n\n\n\n<p>\u201cLos a\u00f1os 2022-2023-2024, han sido a\u00f1os muy buenos para la dependencia. Se<br>han hecho cosas muy favorables de la mano del Alcalde, pues contamos con<br>mejor equipamiento, mejores unidades, sobre todo el adiestramiento porque<br>hemos pasado desde capacitaciones locales, regionales, hasta internacionales\u201d,<br>mencion\u00f3.<\/p>\n\n\n\n<p>El director dijo que la preparaci\u00f3n del personal, no solo en su trabajo, sino a nivel<br>personal con estudios de bachillerato, les permite un mejor desempe\u00f1o.<\/p>\n\n\n\n<p>\u201cEs un orgullo para m\u00ed formar parte de esta dependencia tan bonita, que de ni\u00f1os<br>todos queremos ser bomberos o polic\u00edas y a m\u00ed se me cumpli\u00f3, formo parte de<br>este valioso departamento en que d\u00eda a d\u00eda los elementos arriesgan su vida como<br>h\u00e9roes\u201d, dijo Ju\u00e1rez Llanas.<\/p>\n\n\n\n<p>Julissa Lizzeth Garc\u00eda Escobar, integrante del Cuerpo de Bomberos, agradeci\u00f3 al<br>Alcalde por el inter\u00e9s de la Administraci\u00f3n en la preparaci\u00f3n del personal y el<br>equipamiento que les permite brindar un servicio m\u00e1s profesional.<\/p>\n\n\n\n<p>Se entreg\u00f3 medalla de Honor a Julio C\u00e9sar Garc\u00eda, instructor de nataci\u00f3n que<br>capacita a bomberos en rescate acu\u00e1tico; por Hero\u00edsmo a Francisco Javier<br>Mart\u00ednez, primer respondiente en la explosi\u00f3n de san Luciano y rescatista en<br>terremoto de Turqu\u00eda e inundaciones en Brasil; y de Perseverancia a Guillermo<br>Romero Monreal, por 29 a\u00f1os de servicio.<\/p>\n\n\n\n<p>Adem\u00e1s, recibieron reconocimientos por actos heroicos: Domingo Javier Chac\u00f3n<br>Olivares, Roberto Guadalupe Ibarra Zamora y Fernando S\u00e1nchez Rocha, y otros<br>50 elementos.<\/p>\n\n\n\n<p>Estuvieron presentes tambi\u00e9n Felipe Gonz\u00e1lez Miranda, diputado local; Luis Jorge<br>Cuerda Serna, primer regidor; Jorge Rosas Mart\u00ednez, presidente del Patronato de<br>Bomberos; y el comandante de bomberos Francisco Mart\u00ednez Chavarr\u00eda.<\/p>\n","protected":false},"excerpt":{"rendered":"<p>Torre\u00f3n, Coahuila. A 22 de agosto de 2024. En el D\u00eda del Bombero, el alcalde Rom\u00e1n Alberto Cepeda Gonz\u00e1lez entreg\u00f3medallas de Honor, Perseverancia y Hero\u00edsmo, a elementos que han destacadoen el cumplimiento de su deber. La ma\u00f1ana de este jueves, el edil se reuni\u00f3 con 120 bomberos de Torre\u00f3n, y susfamilias, con el objetivo de felicitarlos por su labor diaria y actos heroicos querealizan en favor de la ciudadan\u00eda. Cada&#8230;<\/p>\n","protected":false},"author":1,"featured_media":21987,"comment_status":"closed","ping_status":"closed","sticky":false,"template":"","format":"standard","meta":{"footnotes":""},"categories":[5,28,7],"tags":[],"class_list":["post-21986","post","type-post","status-publish","format-standard","has-post-thumbnail","hentry","category-coahuila","category-la-laguna","category-torreon","wpcat-5-id","wpcat-28-id","wpcat-7-id"],"_links":{"self":[{"href":"https:\/\/www.aquilaguna.com\/index.php\/wp-json\/wp\/v2\/posts\/21986","targetHints":{"allow":["GET"]}}],"collection":[{"href":"https:\/\/www.aquilaguna.com\/index.php\/wp-json\/wp\/v2\/posts"}],"about":[{"href":"https:\/\/www.aquilaguna.com\/index.php\/wp-json\/wp\/v2\/types\/post"}],"author":[{"embeddable":true,"href":"https:\/\/www.aquilaguna.com\/index.php\/wp-json\/wp\/v2\/users\/1"}],"replies":[{"embeddable":true,"href":"https:\/\/www.aquilaguna.com\/index.php\/wp-json\/wp\/v2\/comments?post=21986"}],"version-history":[{"count":1,"href":"https:\/\/www.aquilaguna.com\/index.php\/wp-json\/wp\/v2\/posts\/21986\/revisions"}],"predecessor-version":[{"id":21988,"href":"https:\/\/www.aquilaguna.com\/index.php\/wp-json\/wp\/v2\/posts\/21986\/revisions\/21988"}],"wp:featuredmedia":[{"embeddable":true,"href":"https:\/\/www.aquilaguna.com\/index.php\/wp-json\/wp\/v2\/media\/21987"}],"wp:attachment":[{"href":"https:\/\/www.aquilaguna.com\/index.php\/wp-json\/wp\/v2\/media?parent=21986"}],"wp:term":[{"taxonomy":"category","embeddable":true,"href":"https:\/\/www.aquilaguna.com\/index.php\/wp-json\/wp\/v2\/categories?post=21986"},{"taxonomy":"post_tag","embeddable":true,"href":"https:\/\/www.aquilaguna.com\/index.php\/wp-json\/wp\/v2\/tags?post=21986"}],"curies":[{"name":"wp","href":"https:\/\/api.w.org\/{rel}","templated":true}]}}