{"id":22013,"date":"2024-08-26T08:13:50","date_gmt":"2024-08-26T14:13:50","guid":{"rendered":"https:\/\/www.aquilaguna.com\/?p=22013"},"modified":"2024-08-26T08:13:51","modified_gmt":"2024-08-26T14:13:51","slug":"revisan-rutas-de-transporte-para-su-correcta-operacion-en-este-regreso-a-clases","status":"publish","type":"post","link":"https:\/\/www.aquilaguna.com\/index.php\/2024\/08\/26\/revisan-rutas-de-transporte-para-su-correcta-operacion-en-este-regreso-a-clases\/","title":{"rendered":"Revisan rutas de transporte para su correcta operaci\u00f3n en este regreso a clases."},"content":{"rendered":"\n<p>Torre\u00f3n, Coahuila. A 25 de agosto de 2024.<\/p>\n\n\n\n<p>Ante el incremento de la movilidad por el regreso a clases, personal de la<br>Direcci\u00f3n de Transporte P\u00fablico de Torre\u00f3n, supervisa que los choferes de<br>autobuses cumplan con las rutas y horarios establecidos en beneficio de los<br>usuarios.<\/p>\n\n\n\n<p>Rodrigo Mu\u00f1oz Montejano, director de la dependencia, dijo que en el periodo<br>vacacional, las rutas disminuyen de un 30 a un 50 por ciento en su operatividad,<br>sin embargo, conforme se aproxima el regreso a clases, comienza a regularizarse<br>el servicio.<\/p>\n\n\n\n<p>Se\u00f1al\u00f3 que a partir de la semana en curso, comenz\u00f3 a regularse el 100 por ciento<br>del servicio de las rutas de transporte.<\/p>\n\n\n\n<p>\u201cPlaticamos con representantes de las l\u00edneas de autobuses, en donde en<br>vacaciones baja el aforo de un 30 a 50 por ciento, y se les pidi\u00f3 que ya se fueran<br>reincorporando a la actividad habitual, por lo que a partir de esta semana se<br>normaliz\u00f3 el servicio en su totalidad\u201d, mencion\u00f3.<\/p>\n\n\n\n<p>Mu\u00f1oz Montejano dijo que en el municipio operan 28 rutas de transporte p\u00fablico,<br>con 300 autobuses, y agreg\u00f3 que de manera diaria se realizan revisiones a fin de<br>que brinden de manera adecuada el servicio a la ciudadan\u00eda.<\/p>\n\n\n\n<p>\u201cLas revisiones son permanentes, y en este regreso a clases se refuerzan para<br>verificar que los concesionarios de transporte cumplan con los recorridos en los<br>tiempos y trayectos establecidos\u201d, dijo.<\/p>\n\n\n\n<p>El director manifest\u00f3 que se cuenta ya con una estrategia para garantizar que a<br>partir del lunes 26 de agosto, d\u00eda en que la mayor parte de la poblaci\u00f3n estudiantil<br>regresa a clases, los transportistas presten el servicio cumpliendo con sus horarios<br>y rutas.<\/p>\n\n\n\n<p>Aclar\u00f3 que a pesar de la disminuci\u00f3n de rutas durante vacaciones, se trabaj\u00f3 en<br>operativos de revisi\u00f3n, a fin de verificar que se diera un servicio eficiente tanto a<br>locales como a visitantes.<\/p>\n\n\n\n<p>Mu\u00f1oz Montejano exhort\u00f3 a la ciudadan\u00eda a presentar sus reportes del servicio de<br>transporte al n\u00famero de contacto 871 500 74 15.<\/p>\n","protected":false},"excerpt":{"rendered":"<p>Torre\u00f3n, Coahuila. A 25 de agosto de 2024. Ante el incremento de la movilidad por el regreso a clases, personal de laDirecci\u00f3n de Transporte P\u00fablico de Torre\u00f3n, supervisa que los choferes deautobuses cumplan con las rutas y horarios establecidos en beneficio de losusuarios. Rodrigo Mu\u00f1oz Montejano, director de la dependencia, dijo que en el periodovacacional, las rutas disminuyen de un 30 a un 50 por ciento en su operatividad,sin embargo,&#8230;<\/p>\n","protected":false},"author":1,"featured_media":22014,"comment_status":"closed","ping_status":"closed","sticky":false,"template":"","format":"standard","meta":{"footnotes":""},"categories":[5,28,7],"tags":[],"class_list":["post-22013","post","type-post","status-publish","format-standard","has-post-thumbnail","hentry","category-coahuila","category-la-laguna","category-torreon","wpcat-5-id","wpcat-28-id","wpcat-7-id"],"_links":{"self":[{"href":"https:\/\/www.aquilaguna.com\/index.php\/wp-json\/wp\/v2\/posts\/22013","targetHints":{"allow":["GET"]}}],"collection":[{"href":"https:\/\/www.aquilaguna.com\/index.php\/wp-json\/wp\/v2\/posts"}],"about":[{"href":"https:\/\/www.aquilaguna.com\/index.php\/wp-json\/wp\/v2\/types\/post"}],"author":[{"embeddable":true,"href":"https:\/\/www.aquilaguna.com\/index.php\/wp-json\/wp\/v2\/users\/1"}],"replies":[{"embeddable":true,"href":"https:\/\/www.aquilaguna.com\/index.php\/wp-json\/wp\/v2\/comments?post=22013"}],"version-history":[{"count":1,"href":"https:\/\/www.aquilaguna.com\/index.php\/wp-json\/wp\/v2\/posts\/22013\/revisions"}],"predecessor-version":[{"id":22015,"href":"https:\/\/www.aquilaguna.com\/index.php\/wp-json\/wp\/v2\/posts\/22013\/revisions\/22015"}],"wp:featuredmedia":[{"embeddable":true,"href":"https:\/\/www.aquilaguna.com\/index.php\/wp-json\/wp\/v2\/media\/22014"}],"wp:attachment":[{"href":"https:\/\/www.aquilaguna.com\/index.php\/wp-json\/wp\/v2\/media?parent=22013"}],"wp:term":[{"taxonomy":"category","embeddable":true,"href":"https:\/\/www.aquilaguna.com\/index.php\/wp-json\/wp\/v2\/categories?post=22013"},{"taxonomy":"post_tag","embeddable":true,"href":"https:\/\/www.aquilaguna.com\/index.php\/wp-json\/wp\/v2\/tags?post=22013"}],"curies":[{"name":"wp","href":"https:\/\/api.w.org\/{rel}","templated":true}]}}