{"id":22047,"date":"2024-08-26T20:46:37","date_gmt":"2024-08-27T02:46:37","guid":{"rendered":"https:\/\/www.aquilaguna.com\/?p=22047"},"modified":"2024-08-26T20:46:37","modified_gmt":"2024-08-27T02:46:37","slug":"con-mas-educacion-mejor-presente-y-futuro-para-las-nuevas-generaciones-manolo","status":"publish","type":"post","link":"https:\/\/www.aquilaguna.com\/index.php\/2024\/08\/26\/con-mas-educacion-mejor-presente-y-futuro-para-las-nuevas-generaciones-manolo\/","title":{"rendered":"CON M\u00c1S EDUCACI\u00d3N MEJOR PRESENTE Y FUTURO PARA LAS NUEVAS GENERACIONES: MANOLO."},"content":{"rendered":"\n<p>\u00b7&nbsp;&nbsp;&nbsp;&nbsp;&nbsp;&nbsp;<strong><em>Desde Piedras Negras, el Gobernador del Estado puso en marcha el ciclo escolar 2024-2025 y arranc\u00f3 la entrega de m\u00e1s de 552 mil paquetes de \u00fatiles escolares y libros de texto gratuitos<\/em><\/strong><\/p>\n\n\n\n<p><strong>Piedras Negras, Coahuila de Zaragoza; a 26 de agosto de 2024.-<\/strong>&nbsp;En la ceremonia con la que se puso en marcha el ciclo escolar 2024-2025 y con la que inici\u00f3 la entrega de m\u00e1s de 552 mil paquetes de \u00fatiles escolares y m\u00e1s de cuatro millones de libros de texto, el gobernador Manolo Jim\u00e9nez Salinas reiter\u00f3 su compromiso con las alumnas y alumnos de todos los niveles, as\u00ed como con todo el sector educativo de Coahuila.<\/p>\n\n\n\n<p>\u201cEstamos con ustedes y con sus familias al cien por ciento\u201d, manifest\u00f3.<\/p>\n\n\n\n<p>&#8220;Desde Piedras Negras estamos dando arranque al ciclo escolar 2024-2025, donde adem\u00e1s entregamos obras a la Escuela Primaria Centenario y detonamos la entrega de paquetes de \u00fatiles escolares gratuitos que llegar\u00e1n a m\u00e1s de medio mill\u00f3n de ni\u00f1as, ni\u00f1os y adolescentes de todas las primarias, preescolares y secundarias p\u00fablicas de Coahuila. Juntos estamos reforzando una de las herramientas m\u00e1s poderosa para prosperar: la educaci\u00f3n&#8221;, destac\u00f3 el gobernador.<\/p>\n\n\n\n<p>Jim\u00e9nez Salinas inform\u00f3 que hoy estar\u00e1n acudiendo a las aulas de todo Coahuila, m\u00e1s de un mill\u00f3n de estudiantes de todos los niveles educativos.<\/p>\n\n\n\n<p>Agradeci\u00f3 a todas y a todos los involucrados en este arranque de ciclo escolar de educaci\u00f3n b\u00e1sica que se est\u00e1 realizando en tiempo y forma: al Magisterio, al personal de la Secretar\u00eda de Educaci\u00f3n, a la federaci\u00f3n, a padres y madres de familia<\/p>\n\n\n\n<p>A las y los maestros de Coahuila les pidi\u00f3 todo su apoyo y compromiso para que, en equipo, se pueda fortalecer la educaci\u00f3n del gran tesoro que tenemos aqu\u00ed en Coahuila, que son las nuevas generaciones.<\/p>\n\n\n\n<p>Reconoci\u00f3 el gran trabajo que ha realizado el equipo de la Secretar\u00eda de Educaci\u00f3n, que dijo, tienen varios meses planeando la gran estrategia Impulso Educativo y que tiene que ver con 10 ejes de acci\u00f3n para mejorar la educaci\u00f3n de ni\u00f1as, ni\u00f1os, j\u00f3venes y adolescentes de Coahuila.<\/p>\n\n\n\n<p>\u201cA las ni\u00f1as y a los ni\u00f1os aqu\u00ed presentes, hay que echarle ganas a la escuela porque de ah\u00ed pueden venir sue\u00f1os muy interesantes, y nosotros estamos trabajando para que, despu\u00e9s de la primaria, puedan ir a la secundaria, a la preparatoria y a la Universidad; y que despu\u00e9s de ah\u00ed tengan trabajo; porque eso es lo m\u00e1s importante y es lo que m\u00e1s quiere una chava o un chavo que va terminando la prepa t\u00e9cnica o la universidad, conseguir una buena chamba\u201d, expres\u00f3, al tiempo de recordar que las giras de promoci\u00f3n que se est\u00e1n realizando, como la reciente en el Estado de Texas es para atraer m\u00e1s y mejores empleos.<\/p>\n\n\n\n<p>El gobernador Manolo Jim\u00e9nez destac\u00f3 que su administraci\u00f3n tiene muy claro, desde hace mucho tiempo, que cuando se trabaja en equipo se dan mejores resultados.<\/p>\n\n\n\n<p>Emanuel Garza Fishburn, secretario de Educaci\u00f3n, inform\u00f3 que hoy m\u00e1s de 640 mil alumnos y alumnas est\u00e1n arrancando el ciclo escolar 2024-2025 en educaci\u00f3n b\u00e1sica, en m\u00e1s de cuatro mil 800 escuelas y con el apoyo de m\u00e1s de 30 mil maestras y maestros.<\/p>\n\n\n\n<p>Indic\u00f3 que la entrega de \u00fatiles escolares y libros de texto gratuitos se da dentro del eje Equidad Educativa, de la estrategia Impulso Educativo.<\/p>\n\n\n\n<p>Por su parte Norma Trevi\u00f1o Galindo, presidenta municipal de Piedras Negras en su mensaje expres\u00f3 que la educaci\u00f3n es un derecho de las ni\u00f1as, ni\u00f1os y adolescentes, y que en Coahuila tenemos un gobernador que le invierte recursos para facilitarles su acceso y para apoyar a los padres de familia para que sus hijos contin\u00faen sus estudios.<\/p>\n\n\n\n<p>Adem\u00e1s, agradeci\u00f3 el apoyo del gobernador Manolo Jim\u00e9nez en la construcci\u00f3n de la techumbre que hoy se entreg\u00f3 a esta escuela Centenario.<\/p>\n\n\n\n<p>A nombre de las y los alumnos de Piedras Negras y de Coahuila, Santiago S\u00e1nchez Arizta, mencion\u00f3 sentirse contento y emocionado, al igual que sus compa\u00f1eros, al regresar a sus escuelas, por lo que agradeci\u00f3 al gobernador Manolo Jim\u00e9nez por todo su apoyo para los alumnos de todo Coahuila.<\/p>\n\n\n\n<p>En este ceremonia estuvieron presentes, adem\u00e1s, Gabriel Elizondo P\u00e9rez, coordinador general de Mejora Coahuila; Sonia Villarreal P\u00e9rez, subsecretaria de Gobierno en la regi\u00f3n Norte; Guillermo Ruiz Guerra, diputado local; Everardo Padr\u00f3n Garc\u00eda, secretario general de la Secci\u00f3n 5; Arturo D\u00edaz Gonz\u00e1lez, secretario general de la Secci\u00f3n 35; Isela Licerio Luevano, secretaria general de la Secci\u00f3n 38; Magaly Hern\u00e1ndez Aguirre, diputada presidenta de la Comisi\u00f3n de Educaci\u00f3n del Congreso del Estado; Jorge Alberto Salcido Portillo, subsecretario de Educaci\u00f3n B\u00e1sica; Gina Marisol Valdez Maldonado, encargada de la Escuela Centenario; Adriana Placencia D\u00edaz, directora general de educaci\u00f3n Tecnol\u00f3gica, Agropecuaria y Ciencias del Mar federal.<\/p>\n","protected":false},"excerpt":{"rendered":"<p>\u00b7&nbsp;&nbsp;&nbsp;&nbsp;&nbsp;&nbsp;Desde Piedras Negras, el Gobernador del Estado puso en marcha el ciclo escolar 2024-2025 y arranc\u00f3 la entrega de m\u00e1s de 552 mil paquetes de \u00fatiles escolares y libros de texto gratuitos Piedras Negras, Coahuila de Zaragoza; a 26 de agosto de 2024.-&nbsp;En la ceremonia con la que se puso en marcha el ciclo escolar 2024-2025 y con la que inici\u00f3 la entrega de m\u00e1s de 552 mil paquetes de&#8230;<\/p>\n","protected":false},"author":1,"featured_media":22048,"comment_status":"closed","ping_status":"closed","sticky":false,"template":"","format":"standard","meta":{"footnotes":""},"categories":[5,9,15],"tags":[],"class_list":["post-22047","post","type-post","status-publish","format-standard","has-post-thumbnail","hentry","category-coahuila","category-educacion","category-gobierno-de-coahuila","wpcat-5-id","wpcat-9-id","wpcat-15-id"],"_links":{"self":[{"href":"https:\/\/www.aquilaguna.com\/index.php\/wp-json\/wp\/v2\/posts\/22047","targetHints":{"allow":["GET"]}}],"collection":[{"href":"https:\/\/www.aquilaguna.com\/index.php\/wp-json\/wp\/v2\/posts"}],"about":[{"href":"https:\/\/www.aquilaguna.com\/index.php\/wp-json\/wp\/v2\/types\/post"}],"author":[{"embeddable":true,"href":"https:\/\/www.aquilaguna.com\/index.php\/wp-json\/wp\/v2\/users\/1"}],"replies":[{"embeddable":true,"href":"https:\/\/www.aquilaguna.com\/index.php\/wp-json\/wp\/v2\/comments?post=22047"}],"version-history":[{"count":1,"href":"https:\/\/www.aquilaguna.com\/index.php\/wp-json\/wp\/v2\/posts\/22047\/revisions"}],"predecessor-version":[{"id":22049,"href":"https:\/\/www.aquilaguna.com\/index.php\/wp-json\/wp\/v2\/posts\/22047\/revisions\/22049"}],"wp:featuredmedia":[{"embeddable":true,"href":"https:\/\/www.aquilaguna.com\/index.php\/wp-json\/wp\/v2\/media\/22048"}],"wp:attachment":[{"href":"https:\/\/www.aquilaguna.com\/index.php\/wp-json\/wp\/v2\/media?parent=22047"}],"wp:term":[{"taxonomy":"category","embeddable":true,"href":"https:\/\/www.aquilaguna.com\/index.php\/wp-json\/wp\/v2\/categories?post=22047"},{"taxonomy":"post_tag","embeddable":true,"href":"https:\/\/www.aquilaguna.com\/index.php\/wp-json\/wp\/v2\/tags?post=22047"}],"curies":[{"name":"wp","href":"https:\/\/api.w.org\/{rel}","templated":true}]}}